{"id":461036,"date":"2025-10-13T23:41:15","date_gmt":"2025-10-13T23:41:15","guid":{"rendered":"https:\/\/www.europesays.com\/fr\/461036\/"},"modified":"2025-10-13T23:41:15","modified_gmt":"2025-10-13T23:41:15","slug":"au-proces-de-cedric-jubillar-des-mensonges-delayes-dans-de-lincoherence","status":"publish","type":"post","link":"https:\/\/www.europesays.com\/fr\/461036\/","title":{"rendered":"Au proc\u00e8s de C\u00e9dric Jubillar, des mensonges d\u00e9lay\u00e9s dans de l\u2019incoh\u00e9rence"},"content":{"rendered":"<p>\n    <strong>COMPTE RENDU D\u2019AUDIENCE<\/strong> &#8211; Longuement interrog\u00e9 vendredi et lundi, le plaquiste tarnais accus\u00e9 du meurtre de sa femme, a livr\u00e9 des r\u00e9ponses le plus souvent d\u00e9nu\u00e9es de toute cr\u00e9dibilit\u00e9.<\/p>\n<p class=\"fig-paragraph\">On se fatigue \u00e0 regarder\u00a0<a href=\"https:\/\/www.lefigaro.fr\/faits-divers\/en-direct-proces-de-cedric-jubillar-suivez-l-ultime-interrogatoire-de-l-accuse-20251010\" data-fig-type=\"Live\" data-gtm-custom-categorie=\"navigation\" data-gtm-custom-action=\"crossclick\" data-gtm-custom-label=\"Contextuel\" data-gtm-event=\"customEventSPE\" data-fig-domain=\"LEFIGARO\" rel=\"nofollow noopener\" target=\"_blank\">C\u00e9dric Jubillar<\/a>\u00a0tellement il gigote. Tant\u00f4t cycliste escaladant le Tourmalet en danseuse, tant\u00f4t footballeur jonglant avec un ballon invisible, tant\u00f4t nageur de box vitr\u00e9 lanc\u00e9 dans un 200 m\u00e8tres papillon, son corps tressaute, ondule ou rue. Mais jamais il n\u2019est en repos. Les deux demi-journ\u00e9es d\u2019interrogatoire r\u00e9capitulatif qui se sont achev\u00e9es lundi ont \u00e9t\u00e9 p\u00e9nibles pour lui et pour l\u2019auditoire.<\/p>\n<p class=\"fig-paragraph\">Le verdict est attendu vendredi aux assises du Tarn. Le peintre plaquiste de 38 ans r\u00e9pond depuis le 22 septembre du meurtre de son \u00e9pouse\u00a0<a href=\"https:\/\/www.lefigaro.fr\/faits-divers\/en-direct-proces-de-cedric-jubillar-suivez-cette-nouvelle-journee-d-audience-20251007\" data-fig-type=\"Live\" data-gtm-custom-categorie=\"navigation\" data-gtm-custom-action=\"crossclick\" data-gtm-custom-label=\"Contextuel\" data-gtm-event=\"customEventSPE\" data-fig-domain=\"LEFIGARO\" rel=\"nofollow noopener\" target=\"_blank\">Delphine<\/a>, 33 ans, dans la nuit du 15 au 16 d\u00e9cembre 2020, \u00e0 leur domicile de Cagnac-les-Mines. Il nie. Et tandis que sa carcasse de 1,66 m\u00e8tre semble le jouet de quelque danse de Saint Guy, il parle. L\u2019\u00e9couter, aussi, \u00e9puise.<\/p>\n<p class=\"fig-paragraph\">Si M. Jubillar a mis sciemment au point une strat\u00e9gie de langage, on pourrait dire qu\u2019il noie les mensonges dans de l\u2019incoh\u00e9rence pour livrer un discours tour \u00e0 tour insipide, d\u00e9routant ou r\u00e9voltant. On le d\u00e9peint\u2026<\/p>\n<p class=\"fig-premium-paywall__infos\">\n        Cet article est r\u00e9serv\u00e9 aux abonn\u00e9s.        Il vous reste 89% \u00e0 d\u00e9couvrir.\n    <\/p>\n<p>                <img  data- alt=\"Le Figaro\" class=\"fig-img--complete fig-img\"\/><\/p>\n<p class=\"fig-premium-paywall__title\">J-100, Le Figaro f\u00eate ses 200 ans<\/p>\n<p class=\"fig-premium-paywall__subtitle\">Offre anniversaire : 2\u20ac\/mois pendant 200 semaines<\/p>\n<p class=\"fig-premium-paywall__connect\">\n                D\u00e9j\u00e0 abonn\u00e9\u00a0?                <a class=\"fig-premium-paywall__connect-link\" href=\"https:\/\/connect.lefigaro.fr\/login?client=horizon_web&amp;type=main&amp;redirect_uri=https%3A%2F%2Fwww.lefigaro.fr%2Factualite-france%2Fcedric-jubillar-des-mensonges-delayes-dans-de-l-incoherence-20251013\" data-js-gtm=\"{&quot;customCategorie&quot;: &quot;conversion&quot;, &quot;customAction&quot;: &quot;before_Landing_Connexion_paywall_auto&quot;, &quot;customLabel&quot;: &quot;bGVmaWdhcm8uZnJfXzFmMGE4NTEyLWIxNzktNjk1Ni1hMGY5LTFiMDA2MmU1MGVmNV9fQXJ0aWNsZQ==_Au proc\u00e8s de C\u00e9dric Jubillar, des mensonges d\u00e9lay\u00e9s dans de l\u2019incoh\u00e9rence_211&quot;, &quot;customIDSPE&quot;: &quot;bGVmaWdhcm8uZnJfXzFmMGE4NTEyLWIxNzktNjk1Ni1hMGY5LTFiMDA2MmU1MGVmNV9fQXJ0aWNsZQ==&quot;, &quot;event&quot;: &quot;customEventSPE&quot;}\" rel=\"nofollow noopener\" target=\"_blank\"><br \/>\n                    Connectez-vous<br \/>\n                <\/a>\n            <\/p>\n","protected":false},"excerpt":{"rendered":"COMPTE RENDU D\u2019AUDIENCE &#8211; Longuement interrog\u00e9 vendredi et lundi, le plaquiste tarnais accus\u00e9 du meurtre de sa femme,&hellip;\n","protected":false},"author":2,"featured_media":461037,"comment_status":"","ping_status":"","sticky":false,"template":"","format":"standard","meta":{"footnotes":""},"categories":[2],"tags":[11,7296,33030,33031,1011,27,12,2694,25],"class_list":{"0":"post-461036","1":"post","2":"type-post","3":"status-publish","4":"format-standard","5":"has-post-thumbnail","7":"category-actualites","8":"tag-actualites","9":"tag-albi","10":"tag-cedric-jubillar","11":"tag-delphine-jubillar","12":"tag-fr","13":"tag-france","14":"tag-news","15":"tag-proces","16":"tag-republique-francaise"},"share_on_mastodon":{"url":"https:\/\/pubeurope.com\/@fr\/115369507831682149","error":""},"_links":{"self":[{"href":"https:\/\/www.europesays.com\/fr\/wp-json\/wp\/v2\/posts\/461036","targetHints":{"allow":["GET"]}}],"collection":[{"href":"https:\/\/www.europesays.com\/fr\/wp-json\/wp\/v2\/posts"}],"about":[{"href":"https:\/\/www.europesays.com\/fr\/wp-json\/wp\/v2\/types\/post"}],"author":[{"embeddable":true,"href":"https:\/\/www.europesays.com\/fr\/wp-json\/wp\/v2\/users\/2"}],"replies":[{"embeddable":true,"href":"https:\/\/www.europesays.com\/fr\/wp-json\/wp\/v2\/comments?post=461036"}],"version-history":[{"count":0,"href":"https:\/\/www.europesays.com\/fr\/wp-json\/wp\/v2\/posts\/461036\/revisions"}],"wp:featuredmedia":[{"embeddable":true,"href":"https:\/\/www.europesays.com\/fr\/wp-json\/wp\/v2\/media\/461037"}],"wp:attachment":[{"href":"https:\/\/www.europesays.com\/fr\/wp-json\/wp\/v2\/media?parent=461036"}],"wp:term":[{"taxonomy":"category","embeddable":true,"href":"https:\/\/www.europesays.com\/fr\/wp-json\/wp\/v2\/categories?post=461036"},{"taxonomy":"post_tag","embeddable":true,"href":"https:\/\/www.europesays.com\/fr\/wp-json\/wp\/v2\/tags?post=461036"}],"curies":[{"name":"wp","href":"https:\/\/api.w.org\/{rel}","templated":true}]}}