{"id":461044,"date":"2025-10-13T23:48:12","date_gmt":"2025-10-13T23:48:12","guid":{"rendered":"https:\/\/www.europesays.com\/fr\/461044\/"},"modified":"2025-10-13T23:48:12","modified_gmt":"2025-10-13T23:48:12","slug":"deja-35-000-billets-vendus-pour-le-gp-de-france-motogp-2026","status":"publish","type":"post","link":"https:\/\/www.europesays.com\/fr\/461044\/","title":{"rendered":"D\u00e9j\u00e0 35 000 billets vendus pour le GP de France MotoGP 2026"},"content":{"rendered":"<p>La billetterie du Grand Prix de France moto, ouverte depuis le 7 octobre, explose les compteurs : \u00ab\u00a0plus de 35 000 places ont d\u00e9j\u00e0 \u00e9t\u00e9 r\u00e9serv\u00e9es\u00a0\u00bb, s&rsquo;enthousiasme l&rsquo;organisateur PHA Claude Michy. A ce train-l\u00e0, la course MotoGP fran\u00e7aise va battre son <a class=\"LienMenuTopNoir\" href=\"https:\/\/www.moto-net.com\/article\/gp-de-france-moto-2025-l-edition-de-tous-les-records.html\" target=\"_blank\" rel=\"nofollow noopener\">record de fr\u00e9quentation<\/a> atteint l&rsquo;an dernier avec la <a class=\"LienMenuTopNoir\" href=\"https:\/\/www.moto-net.com\/article\/gp-de-france-moto-2025-l-edition-de-tous-les-records.html\" target=\"_blank\" rel=\"nofollow noopener\">victoire de Johann Zarco<\/a> !<\/p>\n<p>Le GP de France, pr\u00e9vu du 8 au 10 mai 2026 au Mans, propose une promotion jusqu&rsquo;au 16 avril sur le billet enceinte g\u00e9n\u00e9rale : 117 euros les trois jours au lieu de 122 euros. Cette formule comprend l&rsquo;acc\u00e8s au circuit, ses campings, parkings et gradins naturels ainsi qu&rsquo;en tribunes T19 \u00e0 T22 (ligne droite des stands). L&rsquo;\u00e9v\u00e9nement est gratuit pour les moins de 16 ans.\u00a0<\/p>\n<p>\u00a0<img loading=\"lazy\" decoding=\"async\" src=\"https:\/\/www.europesays.com\/fr\/wp-content\/uploads\/2025\/10\/2026-motogp-vente-billets-gp-france.jpg\" width=\"650\" height=\"650\"\/><\/p>\n","protected":false},"excerpt":{"rendered":"La billetterie du Grand Prix de France moto, ouverte depuis le 7 octobre, explose les compteurs : \u00ab\u00a0plus&hellip;\n","protected":false},"author":2,"featured_media":461045,"comment_status":"","ping_status":"","sticky":false,"template":"","format":"standard","meta":{"footnotes":""},"categories":[1413],"tags":[1011,27,1457,1456,60],"class_list":{"0":"post-461044","1":"post","2":"type-post","3":"status-publish","4":"format-standard","5":"has-post-thumbnail","7":"category-moto","8":"tag-fr","9":"tag-france","10":"tag-moto","11":"tag-motocycle","12":"tag-sports"},"share_on_mastodon":{"url":"https:\/\/pubeurope.com\/@fr\/115369535832111722","error":""},"_links":{"self":[{"href":"https:\/\/www.europesays.com\/fr\/wp-json\/wp\/v2\/posts\/461044","targetHints":{"allow":["GET"]}}],"collection":[{"href":"https:\/\/www.europesays.com\/fr\/wp-json\/wp\/v2\/posts"}],"about":[{"href":"https:\/\/www.europesays.com\/fr\/wp-json\/wp\/v2\/types\/post"}],"author":[{"embeddable":true,"href":"https:\/\/www.europesays.com\/fr\/wp-json\/wp\/v2\/users\/2"}],"replies":[{"embeddable":true,"href":"https:\/\/www.europesays.com\/fr\/wp-json\/wp\/v2\/comments?post=461044"}],"version-history":[{"count":0,"href":"https:\/\/www.europesays.com\/fr\/wp-json\/wp\/v2\/posts\/461044\/revisions"}],"wp:featuredmedia":[{"embeddable":true,"href":"https:\/\/www.europesays.com\/fr\/wp-json\/wp\/v2\/media\/461045"}],"wp:attachment":[{"href":"https:\/\/www.europesays.com\/fr\/wp-json\/wp\/v2\/media?parent=461044"}],"wp:term":[{"taxonomy":"category","embeddable":true,"href":"https:\/\/www.europesays.com\/fr\/wp-json\/wp\/v2\/categories?post=461044"},{"taxonomy":"post_tag","embeddable":true,"href":"https:\/\/www.europesays.com\/fr\/wp-json\/wp\/v2\/tags?post=461044"}],"curies":[{"name":"wp","href":"https:\/\/api.w.org\/{rel}","templated":true}]}}