{"id":461046,"date":"2025-10-13T23:49:10","date_gmt":"2025-10-13T23:49:10","guid":{"rendered":"https:\/\/www.europesays.com\/fr\/461046\/"},"modified":"2025-10-13T23:49:10","modified_gmt":"2025-10-13T23:49:10","slug":"f1-nouveau-pilote-chez-ferrari-le-remplacant-de-lewis-hamilton-est-connu","status":"publish","type":"post","link":"https:\/\/www.europesays.com\/fr\/461046\/","title":{"rendered":"F1 &#8211; Nouveau pilote chez Ferrari : Le rempla\u00e7ant de Lewis Hamilton est connu ?"},"content":{"rendered":"<p>                    Arthur Montagne<br \/>\n                        &#8211;<\/p>\n<p>Journaliste<\/p>\n<p>Affam\u00e9 de sport, il a grandi au son des moteurs de Formule 1 et des exploits de Ronaldinho. Aujourd\u2019hui, diplom\u00e9 d&rsquo;un Master de journalisme de sport, il ne rate plus un Grand Prix de F1 ni un match du PSG, ses deux passions et sp\u00e9cialit\u00e9s<\/p>\n<p class=\"heading\">Alors que Lewis Hamilton conna\u00eet une premi\u00e8re saison tr\u00e8s compliqu\u00e9e chez Ferrari, son avenir s&rsquo;inscrit d\u00e9j\u00e0 en pointill\u00e9s chez la Scuderia. D&rsquo;ailleurs plusieurs rumeurs laissent entendre que l&rsquo;\u00e9curie italienne pourrait profiter de la situation d\u00e9licate d&rsquo;Oscar Piastri chez McLaren pour sauter sur l&rsquo;occasion de le recruter.<\/p>\n<p>Arriv\u00e9 en grande pompe chez <strong>Ferrari<\/strong>, <a href=\"https:\/\/le10sport.com\/formule1\/f1-revolution-avec-hamilton-grosse-annonce-chez-ferrari-761119\" target=\"_blank\" rel=\"noopener\">Lewis Hamilton<\/a> ne r\u00e9pond toutefois pas aux attentes suscit\u00e9es par son transfert pr\u00e9sent\u00e9 comme le plus important de l&rsquo;histoire. Par cons\u00e9quent, son avenir au sein de la Scuderia fait d\u00e9j\u00e0 parler et plusieurs rumeurs laissent entendre qu&rsquo;<strong>Oscar Piastri<\/strong> pourrait le remplacer. En effet, bien qu&rsquo;il soit le leader du championnat du monde, le pilote australien ne semble pas b\u00e9n\u00e9ficier du m\u00eame traitement que son co\u00e9quipier <strong>Lando Norris<\/strong> chez <strong>McLaren<\/strong>. Ce qui pourrait pr\u00e9cipiter son d\u00e9part comme le souligne <strong>Lewis Hamilton<\/strong>.<\/p>\n<p>                                            Piastri chez Ferrari, \u00e7a chauffe ?<\/p>\n<p>\u00ab Des rumeurs circulent selon lesquelles Piastri serait m\u00e9content et qu\u2019ils envisageraient d\u00e9j\u00e0, avec son manager, de rejoindre Ferrari. Les gens en parlent beaucoup, et je suis s\u00fbr que c\u2019est pour mettre la pression sur McLaren. Chaque \u00e9quipe a ses favoris, et celui qui est l\u00e0 depuis le plus longtemps, c\u2019est Lando\u00a0\u00bb, assure-t-il dans des propos rapport\u00e9s par Nextgen-auto.com. <\/p>\n<p>                                            \u00abPiastri envisagerait d\u00e9j\u00e0 de rejoindre Ferrari\u00bb<\/p>\n<p><strong>Juan Pablo Montoya<\/strong> revient \u00e9galement sur l&rsquo;\u00e9pisode de Singapour o\u00f9 <strong>Oscar Piastri<\/strong> n&rsquo;\u00e9tait pas pr\u00e9sent sur le podium pour c\u00e9l\u00e9brer le titre constructeurs de <strong>McLaren<\/strong>, \u00e0 l&rsquo;inverse de <strong>Lando Norris<\/strong>. \u00ab Il \u00e9tait clairement en col\u00e8re \u00e0 cause de ce qui s\u2019\u00e9tait pass\u00e9, et Webber doit faire attention \u00e0 ne pas jeter de l\u2019huile sur le feu. On ne peut pas simplement d\u00e9missionner parce que les choses ne se passent pas comme on le souhaite \u00bb, ajoute l&rsquo;ancien pilote <strong>Williams<\/strong>.<\/p>\n","protected":false},"excerpt":{"rendered":"Arthur Montagne &#8211; Journaliste Affam\u00e9 de sport, il a grandi au son des moteurs de Formule 1 et&hellip;\n","protected":false},"author":2,"featured_media":461047,"comment_status":"","ping_status":"","sticky":false,"template":"","format":"standard","meta":{"footnotes":""},"categories":[1412],"tags":[1451,1452,1453,1454,1455,1011,27,60],"class_list":{"0":"post-461046","1":"post","2":"type-post","3":"status-publish","4":"format-standard","5":"has-post-thumbnail","7":"category-f1","8":"tag-f1","9":"tag-formula-1","10":"tag-formula1","11":"tag-formule-1","12":"tag-formule1","13":"tag-fr","14":"tag-france","15":"tag-sports"},"share_on_mastodon":{"url":"https:\/\/pubeurope.com\/@fr\/115369539387013488","error":""},"_links":{"self":[{"href":"https:\/\/www.europesays.com\/fr\/wp-json\/wp\/v2\/posts\/461046","targetHints":{"allow":["GET"]}}],"collection":[{"href":"https:\/\/www.europesays.com\/fr\/wp-json\/wp\/v2\/posts"}],"about":[{"href":"https:\/\/www.europesays.com\/fr\/wp-json\/wp\/v2\/types\/post"}],"author":[{"embeddable":true,"href":"https:\/\/www.europesays.com\/fr\/wp-json\/wp\/v2\/users\/2"}],"replies":[{"embeddable":true,"href":"https:\/\/www.europesays.com\/fr\/wp-json\/wp\/v2\/comments?post=461046"}],"version-history":[{"count":0,"href":"https:\/\/www.europesays.com\/fr\/wp-json\/wp\/v2\/posts\/461046\/revisions"}],"wp:featuredmedia":[{"embeddable":true,"href":"https:\/\/www.europesays.com\/fr\/wp-json\/wp\/v2\/media\/461047"}],"wp:attachment":[{"href":"https:\/\/www.europesays.com\/fr\/wp-json\/wp\/v2\/media?parent=461046"}],"wp:term":[{"taxonomy":"category","embeddable":true,"href":"https:\/\/www.europesays.com\/fr\/wp-json\/wp\/v2\/categories?post=461046"},{"taxonomy":"post_tag","embeddable":true,"href":"https:\/\/www.europesays.com\/fr\/wp-json\/wp\/v2\/tags?post=461046"}],"curies":[{"name":"wp","href":"https:\/\/api.w.org\/{rel}","templated":true}]}}