{"id":461056,"date":"2025-10-13T23:54:24","date_gmt":"2025-10-13T23:54:24","guid":{"rendered":"https:\/\/www.europesays.com\/fr\/461056\/"},"modified":"2025-10-13T23:54:24","modified_gmt":"2025-10-13T23:54:24","slug":"rivages-imaginaire-souvre-a-la-fantasy-avec-evan-winter","status":"publish","type":"post","link":"https:\/\/www.europesays.com\/fr\/461056\/","title":{"rendered":"Rivages\/Imaginaire s\u2019ouvre \u00e0 la fantasy avec Evan Winter"},"content":{"rendered":"<p><a href=\"https:\/\/www.livreshebdo.fr\/article\/limaginaire-de-retour-chez-rivages\" target=\"_blank\" rel=\"nofollow noopener\">Trois ans apr\u00e8s son lancement<\/a>, la collection \u00ab\u00a0Rivages\/Imaginaire\u00a0\u00bb des \u00e9ditions Rivages s\u2019ouvre \u00e0 la fantasy. Elle publiera le 15\u00a0octobre le premier opus de la saga de fantasy africaine La rage des dragons, du Canadien <strong>Evan Winter<\/strong> (traduction de l\u2019anglais par <strong>Cl\u00e9ment Martin<\/strong>).<\/p>\n<p>Dirig\u00e9e par <strong>Valentin Baillehache<\/strong>, \u00ab\u00a0Rivages\/Imaginaire \u00bb publiait jusqu\u2019\u00e0 pr\u00e9sent une offre resserr\u00e9e de romans de science-fiction et fantastiques, souvent d\u2019auteurs \u00e9trangers (le Chinois <strong>Chen Qiufan<\/strong>, l\u2019Am\u00e9ricain <strong>Brian Evenson<\/strong>, les Sud-Cor\u00e9ennes <strong>Kim Bo-young<\/strong> et <strong>Bora Chung<\/strong>\u2026). En trois ans, seuls sept romans ont paru.<\/p>\n<p><strong>D\u2019autres romans de fantasy \u00e0 venir <\/strong><\/p>\n<p>Huiti\u00e8me de la collection, La rage des dragons d\u2019Evan Winter \u00ab\u00a0raconte l\u2019histoire d\u2019un monde pris dans une guerre \u00e9ternelle et du jeune homme qui deviendra le seul espoir de survie de son peuple.\u00a0\u00bb Le roman, qui figure dans la liste des 100 meilleures livres de fantasy de tous les temps selon Time Magazine, s\u2019inscrit dans le sillage de l\u2019afrofuturisme. Il s\u2019est vendu \u00e0 150\u00a0000 exemplaires aux \u00c9tats-Unis. Pour la France, Rivages annonce un premier tirage de 4\u00a0500 exemplaires.<\/p>\n<p>La rage des dragons est la premi\u00e8re saga de fantasy \u00e0 para\u00eetre au sein de \u00ab\u00a0Rivages\/Imaginaire\u00a0\u00bb. Elle marque le d\u00e9but d\u2019une ouverture de la collection \u00e0 d\u2019autres genres que la science-fiction et le fantastique. \u00ab\u00a0Il y aura d\u2019autres titres de fantasy, dont notamment la suite de cette trilogie, mais la collection publiera toujours du fantastique et de la science-fiction\u00a0\u00bb, pr\u00e9cise Rivages, joint par Livres Hebdo.<\/p>\n","protected":false},"excerpt":{"rendered":"Trois ans apr\u00e8s son lancement, la collection \u00ab\u00a0Rivages\/Imaginaire\u00a0\u00bb des \u00e9ditions Rivages s\u2019ouvre \u00e0 la fantasy. Elle publiera le&hellip;\n","protected":false},"author":2,"featured_media":461057,"comment_status":"","ping_status":"","sticky":false,"template":"","format":"standard","meta":{"footnotes":""},"categories":[1357],"tags":[1379,58,59,1011,27,1380],"class_list":{"0":"post-461056","1":"post","2":"type-post","3":"status-publish","4":"format-standard","5":"has-post-thumbnail","7":"category-livres","8":"tag-books","9":"tag-divertissement","10":"tag-entertainment","11":"tag-fr","12":"tag-france","13":"tag-livres"},"share_on_mastodon":{"url":"https:\/\/pubeurope.com\/@fr\/115369559680731487","error":""},"_links":{"self":[{"href":"https:\/\/www.europesays.com\/fr\/wp-json\/wp\/v2\/posts\/461056","targetHints":{"allow":["GET"]}}],"collection":[{"href":"https:\/\/www.europesays.com\/fr\/wp-json\/wp\/v2\/posts"}],"about":[{"href":"https:\/\/www.europesays.com\/fr\/wp-json\/wp\/v2\/types\/post"}],"author":[{"embeddable":true,"href":"https:\/\/www.europesays.com\/fr\/wp-json\/wp\/v2\/users\/2"}],"replies":[{"embeddable":true,"href":"https:\/\/www.europesays.com\/fr\/wp-json\/wp\/v2\/comments?post=461056"}],"version-history":[{"count":0,"href":"https:\/\/www.europesays.com\/fr\/wp-json\/wp\/v2\/posts\/461056\/revisions"}],"wp:featuredmedia":[{"embeddable":true,"href":"https:\/\/www.europesays.com\/fr\/wp-json\/wp\/v2\/media\/461057"}],"wp:attachment":[{"href":"https:\/\/www.europesays.com\/fr\/wp-json\/wp\/v2\/media?parent=461056"}],"wp:term":[{"taxonomy":"category","embeddable":true,"href":"https:\/\/www.europesays.com\/fr\/wp-json\/wp\/v2\/categories?post=461056"},{"taxonomy":"post_tag","embeddable":true,"href":"https:\/\/www.europesays.com\/fr\/wp-json\/wp\/v2\/tags?post=461056"}],"curies":[{"name":"wp","href":"https:\/\/api.w.org\/{rel}","templated":true}]}}