{"id":461063,"date":"2025-10-13T23:58:16","date_gmt":"2025-10-13T23:58:16","guid":{"rendered":"https:\/\/www.europesays.com\/fr\/461063\/"},"modified":"2025-10-13T23:58:16","modified_gmt":"2025-10-13T23:58:16","slug":"les-chercheurs-lont-prouve-ces-personnes-ont-plus-de-risque-davoir-un-cancer-du-pancreas","status":"publish","type":"post","link":"https:\/\/www.europesays.com\/fr\/461063\/","title":{"rendered":"Les chercheurs l&rsquo;ont prouv\u00e9, ces personnes ont plus de risque d&rsquo;avoir un cancer du pancr\u00e9as"},"content":{"rendered":"<p class=\"app_entry_lead\">\n<p>                    <a title=\"\u00a0\u00a9\u00a0123RF\" href=\"https:\/\/www.europesays.com\/fr\/wp-content\/uploads\/2025\/10\/81142257.jpg\" class=\"fancy\"><\/p>\n<p>                            <img loading=\"lazy\" decoding=\"async\" src=\"https:\/\/www.europesays.com\/fr\/wp-content\/uploads\/2025\/10\/81142257.jpg\" alt=\"Les chercheurs l'ont prouv\u00e9, ces personnes ont plus de risque d'avoir un cancer du pancr\u00e9as\" width=\"1500\" height=\"1000\"\/><\/p>\n<p>                    <\/a><\/p>\n<p>                Une \u00e9tude de grande ampleur a fait le point sur l&rsquo;ensemble des facteurs de risque du pancr\u00e9as. Si certains \u00e9taient d\u00e9j\u00e0 connus ou suspect\u00e9s, elle en a identifi\u00e9 des nouveaux.<\/p>\n<p>Le cancer du pancr\u00e9as est le 4e cancer le plus fr\u00e9quent chez les femmes comme les hommes en France.\u00a0En 2023, pr\u00e8s de 16\u00a0000 nouveaux cas ont \u00e9t\u00e9 diagnostiqu\u00e9s.\u00a0Il est de plus en plus fr\u00e9quent, en particulier chez les femmes (+\u00a02\u00a0%\u00a0par an), et \u00e9galement de fa\u00e7on inqui\u00e9tante chez les moins de 50\u00a0ans. Le cancer du pancr\u00e9as est aussi l&rsquo;un des plus meurtriers, avec pr\u00e8s de 13\u00a0000\u00a0d\u00e9c\u00e8s par an.\u00a0Mieux conna\u00eetre les facteurs de risque de ce cancer est un des enjeux essentiels pour r\u00e9duire \u00e0 la fois son incidence et sa mortalit\u00e9.<\/p>\n<p>Une vaste \u00e9tude r\u00e9cemment publi\u00e9e dans <a href=\"https:\/\/www.thelancet.com\/journals\/eclinm\/article\/PIIS2589-5370%2825%2900229-9\/fulltext?dgcid=raven_jbs_etoc_email#sec-4\" target=\"_blank\" rel=\"noopener\">The Lancet<\/a> a justement fait le point sur l&rsquo;ensemble de ces facteurs de risque.\u00a0Cette revue a analys\u00e9 365\u00a0m\u00e9ta-analyses &#8211; des synth\u00e8ses de plusieurs \u00e9tudes &#8211; portant sur un total de plus de 2,2 millions de cas de cancers du pancr\u00e9as.\u00a0Sur 80\u00a0facteurs potentiels, 38\u00a0ont \u00e9t\u00e9 \u00ab\u00a0associ\u00e9s \u00e0 un risque accru de cancer du pancr\u00e9as\u00a0\u00bb, certains ayant plus d&rsquo;impact que d&rsquo;autres.\u00a0Ils ont \u00e9galement identifi\u00e9 des facteurs protecteurs.\u00a0<\/p>\n<p><img decoding=\"async\" alt=\"\" src=\"https:\/\/www.europesays.com\/fr\/wp-content\/uploads\/2025\/10\/81145246.jpg\"\/><br \/>\n\u00a9\u00a0123RF<\/p>\n<p>Parmi les facteurs qui augmentent le plus le risque, les chercheurs ont confirm\u00e9 le lien entre le cancer du pancr\u00e9as et plusieurs maladies, comme la pancr\u00e9atite chronique.\u00a0Ils ont \u00e9galement identifi\u00e9 que les personnes\u00a0\u00ab\u00a0atteintes de maladies h\u00e9patiques auto-immunes, les porteurs de mutations du g\u00e8ne BRCA, les patients co-infect\u00e9s par l&rsquo;h\u00e9patite B et C et les diab\u00e9tiques n\u00e9cessitant de l&rsquo;insuline\u00a0\u00bb pr\u00e9sentent \u00ab\u00a0un risque \u00e9lev\u00e9 de cancer du pancr\u00e9as\u00a0\u00bb. Leur \u00e9tude sugg\u00e8re \u00e9galement que \u00ab\u00a0les ant\u00e9c\u00e9dents familiaux de cancer du pancr\u00e9as\u00a0conf\u00e8rent une augmentation \u00e9lev\u00e9e plut\u00f4t que mod\u00e9r\u00e9e du risque\u00a0\u00bb.\u00a0<\/p>\n<p>Ensuite, les chercheurs ont confirm\u00e9 le diab\u00e8te et le tabagisme comme \u00ab\u00a0facteurs associ\u00e9s \u00e0 une augmentation mod\u00e9r\u00e9e du risque de cancer du pancr\u00e9as\u00a0\u00bb.\u00a0Ils en ont \u00e9galement \u00ab\u00a0identifi\u00e9 7\u00a0nouveaux\u00a0\u00bb :\u00a0les maladies inflammatoires de l&rsquo;intestin, la st\u00e9atose h\u00e9patique non alcoolique, une mauvaise sant\u00e9 bucco-dentaire, la tuberculose, le fait d&rsquo;avoir re\u00e7u une greffe d&rsquo;organe solide, un taux \u00e9lev\u00e9 de gamma-glutamyl transf\u00e9rase s\u00e9rique et l&rsquo;utilisation de m\u00e9dicaments inhibiteurs de la pompe \u00e0 protons.\u00a0<\/p>\n<p>Enfin, concernant les facteurs qui augmentent l\u00e9g\u00e8rement le risque, les chercheurs ont confirm\u00e9 la consommation excessive d&rsquo;alcool, l&rsquo;augmentation du tour de taille et le groupe sanguin O. Ils ont ajout\u00e9 12 nouveaux facteurs de risque \u00e0 cette liste, dont l&rsquo;augmentation de l&rsquo;IMC, l&rsquo;hypertension, l&rsquo;apn\u00e9e du sommeil, la maladie\u00a0c\u0153liaque, le pr\u00e9diab\u00e8te, la st\u00e9atose h\u00e9patique non alcoolique ou encore la consommation d&rsquo;antibiotiques ou de benzodiaz\u00e9pines.\u00a0<\/p>\n<p>\u00c9tant donn\u00e9 que beaucoup de ces facteurs de risque sont \u00e9vitables, le risque d&rsquo;avoir un cancer du pancr\u00e9as peut donc \u00eatre r\u00e9duit de fa\u00e7on notable.\u00a0Les chercheurs ont aussi sugg\u00e9r\u00e9 de nouveaux facteurs protecteurs : les allergies, la chirurgie bariatrique, le fait d&rsquo;avoir des enfants, ainsi que certains traitements comme la metformine (un m\u00e9dicament contre le diab\u00e8te), les statines, l&rsquo;aspirine ou la pilule contraceptive.<\/p>\n","protected":false},"excerpt":{"rendered":"Une \u00e9tude de grande ampleur a fait le point sur l&rsquo;ensemble des facteurs de risque du pancr\u00e9as. Si&hellip;\n","protected":false},"author":2,"featured_media":461064,"comment_status":"","ping_status":"","sticky":false,"template":"","format":"standard","meta":{"footnotes":""},"categories":[10],"tags":[58569,51761,51763,1011,27,72,51979,2778,51767,71],"class_list":{"0":"post-461063","1":"post","2":"type-post","3":"status-publish","4":"format-standard","5":"has-post-thumbnail","7":"category-sante","8":"tag-cms-linternaute-8956485","9":"tag-controller-content","10":"tag-format-papier","11":"tag-fr","12":"tag-france","13":"tag-health","14":"tag-les-histoires-de-linternaute","15":"tag-maladies","16":"tag-parallaxeinfeed","17":"tag-sante"},"share_on_mastodon":{"url":"https:\/\/pubeurope.com\/@fr\/115369576205414783","error":""},"_links":{"self":[{"href":"https:\/\/www.europesays.com\/fr\/wp-json\/wp\/v2\/posts\/461063","targetHints":{"allow":["GET"]}}],"collection":[{"href":"https:\/\/www.europesays.com\/fr\/wp-json\/wp\/v2\/posts"}],"about":[{"href":"https:\/\/www.europesays.com\/fr\/wp-json\/wp\/v2\/types\/post"}],"author":[{"embeddable":true,"href":"https:\/\/www.europesays.com\/fr\/wp-json\/wp\/v2\/users\/2"}],"replies":[{"embeddable":true,"href":"https:\/\/www.europesays.com\/fr\/wp-json\/wp\/v2\/comments?post=461063"}],"version-history":[{"count":0,"href":"https:\/\/www.europesays.com\/fr\/wp-json\/wp\/v2\/posts\/461063\/revisions"}],"wp:featuredmedia":[{"embeddable":true,"href":"https:\/\/www.europesays.com\/fr\/wp-json\/wp\/v2\/media\/461064"}],"wp:attachment":[{"href":"https:\/\/www.europesays.com\/fr\/wp-json\/wp\/v2\/media?parent=461063"}],"wp:term":[{"taxonomy":"category","embeddable":true,"href":"https:\/\/www.europesays.com\/fr\/wp-json\/wp\/v2\/categories?post=461063"},{"taxonomy":"post_tag","embeddable":true,"href":"https:\/\/www.europesays.com\/fr\/wp-json\/wp\/v2\/tags?post=461063"}],"curies":[{"name":"wp","href":"https:\/\/api.w.org\/{rel}","templated":true}]}}