{"id":461075,"date":"2025-10-14T00:04:11","date_gmt":"2025-10-14T00:04:11","guid":{"rendered":"https:\/\/www.europesays.com\/fr\/461075\/"},"modified":"2025-10-14T00:04:11","modified_gmt":"2025-10-14T00:04:11","slug":"tu-te-fais-discret-aujourdhui-quand-donald-trump-chambre-emmanuel-macron-et-complimente-giorgia-meloni","status":"publish","type":"post","link":"https:\/\/www.europesays.com\/fr\/461075\/","title":{"rendered":"\u00ab\u00a0Tu te fais discret aujourd\u2019hui\u00a0\u00bb\u00a0: quand Donald Trump chambre Emmanuel Macron et complimente Giorgia Meloni"},"content":{"rendered":"<p class=\"paragraph text_align_left lp-f-body-02\">Donald Trump aime rappeler \u00e0 tous qu\u2019il est parfois un showman ! Et cette fois, c\u2019est Emmanuel Macron qui en a fait les frais dans un nouvel \u00e9pisode de la <a href=\"https:\/\/www.leparisien.fr\/international\/cest-un-fute-complicite-compliments-le-retour-de-la-bromance-entre-donald-trump-et-emmanuel-macron-24-02-2025-EBWJ6VK5K5EPBNUZVBRXVJOHQQ.php\" target=\"_self\" rel=\"nofollow noopener\">bromance entre les deux pr\u00e9sidents<\/a>. La blague est donc cette fois sortie de la bouche du pr\u00e9sident am\u00e9ricain. En plein discours, le milliardaire remercie le chef d\u2019\u00c9tat fran\u00e7ais et il se retourne pour le chercher du regard\u2026 Sans le trouver. \u00ab O\u00f9 est-il ? \u00bb, demande Donald Trump.<\/p>\n<p class=\"paragraph text_align_left lp-f-body-02\">Derri\u00e8re le pr\u00e9sident am\u00e9ricain, se trouvent le pr\u00e9sident du Conseil italien <a href=\"https:\/\/www.leparisien.fr\/politique\/litalienne-giorgia-meloni-espere-larrivee-dun-gouvernement-conservateur-en-france-20-09-2025-G5NHGM5KEFFUDFQW7DK23R26JU.php\" target=\"_blank\" rel=\"noreferrer nofollow noopener\">Giorgia Meloni<\/a>, le Premier ministre du Royaume-Uni Keir Starmer ou encore le secr\u00e9taire g\u00e9n\u00e9ral des Nations unies Antonio Guterres. Mais le pr\u00e9sident fran\u00e7ais n\u2019est pas l\u00e0 : \u00ab J\u2019imaginais qu\u2019Emmanuel Macron \u00e9tait quelque part derri\u00e8re moi \u00bb, dit alors Donald Trump.<\/p>\n<blockquote class=\"twitter-tweet\">\n<p lang=\"fr\" dir=\"ltr\">\ud83d\udd34\ud83d\udcb8 ALERTE : Donald Trump humilie Macron devant le monde entier EN DIRECT.<\/p>\n<p>\u00ab\u00a0Merci beaucoup Emmanuel ! J\u2019imaginais Emmanuel debout quelque part derri\u00e8re moi. Je n\u2019arrive pas \u00e0 y croire que tu adoptes une approche discr\u00e8te aujourd\u2019hui !\u00a0\u00bb (Clash Report)<\/p>\n<p>Le public \u00e9clate de rire. <a href=\"https:\/\/t.co\/0Dl5AE3nqN\" rel=\"nofollow\">pic.twitter.com\/0Dl5AE3nqN<\/a><\/p>\n<p>\u2014 Sir \ud835\udd4f (@SirAfuera) <a href=\"https:\/\/twitter.com\/SirAfuera\/status\/1977790623261319213?ref_src=twsrc%5Etfw\" rel=\"nofollow noopener\" target=\"_blank\">October 13, 2025<\/a><\/p><\/blockquote>\n<p class=\"paragraph text_align_left lp-f-body-02\">Les chefs d\u2019\u00c9tat pr\u00e9sents montrent alors \u00e0 Donald Trump o\u00f9 se trouve Emmanuel Macron, qui n\u2019\u00e9tait pas sur sc\u00e8ne. Et le pr\u00e9sident am\u00e9ricain l\u00e2che : \u00ab Je n\u2019arrive pas \u00e0 croire que tu te fais discret aujourd\u2019hui \u00bb, au point d\u2019amuser toute la myriade de responsables politique derri\u00e8re lui entour\u00e9s de leur drapeau.<\/p>\n<p class=\"paragraph text_align_left lp-f-body-02\">Donald Trump et Emmanuel Macron ont \u00e9galement eu l\u2019occasion de reproduire leur poign\u00e9e de main virile <a href=\"https:\/\/www.leparisien.fr\/international\/reception-de-trump-et-abbas-entretiens-et-signature-de-laccord-de-paix-le-riche-programme-du-sommet-en-egypte-13-10-2025-QYXX44TN3ZFFTMKQ5RSUGRLPIM.php\" target=\"_blank\" rel=\"noreferrer nofollow noopener\">\u00e0 l\u2019occasion du grand sommet autour du pr\u00e9sident am\u00e9ricain<\/a> sur l\u2019avenir de la bande de Gaza, en \u00c9gypte. Pendant presque trente secondes les deux dirigeants ont donc jou\u00e9 au bras de fer.<\/p>\n<p>\u00ab C\u2019est une belle jeune femme \u00bb<\/p>\n<p class=\"paragraph text_align_left lp-f-body-02\">\u00c0 ce sommet, Donald Trump a vant\u00e9 l\u2019apparence physique de la cheffe du gouvernement italien Giorgia Meloni, seule femme parmi les dirigeants pr\u00e9sents \u00e0 ses c\u00f4t\u00e9s : \u00ab Je n\u2019ai pas le droit de le dire, parce que normalement c\u2019est la fin de votre carri\u00e8re si vous le dites, mais c\u2019est une belle jeune femme \u00bb, a dit le pr\u00e9sident am\u00e9ricain.<\/p>\n<blockquote class=\"twitter-tweet\">\n<p lang=\"en\" dir=\"ltr\">Trump calls Italian Prime Minister Meloni \u00ab\u00a0beautiful\u00a0\u00bb and says calling a woman beautiful in the U.S. is the \u00ab\u00a0end of your political career.\u00a0\u00bb<\/p>\n<p>\u00ab\u00a0I&rsquo;ll take my chances.\u00a0\u00bb\ud83d\ude02 <a href=\"https:\/\/t.co\/nNdpaIhfd9\" rel=\"nofollow\">pic.twitter.com\/nNdpaIhfd9<\/a><\/p>\n<p>\u2014 Daily Wire (@realDailyWire) <a href=\"https:\/\/twitter.com\/realDailyWire\/status\/1977787015740658082?ref_src=twsrc%5Etfw\" rel=\"nofollow noopener\" target=\"_blank\">October 13, 2025<\/a><\/p><\/blockquote>\n<p class=\"paragraph text_align_left lp-f-body-02\">\u00ab Je prends le risque \u00bb, a encore dit le dirigeant r\u00e9publicain de 79 ans, en cherchant du regard Giorgia Meloni, 48 ans : \u00ab O\u00f9 est-elle ? Cela ne vous d\u00e9range pas que je dise que vous \u00eates belle ? Parce que c\u2019est vrai. \u00bb \u00ab Elle est tr\u00e8s respect\u00e9e en Italie. C\u2019est une responsable politique tr\u00e8s performante \u00bb, a encore d\u00e9clar\u00e9 Donald Trump.<\/p>\n<p class=\"paragraph text_align_left lp-f-body-02\">Debout juste derri\u00e8re lui, la cheffe du gouvernement italien s\u2019est content\u00e9e de sourire. Le pr\u00e9sident am\u00e9ricain est <a href=\"https:\/\/www.leparisien.fr\/international\/royaume-uni\/donald-trump-est-raciste-misogyne-et-islamophobe-la-contre-attaque-du-maire-de-londres-sadiq-khan-24-09-2025-YQUPGV24JNH7ZNJM4VGWTNCNLI.php\" target=\"_blank\" rel=\"noreferrer nofollow noopener\">connu pour prof\u00e9rer des remarques sexistes<\/a>, parfois extr\u00eamement crues, sans que cela n\u2019ait fait d\u00e9railler sa carri\u00e8re politique. En 2016, il avait \u00e9t\u00e9 \u00e9lu pour la premi\u00e8re fois un mois apr\u00e8s la publication d\u2019une ancienne vid\u00e9o dans laquelle il se vantait d\u2019utiliser sa c\u00e9l\u00e9brit\u00e9 pour \u00ab choper (les femmes) par la chatte \u00bb.<\/p>\n<p class=\"paragraph text_align_left lp-f-body-02\">Et Donald Trump ne s\u2019est pas arr\u00eat\u00e9 l\u00e0 : il a \u00e9galement raill\u00e9 Mansour bin Zayed Al Nahyan, vice-pr\u00e9sident des \u00c9mirats arabes unis. \u00ab Ils ont beaucoup d\u2019argent ! De l\u2019argent illimit\u00e9 ! \u00bb, lui a-t-il lanc\u00e9 en lui serrant la main.<\/p>\n<blockquote class=\"twitter-tweet\">\n<p lang=\"fr\" dir=\"ltr\">\ud83c\uddea\ud83c\uddec\ud83c\uddfa\ud83c\uddf8\ud83c\udde6\ud83c\uddea<br \/>Egypte: En voyant Mansour Bin Zayed, le vice-pr\u00e9sident des EAU, Trump a lanc\u00e9: \u00ab\u00a0Beaucoup d\u2019argent. De l\u2019argent illimit\u00e9.\u00a0\u00bb <a href=\"https:\/\/t.co\/3AOYhpMSiR\" rel=\"nofollow\">pic.twitter.com\/3AOYhpMSiR<\/a><\/p>\n<p>\u2014 Restitutor Orientis \ud83c\udde8\ud83c\udded (@restitutorII) <a href=\"https:\/\/twitter.com\/restitutorII\/status\/1977775099777352164?ref_src=twsrc%5Etfw\" rel=\"nofollow noopener\" target=\"_blank\">October 13, 2025<\/a><\/p><\/blockquote>\n<p><script async src=\"https:\/\/platform.twitter.com\/widgets.js\" charset=\"utf-8\"><\/script><\/p>\n","protected":false},"excerpt":{"rendered":"Donald Trump aime rappeler \u00e0 tous qu\u2019il est parfois un showman ! Et cette fois, c\u2019est Emmanuel Macron&hellip;\n","protected":false},"author":2,"featured_media":461076,"comment_status":"","ping_status":"","sticky":false,"template":"","format":"standard","meta":{"footnotes":""},"categories":[4],"tags":[11,1011,27,14,12,25],"class_list":{"0":"post-461075","1":"post","2":"type-post","3":"status-publish","4":"format-standard","5":"has-post-thumbnail","7":"category-france","8":"tag-actualites","9":"tag-fr","10":"tag-france","11":"tag-international","12":"tag-news","13":"tag-republique-francaise"},"share_on_mastodon":{"url":"https:\/\/pubeurope.com\/@fr\/115369598290541675","error":""},"_links":{"self":[{"href":"https:\/\/www.europesays.com\/fr\/wp-json\/wp\/v2\/posts\/461075","targetHints":{"allow":["GET"]}}],"collection":[{"href":"https:\/\/www.europesays.com\/fr\/wp-json\/wp\/v2\/posts"}],"about":[{"href":"https:\/\/www.europesays.com\/fr\/wp-json\/wp\/v2\/types\/post"}],"author":[{"embeddable":true,"href":"https:\/\/www.europesays.com\/fr\/wp-json\/wp\/v2\/users\/2"}],"replies":[{"embeddable":true,"href":"https:\/\/www.europesays.com\/fr\/wp-json\/wp\/v2\/comments?post=461075"}],"version-history":[{"count":0,"href":"https:\/\/www.europesays.com\/fr\/wp-json\/wp\/v2\/posts\/461075\/revisions"}],"wp:featuredmedia":[{"embeddable":true,"href":"https:\/\/www.europesays.com\/fr\/wp-json\/wp\/v2\/media\/461076"}],"wp:attachment":[{"href":"https:\/\/www.europesays.com\/fr\/wp-json\/wp\/v2\/media?parent=461075"}],"wp:term":[{"taxonomy":"category","embeddable":true,"href":"https:\/\/www.europesays.com\/fr\/wp-json\/wp\/v2\/categories?post=461075"},{"taxonomy":"post_tag","embeddable":true,"href":"https:\/\/www.europesays.com\/fr\/wp-json\/wp\/v2\/tags?post=461075"}],"curies":[{"name":"wp","href":"https:\/\/api.w.org\/{rel}","templated":true}]}}