{"id":461077,"date":"2025-10-14T00:05:19","date_gmt":"2025-10-14T00:05:19","guid":{"rendered":"https:\/\/www.europesays.com\/fr\/461077\/"},"modified":"2025-10-14T00:05:19","modified_gmt":"2025-10-14T00:05:19","slug":"la-france-a-exfiltre-le-president-rajoelina-parce-quil-est-francais-liberation","status":"publish","type":"post","link":"https:\/\/www.europesays.com\/fr\/461077\/","title":{"rendered":"\u00abLa France a exfiltr\u00e9 le pr\u00e9sident Rajoelina parce qu\u2019il est Fran\u00e7ais\u00bb \u2013 Lib\u00e9ration"},"content":{"rendered":"<p class=\"sc-cPiKLX AiZTS text-element\"><a href=\"https:\/\/www.liberation.fr\/international\/afrique\/a-madagascar-le-president-rajoelina-lache-par-son-armee-20251013_SNPI3S6C5JF65FEUCSVIFTAWDI\/\" target=\"_blank\" rel=\"noreferrer nofollow noopener\" title=\"https:\/\/www.liberation.fr\/international\/afrique\/a-madagascar-le-president-rajoelina-lache-par-son-armee-20251013_SNPI3S6C5JF65FEUCSVIFTAWDI\/\">Le pr\u00e9sident malgache Andry Rajoelina<\/a> aurait \u00e9t\u00e9 exfiltr\u00e9 par un avion militaire fran\u00e7ais, dimanche 12 octobre, assure Radio France Internationale (RFI). Selon Wilfrid Bertile, ancien secr\u00e9taire g\u00e9n\u00e9ral de la Commission de l\u2019oc\u00e9an Indien et conseiller r\u00e9gional \u00e0 La R\u00e9union en charge de la coop\u00e9ration, rien d\u2019\u00e9tonnant \u00e0 cette intervention fran\u00e7aise. <\/p>\n<p class=\"sc-cPiKLX AiZTS text-element\"><a href=\"https:\/\/www.liberation.fr\/international\/afrique\/manifestations-a-madagascar-le-president-andry-rajoelina-denonce-une-tentative-de-coup-detat-20251003_2IHWOZXTDJGHNHCMX5JXWTDBAQ\/\" target=\"_blank\" rel=\"noreferrer nofollow noopener\" title=\"https:\/\/www.liberation.fr\/international\/afrique\/manifestations-a-madagascar-le-president-andry-rajoelina-denonce-une-tentative-de-coup-detat-20251003_2IHWOZXTDJGHNHCMX5JXWTDBAQ\/\">Les \u00e9meutes contre les coupures d\u2019eau<\/a> et d\u2019\u00e9lectricit\u00e9 et contre la corruption g\u00e9n\u00e9ralis\u00e9e qui gangr\u00e8ne Madagascar ont eu raison du pouvoir en place. Alors que la pr\u00e9sidence malgache annon\u00e7ait sur sa page Facebook une intervention d\u2019Andry Rajoelina \u00e0 20h30 locales ce lundi (19h30 en France), le ministre de la S\u00e9curit\u00e9 publique, Aina Randriambelo Mandimbin\u2019ny, a reconnu face \u00e0 l\u2019agence de presse Reu <\/p>\n","protected":false},"excerpt":{"rendered":"Le pr\u00e9sident malgache Andry Rajoelina aurait \u00e9t\u00e9 exfiltr\u00e9 par un avion militaire fran\u00e7ais, dimanche 12 octobre, assure Radio&hellip;\n","protected":false},"author":2,"featured_media":461078,"comment_status":"","ping_status":"","sticky":false,"template":"","format":"standard","meta":{"footnotes":""},"categories":[2],"tags":[11,1011,27,8459,12],"class_list":{"0":"post-461077","1":"post","2":"type-post","3":"status-publish","4":"format-standard","5":"has-post-thumbnail","7":"category-actualites","8":"tag-actualites","9":"tag-fr","10":"tag-france","11":"tag-madagascar","12":"tag-news"},"share_on_mastodon":{"url":"https:\/\/pubeurope.com\/@fr\/115369602082254767","error":""},"_links":{"self":[{"href":"https:\/\/www.europesays.com\/fr\/wp-json\/wp\/v2\/posts\/461077","targetHints":{"allow":["GET"]}}],"collection":[{"href":"https:\/\/www.europesays.com\/fr\/wp-json\/wp\/v2\/posts"}],"about":[{"href":"https:\/\/www.europesays.com\/fr\/wp-json\/wp\/v2\/types\/post"}],"author":[{"embeddable":true,"href":"https:\/\/www.europesays.com\/fr\/wp-json\/wp\/v2\/users\/2"}],"replies":[{"embeddable":true,"href":"https:\/\/www.europesays.com\/fr\/wp-json\/wp\/v2\/comments?post=461077"}],"version-history":[{"count":0,"href":"https:\/\/www.europesays.com\/fr\/wp-json\/wp\/v2\/posts\/461077\/revisions"}],"wp:featuredmedia":[{"embeddable":true,"href":"https:\/\/www.europesays.com\/fr\/wp-json\/wp\/v2\/media\/461078"}],"wp:attachment":[{"href":"https:\/\/www.europesays.com\/fr\/wp-json\/wp\/v2\/media?parent=461077"}],"wp:term":[{"taxonomy":"category","embeddable":true,"href":"https:\/\/www.europesays.com\/fr\/wp-json\/wp\/v2\/categories?post=461077"},{"taxonomy":"post_tag","embeddable":true,"href":"https:\/\/www.europesays.com\/fr\/wp-json\/wp\/v2\/tags?post=461077"}],"curies":[{"name":"wp","href":"https:\/\/api.w.org\/{rel}","templated":true}]}}