{"id":461085,"date":"2025-10-14T00:12:18","date_gmt":"2025-10-14T00:12:18","guid":{"rendered":"https:\/\/www.europesays.com\/fr\/461085\/"},"modified":"2025-10-14T00:12:18","modified_gmt":"2025-10-14T00:12:18","slug":"premier-zero-pointe-pour-les-toulonnais","status":"publish","type":"post","link":"https:\/\/www.europesays.com\/fr\/461085\/","title":{"rendered":"Premier z\u00e9ro point\u00e9 pour les Toulonnais"},"content":{"rendered":"\n<p>Ce d\u00e9placement \u00e0 Clermont, lors de la 6e\u00a0journ\u00e9e de Top 14, figure parmi les matches \u00e0 oublier pour les Rouge et Noir. Ces derniers, pourtant rod\u00e9s sur ce d\u00e9but de saison apr\u00e8s avoir pris 14\u00a0points sur les quatre premi\u00e8res rencontres du championnat, sont compl\u00e8tement pass\u00e9s \u00e0 c\u00f4t\u00e9 de leur match, samedi soir, et ont encaiss\u00e9 leur deuxi\u00e8me d\u00e9faite de la saison (27-10). Mais c\u2019est bien la premi\u00e8re fois qu\u2019ils repartent sans le moindre point, apr\u00e8s l\u2019obtention du bonus d\u00e9fensif \u00e0 Bayonne (35-32, le 28\u00a0septembre). \u00ab\u00a0Il faut d\u00e9j\u00e0 f\u00e9liciter Clermont pour son match\u00a0\u00bb, souligne sportivement Pierre Mignoni, manager du RCT, conscient que ses hommes ont \u00e9t\u00e9 bouscul\u00e9s en conqu\u00eate lors du premier acte. Ils sont repartis au vestiaire en ayant subi trois essais et en accusant 24\u00a0points d\u2019\u00e9cart (27-3).<\/p>\n<p> \u00ab\u00a0Un coup d\u2019arr\u00eat\u00a0\u00bb,<br \/>\n               <br \/>selon Pierre Mignoni\n              <\/p>\n<p>\u00ab\u00a0Nous, on prend trop de cartons jaunes (trois), c\u2019est compliqu\u00e9 quand vous jouez \u00e0 13. On n\u2019entre pas dans une bonne dynamique dans ce match, ils nous attendaient devant et ils ont r\u00e9pondu pr\u00e9sent. Ce n\u2019est pas trop dans nos habitudes, on est vex\u00e9s ce soir (samedi soir), mais c\u2019est comme \u00e7a&#8230; Clermont a fait le job, il n\u2019y a rien \u00e0 dire\u00a0\u00bb, poursuit-il, persuad\u00e9 que ce revers agit comme \u00ab\u00a0un coup d\u2019arr\u00eat, une remise \u00e0 l\u2019heure, une remise en question\u00a0\u00bb.<\/p>\n<p>Ses prot\u00e9g\u00e9s sont ainsi retomb\u00e9s \u00e0 la dixi\u00e8me place au classement, mais ont toujours un match en retard \u00e0 jouer suite \u00e0 l\u2019annulation de la rencontre entre le RCT et le Stade Rochelais. \u00ab\u00a0Ce n\u2019est pas la fin du monde mais il va vite falloir repartir de l\u2019avant car des d\u00e9faites \u00e0 z\u00e9ro point, on n\u2019aime pas trop \u00e7a. Les rotations, ce n\u2019est pas une excuse. L\u2019indiscipline et les fautes de main nous ont emp\u00each\u00e9s d\u2019avoir le momentum, surtout qu\u2019ils ont une grosse conqu\u00eate. Encore une fois, bravo aux Clermontois\u00a0\u00bb, ajoute le technicien varois. Il esp\u00e8re retrouver le chemin de la victoire dimanche, \u00e0 domicile (21h05), avec la r\u00e9ception du Racing 92.<\/p>\n","protected":false},"excerpt":{"rendered":"Ce d\u00e9placement \u00e0 Clermont, lors de la 6e\u00a0journ\u00e9e de Top 14, figure parmi les matches \u00e0 oublier pour&hellip;\n","protected":false},"author":2,"featured_media":461086,"comment_status":"","ping_status":"","sticky":false,"template":"","format":"standard","meta":{"footnotes":""},"categories":[9619],"tags":[1111,11,13151,1777,674,1011,27,12,882,25,2310],"class_list":{"0":"post-461085","1":"post","2":"type-post","3":"status-publish","4":"format-standard","5":"has-post-thumbnail","7":"category-toulon","8":"tag-actu","9":"tag-actualites","10":"tag-camille-kadoum","11":"tag-eu","12":"tag-europe","13":"tag-fr","14":"tag-france","15":"tag-news","16":"tag-provence-alpes-cote-dazur","17":"tag-republique-francaise","18":"tag-toulon"},"share_on_mastodon":{"url":"https:\/\/pubeurope.com\/@fr\/115369629677912572","error":""},"_links":{"self":[{"href":"https:\/\/www.europesays.com\/fr\/wp-json\/wp\/v2\/posts\/461085","targetHints":{"allow":["GET"]}}],"collection":[{"href":"https:\/\/www.europesays.com\/fr\/wp-json\/wp\/v2\/posts"}],"about":[{"href":"https:\/\/www.europesays.com\/fr\/wp-json\/wp\/v2\/types\/post"}],"author":[{"embeddable":true,"href":"https:\/\/www.europesays.com\/fr\/wp-json\/wp\/v2\/users\/2"}],"replies":[{"embeddable":true,"href":"https:\/\/www.europesays.com\/fr\/wp-json\/wp\/v2\/comments?post=461085"}],"version-history":[{"count":0,"href":"https:\/\/www.europesays.com\/fr\/wp-json\/wp\/v2\/posts\/461085\/revisions"}],"wp:featuredmedia":[{"embeddable":true,"href":"https:\/\/www.europesays.com\/fr\/wp-json\/wp\/v2\/media\/461086"}],"wp:attachment":[{"href":"https:\/\/www.europesays.com\/fr\/wp-json\/wp\/v2\/media?parent=461085"}],"wp:term":[{"taxonomy":"category","embeddable":true,"href":"https:\/\/www.europesays.com\/fr\/wp-json\/wp\/v2\/categories?post=461085"},{"taxonomy":"post_tag","embeddable":true,"href":"https:\/\/www.europesays.com\/fr\/wp-json\/wp\/v2\/tags?post=461085"}],"curies":[{"name":"wp","href":"https:\/\/api.w.org\/{rel}","templated":true}]}}