{"id":461087,"date":"2025-10-14T00:13:11","date_gmt":"2025-10-14T00:13:11","guid":{"rendered":"https:\/\/www.europesays.com\/fr\/461087\/"},"modified":"2025-10-14T00:13:11","modified_gmt":"2025-10-14T00:13:11","slug":"madagascar-le-president-appelle-a-respecter-la-constitution","status":"publish","type":"post","link":"https:\/\/www.europesays.com\/fr\/461087\/","title":{"rendered":"Madagascar\u00a0: le pr\u00e9sident appelle \u00e0 \u00ab\u00a0respecter la Constitution\u00a0\u00bb"},"content":{"rendered":"<p>Le pr\u00e9sident malgache, Andry Rajoelina, a appel\u00e9 lundi 13\u00a0octobre \u00e0<strong> \u00ab\u00a0respecter la Constitution en vigueur\u00a0\u00bb<\/strong> lors de sa premi\u00e8re prise de parole diffus\u00e9e depuis le ralliement de militaires aux manifestants contestant le pouvoir au cours du weekend.<\/p>\n<p><strong>Lire aussi\u00a0: <\/strong> <a href=\"https:\/\/www.ouest-france.fr\/monde\/madagascar\/video-madagascar-les-mobilisations-prennent-de-l-ampleur-le-president-sous-pression-99343660-d69e-4cb7-b106-21f4021b93c8\" target=\"_blank\" rel=\"noopener\">VID\u00c9O. Madagascar\u00a0: les mobilisations prennent de l\u2019ampleur, le pr\u00e9sident sous pression<\/a><\/p>\n<p>Lors de ce direct diffus\u00e9 sur les r\u00e9seaux sociaux mais pas \u00e0 la t\u00e9l\u00e9vision publique malgache, Andry Rajoelina <a href=\"https:\/\/rennes.maville.com\/actu\/actudet_-madagascar-le-president-doit-s-exprimer-ce-lundi-soir-les-manifestants-esperent-sa-demission-_54135-7018112_actu.Htm\" target=\"_blank\" rel=\"noopener\">s\u2019est dit lundi<\/a> dans un<strong> \u00ab\u00a0lieu s\u00fbr\u00a0\u00bb<\/strong> apr\u00e8s une <strong>\u00ab\u00a0tentative de meurtre\u00a0\u00bb<\/strong>, sans plus de pr\u00e9cisions <a href=\"https:\/\/rennes.maville.com\/actu\/actudet_-a-madagascar-le-president-andry-rajoelina-s-est-eclipse-_54135-7018663_actu.Htm\" target=\"_blank\" rel=\"noopener\">sur sa localisation<\/a>.<\/p>\n<p><strong>\u00ab\u00a0Il n\u2019y a qu\u2019une seule issue pour r\u00e9soudre ces probl\u00e8mes, c\u2019est de respecter la Constitution en vigueur dans le pays\u00a0\u00bb<\/strong>, a-t-il affirm\u00e9, rejetant de fait les appels \u00e0 la d\u00e9mission du mouvement de contestation n\u00e9 le 25\u00a0septembre.<\/p>\n<p>Un avion militaire fran\u00e7ais<\/p>\n<p>D\u2019apr\u00e8s la radio fran\u00e7aise RFI, Andry Rajoelina a embarqu\u00e9 dimanche <strong>\u00ab \u00e0 bord d\u2019un avion militaire fran\u00e7ais pour La R\u00e9union, avant de partir vers une autre destination avec sa famille \u00bb<\/strong>. <strong>\u00ab Je ne confirme rien aujourd\u2019hui \u00bb<\/strong>, a r\u00e9pondu \u00e0 ce sujet depuis l\u2019Egypte le pr\u00e9sident fran\u00e7ais, Emmanuel Macron, lundi tout en disant sa<strong> \u00ab grande pr\u00e9occupation \u00bb<\/strong> pour Madagascar.<\/p>\n<p>Andry Rajoelina, r\u00e9\u00e9lu en 2023 pour un mandat de cinq ans lors d\u2019un scrutin boycott\u00e9 par l\u2019opposition, a affirm\u00e9 qu\u2019un <strong>\u00ab groupe de militaires et de politiciens a(vait) envisag\u00e9 d\u2019attenter \u00e0 (s)a vie \u00bb<\/strong>. <strong>\u00ab J\u2019ai \u00e9t\u00e9 oblig\u00e9 de chercher un lieu s\u00fbr pour prot\u00e9ger ma vie \u00bb<\/strong>, a-t-il expliqu\u00e9 lors de cette allocution plusieurs fois report\u00e9e lundi apr\u00e8s l\u2019arriv\u00e9e de militaires au si\u00e8ge de la t\u00e9l\u00e9vision publique, qui ne l\u2019a finalement pas diffus\u00e9e.<\/p>\n<p><strong>\u00ab De cette tentative de meurtre, je n\u2019ai pas de tristesse contre les fautifs ni de ranc\u0153ur \u00bb<\/strong> , a-t-il assur\u00e9 en ouvrant <strong>\u00ab la porte au dialogue pour sortir de cette situation \u00bb<\/strong>.<\/p>\n<p>Rappel des finances<\/p>\n<p>Le chef de l\u2019Etat a aussi rappel\u00e9 la menace d\u2019un tarissement des financements internationaux en cas d\u2019instabilit\u00e9 politique, comme ce fut le cas apr\u00e8s le coup d\u2019Etat l\u2019ayant port\u00e9 au pouvoir pour la premi\u00e8re fois en 2009.<\/p>\n<p>Au moins 80% des 32 millions d\u2019habitants de Madagascar vivent avec moins de 15.000 ariary par jour (2,80 euros), le seuil de pauvret\u00e9 de la Banque mondiale.<\/p>\n<p>\u00a0<\/p>\n","protected":false},"excerpt":{"rendered":"Le pr\u00e9sident malgache, Andry Rajoelina, a appel\u00e9 lundi 13\u00a0octobre \u00e0 \u00ab\u00a0respecter la Constitution en vigueur\u00a0\u00bb lors de sa&hellip;\n","protected":false},"author":2,"featured_media":461088,"comment_status":"","ping_status":"","sticky":false,"template":"","format":"standard","meta":{"footnotes":""},"categories":[9619],"tags":[1111,11,18235,76,1777,674,1011,27,8459,12,4919,882,25,9898,2310],"class_list":{"0":"post-461087","1":"post","2":"type-post","3":"status-publish","4":"format-standard","5":"has-post-thumbnail","7":"category-toulon","8":"tag-actu","9":"tag-actualites","10":"tag-appelle","11":"tag-constitution","12":"tag-eu","13":"tag-europe","14":"tag-fr","15":"tag-france","16":"tag-madagascar","17":"tag-news","18":"tag-president","19":"tag-provence-alpes-cote-dazur","20":"tag-republique-francaise","21":"tag-respecter","22":"tag-toulon"},"share_on_mastodon":{"url":"https:\/\/pubeurope.com\/@fr\/115369633638846592","error":""},"_links":{"self":[{"href":"https:\/\/www.europesays.com\/fr\/wp-json\/wp\/v2\/posts\/461087","targetHints":{"allow":["GET"]}}],"collection":[{"href":"https:\/\/www.europesays.com\/fr\/wp-json\/wp\/v2\/posts"}],"about":[{"href":"https:\/\/www.europesays.com\/fr\/wp-json\/wp\/v2\/types\/post"}],"author":[{"embeddable":true,"href":"https:\/\/www.europesays.com\/fr\/wp-json\/wp\/v2\/users\/2"}],"replies":[{"embeddable":true,"href":"https:\/\/www.europesays.com\/fr\/wp-json\/wp\/v2\/comments?post=461087"}],"version-history":[{"count":0,"href":"https:\/\/www.europesays.com\/fr\/wp-json\/wp\/v2\/posts\/461087\/revisions"}],"wp:featuredmedia":[{"embeddable":true,"href":"https:\/\/www.europesays.com\/fr\/wp-json\/wp\/v2\/media\/461088"}],"wp:attachment":[{"href":"https:\/\/www.europesays.com\/fr\/wp-json\/wp\/v2\/media?parent=461087"}],"wp:term":[{"taxonomy":"category","embeddable":true,"href":"https:\/\/www.europesays.com\/fr\/wp-json\/wp\/v2\/categories?post=461087"},{"taxonomy":"post_tag","embeddable":true,"href":"https:\/\/www.europesays.com\/fr\/wp-json\/wp\/v2\/tags?post=461087"}],"curies":[{"name":"wp","href":"https:\/\/api.w.org\/{rel}","templated":true}]}}