{"id":46109,"date":"2025-04-23T08:32:12","date_gmt":"2025-04-23T08:32:12","guid":{"rendered":"https:\/\/www.europesays.com\/fr\/46109\/"},"modified":"2025-04-23T08:32:12","modified_gmt":"2025-04-23T08:32:12","slug":"les-plus-belles-de-mai-tiennent-le-haut-du-pave","status":"publish","type":"post","link":"https:\/\/www.europesays.com\/fr\/46109\/","title":{"rendered":"\u00ab\u00a0Les Plus belles de mai\u00a0\u00bb tiennent le haut du pav\u00e9"},"content":{"rendered":"<p>\u00ab\u00a0Il faut oser \u00eatre une femme et g\u00e9rer un bar \u00e0 la Belle-de-Mai\u00a0\u00bb. Au comptoir du bar Marius, rue Barbini, Dominique, la patronne, raconte la difficile place des femmes dans le quartier. \u00ab\u00a0Elles viennent pour manger, mais elles ne sont pas encore assez lib\u00e9r\u00e9es pour aller au bar\u00a0\u00bb, confie-t-elle. Face \u00e0 elle, Vanny, la g\u00e9rante des D\u00e9lices de Praia, rue Jobin, approuve. \u00ab\u00a0Les femmes ne se sentent pas encore en s\u00e9curit\u00e9, ce sera long pour que \u00e7a change\u00a0\u00bb, dit-elle. Pour preuve, leurs \u00e9tablissements ne sont quasiment que fr\u00e9quent\u00e9s par des hommes. Et m\u00eame si on a parfois cherch\u00e9 \u00e0 les faire partir, Dominique et Vanny sont de ces femmes qui tiennent t\u00eate. Alors quand elles ont vu arriver Les Plus belles de mai, elles se sont senties concern\u00e9es.<\/p>\n","protected":false},"excerpt":{"rendered":"\u00ab\u00a0Il faut oser \u00eatre une femme et g\u00e9rer un bar \u00e0 la Belle-de-Mai\u00a0\u00bb. Au comptoir du bar Marius,&hellip;\n","protected":false},"author":2,"featured_media":46110,"comment_status":"","ping_status":"","sticky":false,"template":"","format":"standard","meta":{"footnotes":""},"categories":[2814],"tags":[17,1111,11,13543,251,1777,674,1011,27,10771,151,2565,884,12,378,882,25,13544],"class_list":{"0":"post-46109","1":"post","2":"type-post","3":"status-publish","4":"format-standard","5":"has-post-thumbnail","7":"category-marseille","8":"tag-17","9":"tag-actu","10":"tag-actualites","11":"tag-belles","12":"tag-culture","13":"tag-eu","14":"tag-europe","15":"tag-fr","16":"tag-france","17":"tag-haut","18":"tag-les","19":"tag-mai","20":"tag-marseille","21":"tag-news","22":"tag-plus","23":"tag-provence-alpes-cote-dazur","24":"tag-republique-francaise","25":"tag-tiennent"},"share_on_mastodon":{"url":"https:\/\/pubeurope.com\/@fr\/114386353840183153","error":""},"_links":{"self":[{"href":"https:\/\/www.europesays.com\/fr\/wp-json\/wp\/v2\/posts\/46109","targetHints":{"allow":["GET"]}}],"collection":[{"href":"https:\/\/www.europesays.com\/fr\/wp-json\/wp\/v2\/posts"}],"about":[{"href":"https:\/\/www.europesays.com\/fr\/wp-json\/wp\/v2\/types\/post"}],"author":[{"embeddable":true,"href":"https:\/\/www.europesays.com\/fr\/wp-json\/wp\/v2\/users\/2"}],"replies":[{"embeddable":true,"href":"https:\/\/www.europesays.com\/fr\/wp-json\/wp\/v2\/comments?post=46109"}],"version-history":[{"count":0,"href":"https:\/\/www.europesays.com\/fr\/wp-json\/wp\/v2\/posts\/46109\/revisions"}],"wp:featuredmedia":[{"embeddable":true,"href":"https:\/\/www.europesays.com\/fr\/wp-json\/wp\/v2\/media\/46110"}],"wp:attachment":[{"href":"https:\/\/www.europesays.com\/fr\/wp-json\/wp\/v2\/media?parent=46109"}],"wp:term":[{"taxonomy":"category","embeddable":true,"href":"https:\/\/www.europesays.com\/fr\/wp-json\/wp\/v2\/categories?post=46109"},{"taxonomy":"post_tag","embeddable":true,"href":"https:\/\/www.europesays.com\/fr\/wp-json\/wp\/v2\/tags?post=46109"}],"curies":[{"name":"wp","href":"https:\/\/api.w.org\/{rel}","templated":true}]}}