{"id":461100,"date":"2025-10-14T00:23:10","date_gmt":"2025-10-14T00:23:10","guid":{"rendered":"https:\/\/www.europesays.com\/fr\/461100\/"},"modified":"2025-10-14T00:23:10","modified_gmt":"2025-10-14T00:23:10","slug":"previsions-du-mardi-14-octobre-2025-10","status":"publish","type":"post","link":"https:\/\/www.europesays.com\/fr\/461100\/","title":{"rendered":"pr\u00e9visions du mardi 14 octobre 2025"},"content":{"rendered":"<p class=\"mb-4 text-lg md:leading-8 break-words\"><strong>M\u00e9t\u00e9o &#8211; Cette journ\u00e9e rimera avec beau soleil. Les temp\u00e9ratures seront de 13\u00b0C la matin\u00e9e et de 16\u00b0C l&rsquo;apr\u00e8s-midi&#8230;<\/strong><\/p>\n<p class=\"mb-4 text-lg md:leading-8 break-words\">Un bel ensoleillement est pr\u00e9vu aujourd&rsquo;hui \u00e0 Strasbourg. Le thermom\u00e8tre affichera 13\u00b0C en moyenne. Un vent de nord-est soufflera l\u00e9g\u00e8rement. Il va faire 13\u00b0C en moyenne le matin. Les temp\u00e9ratures s&rsquo;\u00e9chelonneront entre 13 et 17\u00b0C durant l&rsquo;apr\u00e8s-midi. On pr\u00e9voit une embellie pour cette soir\u00e9e. Pour les passionn\u00e9s d&rsquo;astronomie, sachez que la nuit sera claire.<\/p>\n<p class=\"mb-4 text-lg md:leading-8 break-words\">\u00c0 Strasbourg les valeurs seront comprises entre 10 et 16\u00b0C demain. Un vent de nord-est rafra\u00eechira quelque peu l&rsquo;atmosph\u00e8re. Le ciel sera couvert dans la matin\u00e9e. Il faudra s&rsquo;attendre \u00e0 des perturbations, les Strasbourgeois se retrouveront sous des pluies \u00e9parses. Les temp\u00e9ratures avoisineront les 13\u00b0C. Le ciel sera assez lumineux, avec quelques \u00e9claircies demain apr\u00e8s-midi. Les maximales pourront atteindre 16\u00b0C et les minimales seront de 12\u00b0C.<\/p>\n<p class=\"mb-4 text-lg md:leading-8 break-words\">La m\u00e9t\u00e9o restera stable les jours \u00e0 venir. Le temps sera ensoleill\u00e9 avec des temp\u00e9ratures avoisinant 11\u00b0C.<\/p>\n<p class=\"mb-4 text-lg md:leading-8 break-words\"><a href=\"https:\/\/www.20minutes.fr\/planete\/previsions-meteo\/4179080-20251014-meteo-strasbourg-previsions-mardi-14-octobre-2025?at_medium=RSS%20feed&amp;at_campaign=ynews&amp;utm_source=yahoo&amp;utm_medium=rss&amp;utm_campaign=news_feed&amp;utm_content=read_more_link&quot;\" rel=\"nofollow noopener\" target=\"_blank\" data-ylk=\"slk:Lire la suite sur 20minutes;elm:context_link;itc:0;sec:content-canvas\" class=\"link \">Lire la suite sur 20minutes<\/a><\/p>\n","protected":false},"excerpt":{"rendered":"M\u00e9t\u00e9o &#8211; Cette journ\u00e9e rimera avec beau soleil. Les temp\u00e9ratures seront de 13\u00b0C la matin\u00e9e et de 16\u00b0C&hellip;\n","protected":false},"author":2,"featured_media":461101,"comment_status":"","ping_status":"","sticky":false,"template":"","format":"standard","meta":{"footnotes":""},"categories":[2820],"tags":[1111,11,1777,674,1011,27,775,51394,29508,2487,12,25,640],"class_list":{"0":"post-461100","1":"post","2":"type-post","3":"status-publish","4":"format-standard","5":"has-post-thumbnail","7":"category-strasbourg","8":"tag-actu","9":"tag-actualites","10":"tag-eu","11":"tag-europe","12":"tag-fr","13":"tag-france","14":"tag-grand-est","15":"tag-la-matinee","16":"tag-le-ciel","17":"tag-meteo","18":"tag-news","19":"tag-republique-francaise","20":"tag-strasbourg"},"share_on_mastodon":{"url":"https:\/\/pubeurope.com\/@fr\/115369672956185968","error":""},"_links":{"self":[{"href":"https:\/\/www.europesays.com\/fr\/wp-json\/wp\/v2\/posts\/461100","targetHints":{"allow":["GET"]}}],"collection":[{"href":"https:\/\/www.europesays.com\/fr\/wp-json\/wp\/v2\/posts"}],"about":[{"href":"https:\/\/www.europesays.com\/fr\/wp-json\/wp\/v2\/types\/post"}],"author":[{"embeddable":true,"href":"https:\/\/www.europesays.com\/fr\/wp-json\/wp\/v2\/users\/2"}],"replies":[{"embeddable":true,"href":"https:\/\/www.europesays.com\/fr\/wp-json\/wp\/v2\/comments?post=461100"}],"version-history":[{"count":0,"href":"https:\/\/www.europesays.com\/fr\/wp-json\/wp\/v2\/posts\/461100\/revisions"}],"wp:featuredmedia":[{"embeddable":true,"href":"https:\/\/www.europesays.com\/fr\/wp-json\/wp\/v2\/media\/461101"}],"wp:attachment":[{"href":"https:\/\/www.europesays.com\/fr\/wp-json\/wp\/v2\/media?parent=461100"}],"wp:term":[{"taxonomy":"category","embeddable":true,"href":"https:\/\/www.europesays.com\/fr\/wp-json\/wp\/v2\/categories?post=461100"},{"taxonomy":"post_tag","embeddable":true,"href":"https:\/\/www.europesays.com\/fr\/wp-json\/wp\/v2\/tags?post=461100"}],"curies":[{"name":"wp","href":"https:\/\/api.w.org\/{rel}","templated":true}]}}