{"id":461112,"date":"2025-10-14T00:29:19","date_gmt":"2025-10-14T00:29:19","guid":{"rendered":"https:\/\/www.europesays.com\/fr\/461112\/"},"modified":"2025-10-14T00:29:19","modified_gmt":"2025-10-14T00:29:19","slug":"n2-les-girondins-de-bordeaux-risquent-de-jouer-a-huis-clos","status":"publish","type":"post","link":"https:\/\/www.europesays.com\/fr\/461112\/","title":{"rendered":"N2 : Les Girondins de Bordeaux risquent de jouer \u00e0 huis clos !"},"content":{"rendered":"<p><img decoding=\"async\" src=\"https:\/\/www.europesays.com\/fr\/wp-content\/uploads\/2025\/10\/671_fffbde4cfa30079b878e14ba71a19f67.jpg\" alt=\"N2 : Les Girondins de Bordeaux risquent de jouer \u00e0 huis clos !\" class=\"img-responsive mt-3\"\/><\/p>\n<p class=\"text-center mb-3\" style=\"font-size: 14px\">\u00a9 Iconsport<\/p>\n<p>      <strong>Les Girondins de Bordeaux de nouveau sanctionn\u00e9s pour l&rsquo;usage de fumig\u00e8nes<\/strong><\/p>\n<p><strong>Les Girondins de Bordeaux menac\u00e9s d&rsquo;un huis clos pour le match contre Locmin\u00e9<\/strong><\/p>\n<p style=\"text-align: justify;\">Les Girondins de Bordeaux font face \u00e0 une nouvelle menace de sanction de la part des instances. Suite au craquage de fumig\u00e8nes par les groupes Ultras (Ultramarines et North Gate) lors du d\u00e9placement \u00e0 Ch\u00e2teaubriant le 30 ao\u00fbt, la commission de discipline de la F\u00e9d\u00e9ration fran\u00e7aise de football a inflig\u00e9 au club bordelais un match \u00e0 huis clos par r\u00e9vocation de sursis.<\/p>\n<p style=\"text-align: justify;\">Cette sanction, notifi\u00e9e le 12 septembre, pourrait obliger le FCGB \u00e0 jouer la rencontre contre Locmin\u00e9, pr\u00e9vue le 8 novembre, sans l&rsquo;appui de son public, indique le quotidien r\u00e9gional.<\/p>\n<p><strong>Un appel suspensif pour les Girondins<\/strong><\/p>\n<p style=\"text-align: justify;\">Les dirigeants des Girondins ont imm\u00e9diatement fait appel de cette d\u00e9cision, un recours qui est suspensif. L&rsquo;issue sera connue apr\u00e8s l&rsquo;\u00e9tude du dossier, pr\u00e9vue pour le mardi 21 octobre.<\/p>\n<p>\u00c0 lire &gt;&gt; <strong><a href=\"https:\/\/www.webgirondins.com\/actualite-girondins-girondins-c-est-de-la-tristesse-le-constat-amer-d-un-supporter-present-a-tulle-130775\" target=\"_blank\" rel=\"noopener\">Girondins : \u201cC\u2019est de la tristesse\u201d, le constat amer d\u2019un supporter pr\u00e9sent \u00e0 Tulle<\/a><\/strong><\/p>\n<p>Notre podcast court \u00e0 \u00e9couter sur l&rsquo;actu des Girondins : <\/p>\n<p>\u00a0<\/p>\n","protected":false},"excerpt":{"rendered":"\u00a9 Iconsport Les Girondins de Bordeaux de nouveau sanctionn\u00e9s pour l&rsquo;usage de fumig\u00e8nes Les Girondins de Bordeaux menac\u00e9s&hellip;\n","protected":false},"author":2,"featured_media":461113,"comment_status":"","ping_status":"","sticky":false,"template":"","format":"standard","meta":{"footnotes":""},"categories":[2817],"tags":[1111,11,1997,6692,5244,1777,674,1011,27,58572,1987,6691,5236,955,12,2219,25,58571,28205,41197,5104,10221,6252,39469],"class_list":{"0":"post-461112","1":"post","2":"type-post","3":"status-publish","4":"format-standard","5":"has-post-thumbnail","7":"category-bordeaux","8":"tag-actu","9":"tag-actualites","10":"tag-bordeaux","11":"tag-clos","12":"tag-club","13":"tag-eu","14":"tag-europe","15":"tag-fr","16":"tag-france","17":"tag-fumigenes","18":"tag-girondins","19":"tag-huis","20":"tag-jouer","21":"tag-match","22":"tag-news","23":"tag-nouvelle-aquitaine","24":"tag-republique-francaise","25":"tag-revocation","26":"tag-risquent","27":"tag-sanctionne","28":"tag-suite","29":"tag-supporters","30":"tag-sursis","31":"tag-usage"},"share_on_mastodon":{"url":"https:\/\/pubeurope.com\/@fr\/115369696598903193","error":""},"_links":{"self":[{"href":"https:\/\/www.europesays.com\/fr\/wp-json\/wp\/v2\/posts\/461112","targetHints":{"allow":["GET"]}}],"collection":[{"href":"https:\/\/www.europesays.com\/fr\/wp-json\/wp\/v2\/posts"}],"about":[{"href":"https:\/\/www.europesays.com\/fr\/wp-json\/wp\/v2\/types\/post"}],"author":[{"embeddable":true,"href":"https:\/\/www.europesays.com\/fr\/wp-json\/wp\/v2\/users\/2"}],"replies":[{"embeddable":true,"href":"https:\/\/www.europesays.com\/fr\/wp-json\/wp\/v2\/comments?post=461112"}],"version-history":[{"count":0,"href":"https:\/\/www.europesays.com\/fr\/wp-json\/wp\/v2\/posts\/461112\/revisions"}],"wp:featuredmedia":[{"embeddable":true,"href":"https:\/\/www.europesays.com\/fr\/wp-json\/wp\/v2\/media\/461113"}],"wp:attachment":[{"href":"https:\/\/www.europesays.com\/fr\/wp-json\/wp\/v2\/media?parent=461112"}],"wp:term":[{"taxonomy":"category","embeddable":true,"href":"https:\/\/www.europesays.com\/fr\/wp-json\/wp\/v2\/categories?post=461112"},{"taxonomy":"post_tag","embeddable":true,"href":"https:\/\/www.europesays.com\/fr\/wp-json\/wp\/v2\/tags?post=461112"}],"curies":[{"name":"wp","href":"https:\/\/api.w.org\/{rel}","templated":true}]}}