{"id":461120,"date":"2025-10-14T00:34:13","date_gmt":"2025-10-14T00:34:13","guid":{"rendered":"https:\/\/www.europesays.com\/fr\/461120\/"},"modified":"2025-10-14T00:34:13","modified_gmt":"2025-10-14T00:34:13","slug":"il-ny-a-pas-de-ajar-de-delphine-horvilleur-fait-escale-au-theatre-des-bernardines-a-marseille","status":"publish","type":"post","link":"https:\/\/www.europesays.com\/fr\/461120\/","title":{"rendered":"\u00ab\u00a0Il n\u2019y a pas de Ajar\u00a0\u00bb de Delphine Horvilleur fait escale au th\u00e9\u00e2tre des Bernardines \u00e0 Marseille"},"content":{"rendered":"<p>\u00c9crivaine (Vivre avec nos morts, 2021, Comment \u00e7a va pas\u00a0? Conversation apr\u00e8s le 7\u00a0octobre, 2024), philosophe et rabbin, <a href=\"https:\/\/www.laprovence.com\/article\/france-monde\/9474865982641714\/guerre-a-gaza-la-rabbine-delphine-horvilleur-denonce-une-deroute-politique-une-faillite-morale-disrael\" target=\"_blank\" rel=\"noopener\">Delphine Horvilleur<\/a>\u00a0a aussi \u00e9crit la pi\u00e8ce Il n\u2019y a pas de Ajar, Monologue contre l\u2019identit\u00e9 interpr\u00e9t\u00e9e par Johanna Nizard. Entretien avec la com\u00e9dienne et metteuse en sc\u00e8ne de ce solo en tourn\u00e9e au <a href=\"https:\/\/www.laprovence.com\/article\/culture-loisirs\/68245604181563\/marseille-la-truelle-un-solo-drole-et-instructif-sur-la-mafia-au-theatre-des-bernardines\" target=\"_blank\" rel=\"noopener\">th\u00e9\u00e2tre des Bernardines<\/a>\u00a0du 13 au 18\u00a0octobre.<\/p>\n<p><strong>On conna\u00eet les essais de Delphine Horvilleur, moins cette pi\u00e8ce de th\u00e9\u00e2tre. Comment est-elle n\u00e9e\u00a0?<\/strong>&#13;\n<\/p>\n<p>Delphine a toujours eu un amour pour les \u0153uvres de Romain Gary. La parole de Gary est l\u2019axe central de la pi\u00e8ce. Elle a pens\u00e9 \u00e0 cet \u00eatre fictif (Abraham Ajar, le fils d\u2019\u00c9mile Ajar, NDLR) pour l\u00e2cher des choses qu\u2019elle avait en elle, qu\u2019elle n\u2019aurait peut-\u00eatre pas pu dire de mani\u00e8re insolente, audacieuse, comme elle l\u2019a fait. Il peut tout se permettre car il n\u2019existe pas.<\/p>\n<p><strong>Qu\u2019a-t-elle l\u00e2ch\u00e9\u00a0?<\/strong>&#13;\n<\/p>\n<p>Cela lui a permis toutes les audaces. \u00catre rabbin et dire merde \u00e0 l\u2019identit\u00e9, merde \u00e0 la croyance, je ne sais pas si elle aurait pu le dire dans ses essais\u00a0! Cela lui a permis de rire d\u2019elle-m\u00eame, de rire de nous, les juifs, de montrer \u00e0 quel point il faut \u00eatre insolent envers Dieu. On peut lui demander des comptes. Avec son g\u00e9nie, elle peut rire de la Shoah aussi. Le rire est, comme dit Gary, une sup\u00e9riorit\u00e9 sur la condition humaine, pour sortir des carcans que l\u2019on nous impose.<\/p>\n<p><strong>Quels sont vos liens avec l\u2019auteure\u00a0?<\/strong>&#13;\n<\/p>\n<p>Delphine avait \u00e9crit pour un acteur \u00e0 l\u2019origine. Quand on s\u2019est rencontr\u00e9, on a beaucoup ri. Elle m\u2019a dit\u00a0: \u00ab\u00a0J\u2019ai un texte, fais en ce que tu veux\u00a0!\u00a0\u00bb. Ajar parle beaucoup de la question du genre\u00a0; l\u2019interpr\u00e9tation par une actrice donne encore plus de trouble et de force.<\/p>\n<p><strong>Delphine Horvilleur d\u00e9nonce la mont\u00e9e de l\u2019antis\u00e9mitisme en France dans ses essais. Dans la pi\u00e8ce aussi\u00a0?<\/strong>&#13;\n<\/p>\n<p>Elle parle d\u2019antis\u00e9mitisme comme elle parle de toutes les mont\u00e9es extr\u00e9mistes. Elle essaie avant tout de d\u00e9construire les communautarismes. L\u2019antis\u00e9mitisme, c\u2019est certain, fait une mont\u00e9e fracassante en France. Comme elle l\u2019a dit r\u00e9cemment au journal de 20\u00a0heures, nous devrions tous lutter contre ce fl\u00e9au. C\u2019est une question qui ne concerne pas les juifs, c\u2019est une affaire qui concerne les Fran\u00e7ais.<\/p>\n<p><strong>La pi\u00e8ce a \u00e9t\u00e9 \u00e9crite avant le 7\u00a0octobre\u00a02023. Cet \u00e9v\u00e9nement a-t-il eu un impact sur la tourn\u00e9e\u00a0?<\/strong>&#13;\n<\/p>\n<p>Certains programmateurs ont peur de programmer Ajar et d\u2019autres ont le courage de le faire, car c\u2019est une voix importante. Ajar nous donne de l\u2019air, il cr\u00e9e de l\u2019amour. On continue de cheminer avec ce texte, qui devient presque vital.<\/p>\n<p><strong>La pi\u00e8ce est sous-titr\u00e9e \u00ab\u00a0monologue contre l\u2019identit\u00e9\u00a0\u00bb. Vous sentez-vous assign\u00e9e \u00e0 une identit\u00e9\u00a0?<\/strong>&#13;\n<\/p>\n<p><a href=\"https:\/\/www.laprovence.com\/article\/france-monde\/9474865982641714\/guerre-a-gaza-la-rabbine-delphine-horvilleur-denonce-une-deroute-politique-une-faillite-morale-disrael\" target=\"_blank\" rel=\"noopener\">Delphine Horvilleur est une personne m\u00e9diatique.<\/a> Ella a \u00e9t\u00e9 imm\u00e9diatement assign\u00e9e\u00a0: \u00ab\u00a0Delphine Horvilleur \u00e9gale Netanyahou\u00a0\u00bb ou \u00ab\u00a0Delphine Horvilleur \u00e9gale colonisation\u00a0\u00bb. On souffre \u00e9videmment de cette folie\u00a0mais, en m\u00eame temps, nous continuons \u00e0 vivre et \u00e0 marcher avec ce texte.<\/p>\n<p>\u00ab\u00a0Il n\u2019y a pas de Ajar\u00a0\u00bb du 13 au 18\u00a0octobre au th\u00e9\u00e2tre des Bernardines. 10\/24\u20ac. lestheatres.net<\/p>\n","protected":false},"excerpt":{"rendered":"\u00c9crivaine (Vivre avec nos morts, 2021, Comment \u00e7a va pas\u00a0? Conversation apr\u00e8s le 7\u00a0octobre, 2024), philosophe et rabbin,&hellip;\n","protected":false},"author":2,"featured_media":461121,"comment_status":"","ping_status":"","sticky":false,"template":"","format":"standard","meta":{"footnotes":""},"categories":[2814],"tags":[17,1111,11,58573,251,9940,1777,674,21,1011,27,58574,3707,884,15179,12,5261,882,25],"class_list":{"0":"post-461120","1":"post","2":"type-post","3":"status-publish","4":"format-standard","5":"has-post-thumbnail","7":"category-marseille","8":"tag-17","9":"tag-actu","10":"tag-actualites","11":"tag-ajar","12":"tag-culture","13":"tag-delphine","14":"tag-eu","15":"tag-europe","16":"tag-fait","17":"tag-fr","18":"tag-france","19":"tag-horvilleur","20":"tag-il","21":"tag-marseille","22":"tag-ny","23":"tag-news","24":"tag-pas","25":"tag-provence-alpes-cote-dazur","26":"tag-republique-francaise"},"share_on_mastodon":{"url":"https:\/\/pubeurope.com\/@fr\/115369716254667936","error":""},"_links":{"self":[{"href":"https:\/\/www.europesays.com\/fr\/wp-json\/wp\/v2\/posts\/461120","targetHints":{"allow":["GET"]}}],"collection":[{"href":"https:\/\/www.europesays.com\/fr\/wp-json\/wp\/v2\/posts"}],"about":[{"href":"https:\/\/www.europesays.com\/fr\/wp-json\/wp\/v2\/types\/post"}],"author":[{"embeddable":true,"href":"https:\/\/www.europesays.com\/fr\/wp-json\/wp\/v2\/users\/2"}],"replies":[{"embeddable":true,"href":"https:\/\/www.europesays.com\/fr\/wp-json\/wp\/v2\/comments?post=461120"}],"version-history":[{"count":0,"href":"https:\/\/www.europesays.com\/fr\/wp-json\/wp\/v2\/posts\/461120\/revisions"}],"wp:featuredmedia":[{"embeddable":true,"href":"https:\/\/www.europesays.com\/fr\/wp-json\/wp\/v2\/media\/461121"}],"wp:attachment":[{"href":"https:\/\/www.europesays.com\/fr\/wp-json\/wp\/v2\/media?parent=461120"}],"wp:term":[{"taxonomy":"category","embeddable":true,"href":"https:\/\/www.europesays.com\/fr\/wp-json\/wp\/v2\/categories?post=461120"},{"taxonomy":"post_tag","embeddable":true,"href":"https:\/\/www.europesays.com\/fr\/wp-json\/wp\/v2\/tags?post=461120"}],"curies":[{"name":"wp","href":"https:\/\/api.w.org\/{rel}","templated":true}]}}