{"id":461123,"date":"2025-10-14T00:36:14","date_gmt":"2025-10-14T00:36:14","guid":{"rendered":"https:\/\/www.europesays.com\/fr\/461123\/"},"modified":"2025-10-14T00:36:14","modified_gmt":"2025-10-14T00:36:14","slug":"lyon-cette-nouvelle-boutique-tendance-et-rare-ouvre-au-centre-commercial-part-dieu","status":"publish","type":"post","link":"https:\/\/www.europesays.com\/fr\/461123\/","title":{"rendered":"Lyon. Cette nouvelle boutique tendance et rare ouvre au centre commercial Part-Dieu"},"content":{"rendered":"<p>            Par<br \/>\n        <strong><br \/>\n            <a href=\"https:\/\/actu.fr\/auteur\/anthony-soudani\" title=\"Consulter tous les articles de Anthony Soudani\" rel=\"nofollow noopener\" target=\"_blank\">Anthony Soudani<\/a><br \/>\n        <\/strong><\/p>\n<p>        Publi\u00e9 le<\/p>\n<p>            13 oct. 2025 \u00e0 18h36        <\/p>\n<p>Un nouveau magasin de mode a d\u00e9barqu\u00e9 au <strong>centre commercial de la Part-Dieu<\/strong>, le 3 octobre 2025, \u00e0 <a href=\"https:\/\/actu.fr\/auvergne-rhone-alpes\/lyon_69123\" rel=\"nofollow noopener\" target=\"_blank\">Lyon<\/a>. Il s\u2019agit d\u2019une marque fran\u00e7aise de pr\u00eat-\u00e0-porter tendance et de bijoux en acier inoxydable. La boutique, qui est encore rare \u00e0 trouver dans l\u2019Hexagone, a ouvert au niveau z\u00e9ro du temple du commerce, juste \u00e0 c\u00f4t\u00e9 des <a href=\"https:\/\/actu.fr\/auvergne-rhone-alpes\/grenoble_38185\/grenoble-shein-arrive-aux-galeries-lafayette-la-polemique-gonfle-et-divise_63245763.html\" rel=\"nofollow noopener\" target=\"_blank\">Galeries Lafayette<\/a>.<\/p>\n<p class=\" wall-content\">L\u2019enseigne <strong>SMTZ<\/strong>, sp\u00e9cialis\u00e9e dans la vente en ligne, fait donc d\u00e9sormais partie des offres commerciales \u00e0 retrouver \u00e0 la Part-Dieu, o\u00f9 les ouvertures s\u2019encha\u00eenent depuis un mois, apr\u00e8s notamment l\u2019arriv\u00e9e de <a href=\"https:\/\/actu.fr\/auvergne-rhone-alpes\/lyon_69123\/lyon-grosse-file-d-attente-a-la-part-dieu-c-est-quoi-cette-nouvelle-boutique-qui-cartonne_63219259.html\" rel=\"nofollow noopener\" target=\"_blank\">Pop Mart<\/a> et du <a href=\"https:\/\/actu.fr\/auvergne-rhone-alpes\/lyon_69123\/lyon-le-paradis-du-fruit-ouvre-discretement-au-centre-commercial-part-dieu-notre-avis_63252904.html\" rel=\"nofollow noopener\" target=\"_blank\">Paradis du Fruit<\/a>.<\/p>\n<p>Des prix abordables<\/p>\n<p class=\" wall-content\">Le magasin \u00e0 l\u2019identit\u00e9 rose et \u00e9pur\u00e9e m\u00eale paillettes, sacs, chaussures (santiags) et autres v\u00eatements (t-shirts, pulls, etc.).<\/p>\n<p class=\" wall-content\">Les prix sont plut\u00f4t abordables avec des sacs \u00e0 partir de 50 euros, des boucles d\u2019oreilles en acier inoxydable \u00e0 15 euros ou encore des tee-shirts \u00e0 moins de 30 euros. Les santiags sont vendues entre 44 et 56 euros.\u00a0<\/p>\n<p class=\" wall-content\"><a href=\"https:\/\/www.instagram.com\/p\/DPwQ-1sDOZM\/embed\" title=\"Ouvrir le lien sur Instagram\" rel=\"nofollow noopener\" target=\"_blank\">Visualiser le contenu sur Instagram<\/a><\/p>\n<p class=\" wall-content\">Les magasins physiques de l\u2019enseigne sont encore rares en France. Il s\u2019agit de la <strong>toute premi\u00e8re boutique de SMTZ \u00e0 Lyon<\/strong>, apr\u00e8s des ouvertures \u00e0 Strasbourg et Bordeaux.<\/p>\n<p class=\" wall-content\">Personnalisez votre actualit\u00e9 en ajoutant vos villes et m\u00e9dias en favori avec <a href=\"https:\/\/moncompte.actu.fr\" title=\"D\u00e9couvez Mon Actu\" rel=\"nofollow noopener\" data-trk=\"{&quot;cta&quot;:{&quot;action&quot;:&quot;https:\\\/\\\/moncompte.actu.fr&quot;,&quot;category&quot;:&quot;mon compte&quot;,&quot;from&quot;:&quot;article footer&quot;,&quot;name&quot;:&quot;Mon actu&quot;,&quot;type&quot;:&quot;cta&quot;}}\" target=\"_blank\">Mon Actu<\/a>.<\/p>\n<p>                    <script async src=\"\/\/www.instagram.com\/embed.js\"><\/script><\/p>\n","protected":false},"excerpt":{"rendered":"Par Anthony Soudani Publi\u00e9 le 13 oct. 2025 \u00e0 18h36 Un nouveau magasin de mode a d\u00e9barqu\u00e9 au&hellip;\n","protected":false},"author":2,"featured_media":389043,"comment_status":"","ping_status":"","sticky":false,"template":"","format":"standard","meta":{"footnotes":""},"categories":[1889],"tags":[1111,11,2430,215,33,1777,674,1011,27,2428,6178,12,25],"class_list":{"0":"post-461123","1":"post","2":"type-post","3":"status-publish","4":"format-standard","5":"has-post-thumbnail","7":"category-lyon","8":"tag-actu","9":"tag-actualites","10":"tag-auvergne-rhone-alpes","11":"tag-commerce","12":"tag-economie","13":"tag-eu","14":"tag-europe","15":"tag-fr","16":"tag-france","17":"tag-lyon","18":"tag-lyon-part-dieu","19":"tag-news","20":"tag-republique-francaise"},"share_on_mastodon":{"url":"https:\/\/pubeurope.com\/@fr\/115369724144693011","error":""},"_links":{"self":[{"href":"https:\/\/www.europesays.com\/fr\/wp-json\/wp\/v2\/posts\/461123","targetHints":{"allow":["GET"]}}],"collection":[{"href":"https:\/\/www.europesays.com\/fr\/wp-json\/wp\/v2\/posts"}],"about":[{"href":"https:\/\/www.europesays.com\/fr\/wp-json\/wp\/v2\/types\/post"}],"author":[{"embeddable":true,"href":"https:\/\/www.europesays.com\/fr\/wp-json\/wp\/v2\/users\/2"}],"replies":[{"embeddable":true,"href":"https:\/\/www.europesays.com\/fr\/wp-json\/wp\/v2\/comments?post=461123"}],"version-history":[{"count":0,"href":"https:\/\/www.europesays.com\/fr\/wp-json\/wp\/v2\/posts\/461123\/revisions"}],"wp:featuredmedia":[{"embeddable":true,"href":"https:\/\/www.europesays.com\/fr\/wp-json\/wp\/v2\/media\/389043"}],"wp:attachment":[{"href":"https:\/\/www.europesays.com\/fr\/wp-json\/wp\/v2\/media?parent=461123"}],"wp:term":[{"taxonomy":"category","embeddable":true,"href":"https:\/\/www.europesays.com\/fr\/wp-json\/wp\/v2\/categories?post=461123"},{"taxonomy":"post_tag","embeddable":true,"href":"https:\/\/www.europesays.com\/fr\/wp-json\/wp\/v2\/tags?post=461123"}],"curies":[{"name":"wp","href":"https:\/\/api.w.org\/{rel}","templated":true}]}}