{"id":461138,"date":"2025-10-14T00:45:32","date_gmt":"2025-10-14T00:45:32","guid":{"rendered":"https:\/\/www.europesays.com\/fr\/461138\/"},"modified":"2025-10-14T00:45:32","modified_gmt":"2025-10-14T00:45:32","slug":"lallemagne-simpose-grace-a-woltemade-lukraine-met-la-pression-sur-les-bleus-mondial-2026-qualifs","status":"publish","type":"post","link":"https:\/\/www.europesays.com\/fr\/461138\/","title":{"rendered":"L\u2019Allemagne s\u2019impose gr\u00e2ce \u00e0 Woltemade, l\u2019Ukraine met la pression sur les Bleus &#8211; Mondial 2026 &#8211; Qualifs"},"content":{"rendered":"<p data-start=\"162\" data-end=\"692\">Et si c\u2019\u00e9tait lui, le 9 que l\u2019Allemagne cherche depuis la retraite de Miroslav Klose ?<\/p>\n<p data-start=\"162\" data-end=\"692\"><strong>L\u2019Allemagne s\u2019est impos\u00e9e en Irlande du Nord ce lundi gr\u00e2ce \u00e0 la nouvelle hype du moment, Nick Woltemade <\/strong>(0-1). Le jeune attaquant a trouv\u00e9 le chemin des filets pour la premi\u00e8re fois avec la Mannschaft \u00e0 la 31e minute de jeu sur corner, offrant \u00e0 son \u00e9quipe une victoire pr\u00e9cieuse. Doublement pr\u00e9cieuse, m\u00eame : d\u2019abord parce que l\u2019Irlande du Nord n\u2019avait plus connu la d\u00e9faite \u00e0 Belfast depuis pr\u00e8s de deux ans, et ensuite parce que l\u2019Allemagne conserve la t\u00eate du groupe A avec 9 points, \u00e0 \u00e9galit\u00e9 avec la Slovaquie, qui a fait le travail face au Luxembourg (2-0).<\/p>\n<p>La premi\u00e8re place toujours possible pour l\u2019Ukraine<\/p>\n<p data-start=\"694\" data-end=\"1159\">Dans les autres rencontres de la soir\u00e9e, <strong>l\u2019Ukraine a pris les trois points \u00e0 domicile<\/strong> (enfin, \u00e0 Cracovie plut\u00f4t, puisque la s\u00e9lection ne peut pas jouer ses matchs chez elle) <strong>face \u00e0 l\u2019Azerba\u00efdjan<\/strong> (2-1), gr\u00e2ce \u00e0 des buts d\u2019Oleksiy Gutsulyak et de l\u2019ancien Marseillais Rusl\u00e1n Malinovskiy. Les hommes de Serhiy Rebrov, deuxi\u00e8mes du groupe D o\u00f9 figure la France, restent en course pour la premi\u00e8re place, puisqu\u2019ils ne comptent que trois points de retard sur les Bleus.<\/p>\n<p data-start=\"1161\" data-end=\"1394\">\u00c0 noter \u00e9galement <strong>la d\u00e9faite surprise de la Su\u00e8de \u00e0 domicile face au Kosovo<\/strong> (0-1). Les Su\u00e9dois sont d\u00e9sormais hors course et derniers du groupe B avec un point, derri\u00e8re la Suisse (10 pts), le Kosovo (7 pts) et la Slov\u00e9nie (3 pts).<\/p>\n<p data-start=\"1161\" data-end=\"1394\">Pas terrible pour une s\u00e9lection qui compte un duo d\u2019attaque Gy\u00f6keres-Isak.<\/p>\n<p>\u00a0<img decoding=\"async\" loading=\"lazy\" class=\"blason blason-petit\" src=\"https:\/\/www.europesays.com\/fr\/wp-content\/uploads\/2025\/09\/1757283026_643_grande.jpg\"\/> Slovaquie 2-0 Luxembourg <img decoding=\"async\" loading=\"lazy\" class=\"blason blason-petit\" src=\"https:\/\/www.europesays.com\/fr\/wp-content\/uploads\/2025\/09\/1757283026_990_grande.jpg\"\/><\/p>\n<p>Buts : Obert (55e) et Schranz (72e) pour les Slovaques<\/p>\n<p>\u00a0<img decoding=\"async\" loading=\"lazy\" class=\"blason blason-petit\" src=\"https:\/\/www.europesays.com\/fr\/wp-content\/uploads\/2025\/09\/1757283025_631_grande.jpg\"\/> Irlande du Nord 0-1 Allemagne <img decoding=\"async\" loading=\"lazy\" class=\"blason blason-petit\" src=\"https:\/\/www.europesays.com\/fr\/wp-content\/uploads\/2025\/05\/1748654169_748_grande.jpg\"\/><\/p>\n<p>But : Woltemade (31e) pour les Allemands<\/p>\n<p>\u00a0<img decoding=\"async\" loading=\"lazy\" class=\"blason blason-petit\" src=\"https:\/\/www.europesays.com\/fr\/wp-content\/uploads\/2025\/10\/1760164463_301_grande.jpg\"\/> Ukraine 2-1 Azerba\u00efdjan <img decoding=\"async\" loading=\"lazy\" class=\"blason blason-petit\" src=\"https:\/\/www.europesays.com\/fr\/wp-content\/uploads\/2025\/10\/1760402724_555_grande.jpg\"\/><\/p>\n<p>Buts : Gutsuliak (31e) et Malinovskiy (64e) pour les Ukrainiens \/\/ Mykolenko (CSC, 45e) pour les Az\u00e9ris<\/p>\n<p>\u00a0<img decoding=\"async\" loading=\"lazy\" class=\"blason blason-petit\" src=\"https:\/\/www.europesays.com\/fr\/wp-content\/uploads\/2025\/10\/1760402725_581_grande.jpg\"\/> Slov\u00e9nie 0-0 Suisse <img decoding=\"async\" loading=\"lazy\" class=\"blason blason-petit\" src=\"https:\/\/www.europesays.com\/fr\/wp-content\/uploads\/2025\/05\/1748654172_567_grande.jpg\"\/><br \/>\n\u00a0<img decoding=\"async\" loading=\"lazy\" class=\"blason blason-petit\" src=\"https:\/\/www.europesays.com\/fr\/wp-content\/uploads\/2025\/05\/1748654174_998_grande.jpg\"\/> Su\u00e8de 0-1 Kosovo <img decoding=\"async\" loading=\"lazy\" class=\"blason blason-petit\" src=\"https:\/\/www.europesays.com\/fr\/wp-content\/uploads\/2025\/09\/1757371759_932_grande.jpg\"\/><\/p>\n<p>But : Asslani (32e) pour les Kosovars<\/p>\n<p>\u00a0<img decoding=\"async\" loading=\"lazy\" class=\"blason blason-petit\" src=\"https:\/\/www.europesays.com\/fr\/wp-content\/uploads\/2025\/10\/1760164465_943_grande.jpg\"\/> Mac\u00e9doine du Nord 1-1 Kazakhstan <img decoding=\"async\" loading=\"lazy\" class=\"blason blason-petit\" src=\"https:\/\/www.europesays.com\/fr\/wp-content\/uploads\/2025\/09\/1757283027_894_grande.jpg\"\/><\/p>\n<p>Buts : Bardhi (74e) pour les Mac\u00e9doniens \/\/ Karaman (54e) pour les Kazakhs<\/p>\n<p>\t\t\t\t\t\t\t\t\t\t<a class=\"lien-connexe\" href=\"https:\/\/www.sofoot.com\/breves\/qualifications-les-bleus-seront-qualifies-pour-la-coupe-du-monde-2026-si\" rel=\"nofollow noopener\" target=\"_blank\">Les Bleus seront qualifi\u00e9s pour la Coupe du monde si&#8230;<\/a>\t\t\t\t\t<\/p>\n","protected":false},"excerpt":{"rendered":"Et si c\u2019\u00e9tait lui, le 9 que l\u2019Allemagne cherche depuis la retraite de Miroslav Klose ? L\u2019Allemagne s\u2019est&hellip;\n","protected":false},"author":2,"featured_media":461139,"comment_status":"","ping_status":"","sticky":false,"template":"","format":"standard","meta":{"footnotes":""},"categories":[1590],"tags":[47,11,61,69,65,64,1777,674,63,68,66,12,62,70,67,220],"class_list":{"0":"post-461138","1":"post","2":"type-post","3":"status-publish","4":"format-standard","5":"has-post-thumbnail","7":"category-ukraine","8":"tag-actualite","9":"tag-actualites","10":"tag-actus-football","11":"tag-bundesliga","12":"tag-championnats-europeens","13":"tag-equipe-de-france","14":"tag-eu","15":"tag-europe","16":"tag-football","17":"tag-ligua","18":"tag-ligue-1","19":"tag-news","20":"tag-news-foot","21":"tag-premier-league","22":"tag-serie-a","23":"tag-ukraine"},"share_on_mastodon":{"url":"https:\/\/pubeurope.com\/@fr\/115369760068760650","error":""},"_links":{"self":[{"href":"https:\/\/www.europesays.com\/fr\/wp-json\/wp\/v2\/posts\/461138","targetHints":{"allow":["GET"]}}],"collection":[{"href":"https:\/\/www.europesays.com\/fr\/wp-json\/wp\/v2\/posts"}],"about":[{"href":"https:\/\/www.europesays.com\/fr\/wp-json\/wp\/v2\/types\/post"}],"author":[{"embeddable":true,"href":"https:\/\/www.europesays.com\/fr\/wp-json\/wp\/v2\/users\/2"}],"replies":[{"embeddable":true,"href":"https:\/\/www.europesays.com\/fr\/wp-json\/wp\/v2\/comments?post=461138"}],"version-history":[{"count":0,"href":"https:\/\/www.europesays.com\/fr\/wp-json\/wp\/v2\/posts\/461138\/revisions"}],"wp:featuredmedia":[{"embeddable":true,"href":"https:\/\/www.europesays.com\/fr\/wp-json\/wp\/v2\/media\/461139"}],"wp:attachment":[{"href":"https:\/\/www.europesays.com\/fr\/wp-json\/wp\/v2\/media?parent=461138"}],"wp:term":[{"taxonomy":"category","embeddable":true,"href":"https:\/\/www.europesays.com\/fr\/wp-json\/wp\/v2\/categories?post=461138"},{"taxonomy":"post_tag","embeddable":true,"href":"https:\/\/www.europesays.com\/fr\/wp-json\/wp\/v2\/tags?post=461138"}],"curies":[{"name":"wp","href":"https:\/\/api.w.org\/{rel}","templated":true}]}}