{"id":461156,"date":"2025-10-14T00:56:16","date_gmt":"2025-10-14T00:56:16","guid":{"rendered":"https:\/\/www.europesays.com\/fr\/461156\/"},"modified":"2025-10-14T00:56:16","modified_gmt":"2025-10-14T00:56:16","slug":"lancien-joueur-de-rugby-lewis-moody-revele-etre-atteint-de-la-maladie-de-charcot","status":"publish","type":"post","link":"https:\/\/www.europesays.com\/fr\/461156\/","title":{"rendered":"l&rsquo;ancien joueur de rugby Lewis Moody r\u00e9v\u00e8le \u00eatre atteint de la maladie de Charcot"},"content":{"rendered":"<p class=\"mb-4 text-lg md:leading-8 break-words\">Lewis Moody a provoqu\u00e9 une vague d\u2019\u00e9motion sur la Toile. Dimanche 6 octobre dernier, l\u2019ancien joueur de rugby anglais \u00e2g\u00e9 de 47 ans a r\u00e9v\u00e9l\u00e9 souffrir de scl\u00e9rose lat\u00e9rale amyotrophique, une maladie redout\u00e9e <a data-i13n=\"cpos:1;pos:1\" href=\"https:\/\/fr.news.yahoo.com\/olivier-goy-atteint-de-la-maladie-de-charcot-aujourdhui-je-regarde-la-mort-droit-dans-les-yeux-080520405.html\" data-ylk=\"slk:mieux connue sous le nom de maladie de Charcot;cpos:1;pos:1;elm:context_link;itc:0;sec:content-canvas;outcm:mb_qualified_link;_E:mb_qualified_link;ct:story;\" class=\"link  yahoo-link\" target=\"_blank\" rel=\"noopener\">mieux connue sous le nom de maladie de Charcot<\/a>.<\/p>\n<p>\u00ab\u00a0Cette \u00e9preuve a \u00e9t\u00e9 extr\u00eamement difficile \u00e0 accepter\u00a0\u00bb<\/p>\n<p class=\"mb-4 text-lg md:leading-8 break-words\">\u00ab\u00a0Je vous \u00e9cris pour vous annoncer une dure nouvelle. On m&rsquo;a r\u00e9cemment diagnostiqu\u00e9 une SLA. Cette \u00e9preuve a \u00e9t\u00e9 extr\u00eamement difficile \u00e0 accepter et a \u00e9t\u00e9 un choc immense pour moi et ma famille\u00a0\u00bb a commenc\u00e9 Lewis Moody dans un post publi\u00e9 sur ses r\u00e9seaux sociaux. L\u2019occasion pour l\u2019ancien rugbyman, mari\u00e9 et p\u00e8re de deux enfants, d\u2019en dire davantage sur son \u00e9tat de sant\u00e9 actuel ainsi que d\u2019exprimer sa gratitude \u00e0 l\u2019\u00e9gard des \u00e9quipes soignantes : \u00ab\u00a0Je me sens en forme et bien dans ma peau, et je compte rester optimiste, vivre ma vie et m&rsquo;adapter aux changements qui s&rsquo;annoncent. Je suis bien soutenu par ma famille, mes amis et les professionnels de sant\u00e9, et je suis profond\u00e9ment reconnaissant envers ceux qui ont contribu\u00e9 \u00e0 la recherche pour soutenir d&rsquo;autres personnes, comme moi, atteintes de cette maladie\u00a0\u00bb. Une annonce choc qui a boulevers\u00e9 les fans de Lewis Moody, joueur embl\u00e9matique du XV de la Rose, s\u00e9lectionn\u00e9 \u00e0 71 reprises en \u00e9quipe nationale et champion du monde en 2003.<\/p>\n<p>\u00ab\u00a0La chose la plus difficile que j\u2019ai jamais eue \u00e0 faire\u00a0\u00bb<\/p>\n<p class=\"mb-4 text-lg md:leading-8 break-words\">Si la maladie de Charcot est tant redout\u00e9e, <a data-i13n=\"cpos:2;pos:1\" href=\"https:\/\/fr.news.yahoo.com\/on-ma-dit-dans-3-ans-cest-fini--le-terrible-combat-dolivier-goy-atteint-de-la-maladie-de-charcot-110253609.html\" data-ylk=\"slk:c\u2019est non seulement parce qu\u2019elle est incurable;cpos:2;pos:1;elm:context_link;itc:0;sec:content-canvas;outcm:mb_qualified_link;_E:mb_qualified_link;ct:story;\" class=\"link  yahoo-link\" target=\"_blank\" rel=\"noopener\">c\u2019est non seulement parce qu\u2019elle est incurable<\/a>, mais aussi parce qu\u2019elle fait partie des maladies d\u00e9g\u00e9n\u00e9ratives. La scl\u00e9rose lat\u00e9rale amyotrophique, selon son nom scientifique, entra\u00eene peu \u00e0 peu <a data-i13n=\"cpos:3;pos:1\" href=\"https:\/\/fr.news.yahoo.com\/maladie-charcot-symptomes-esperance-vie-mort-134427397.html\" data-ylk=\"slk:une paralysie progressive des muscles jusqu\u2019au d\u00e9c\u00e8s;cpos:3;pos:1;elm:context_link;itc:0;sec:content-canvas;outcm:mb_qualified_link;_E:mb_qualified_link;ct:story;\" class=\"link  yahoo-link\" target=\"_blank\" rel=\"noopener\">une paralysie progressive des muscles jusqu\u2019au d\u00e9c\u00e8s<\/a>. Celui-ci survient dans l\u2019\u00e9crasante majorit\u00e9 des cas dans les trois \u00e0 cinq ann\u00e9es qui suivent l\u2019apparition des premiers sympt\u00f4mes. La maladie de Charcot s\u2019attaque \u00e0 tout. Pour Lewis Moody, le plus dur apr\u00e8s le diagnostic a \u00e9t\u00e9 d\u2019en parler, surtout avec ses enfants \u00e2g\u00e9s de 15 et 17 ans. \u00ab\u00a0La chose la plus difficile que j\u2019ai jamais eue \u00e0 faire\u00a0\u00bb a-t-il confi\u00e9 au bord des larmes dans un entretien accord\u00e9 \u00e0 la BBC. Et d\u2019essayer de se montrer plus que jamais optimiste : \u00ab\u00a0Vous devez vous concentrer sur le simple fait d\u2019accepter et de profiter de l\u2019instant pr\u00e9sent\u00a0\u00bb. Comme Lewis Moody, de nombreuses personnalit\u00e9s ont rendu public leur combat contre la maladie de Charcot, \u00e0 l\u2019instar d\u2019Eric Dane plus r\u00e9cemment. \u00c0 52 ans, l\u2019\u00e9tat de sant\u00e9 de l\u2019acteur, star de la s\u00e9rie culte<a data-i13n=\"cpos:4;pos:1\" href=\"https:\/\/fr.news.yahoo.com\/eric-dane-manqu%C3%A9-emmy-awards-110236317.html\" data-ylk=\"slk:&quot;Grey\u2019s Anatomy&quot;, s\u2019est d\u00e9j\u00e0 d\u00e9grad\u00e9 \u00e0 cause de la maladie de Charcot;cpos:4;pos:1;elm:context_link;itc:0;sec:content-canvas;outcm:mb_qualified_link;_E:mb_qualified_link;ct:story;\" class=\"link  yahoo-link\" target=\"_blank\" rel=\"noopener\"> \u00ab\u00a0Grey\u2019s Anatomy\u00a0\u00bb, s\u2019est d\u00e9j\u00e0 d\u00e9grad\u00e9 \u00e0 cause de la maladie de Charcot<\/a>. Mais dans le cas de Lewis Moody, une question est sur toutes les l\u00e8vres\u2026<\/p>\n<p><strong>La pratique du rugby favorise-t-elle la maladie de Charcot ?<\/strong><\/p>\n<p class=\"mb-4 text-lg md:leading-8 break-words\">Bien que les causes exactes de la maladie de Charcot restent floues, et en attendant que la recherche progresse, un constat s\u2019impose : le monde de l\u2019ovalie n\u2019en est pas \u00e0 son premier cas. Avant Lewis Moody, d\u2019autres joueurs de rugby ont souffert de la maladie de Charcot. En 2017, le Sud-Africain Joost van der Westhuizen en est mort \u00e0 seulement 45 ans. Trois ans plus t\u00f4t, au m\u00eame \u00e2ge, Tinus Linee a succomb\u00e9 \u00e0 la m\u00eame maladie. En 2022, l\u2019\u00c9cossais Doddie Weir a lui aussi \u00e9t\u00e9 emport\u00e9 par la maladie de Charcot \u00e0 l\u2019\u00e2ge de 52 ans. La pratique du rugby est-elle la grande coupable ? D\u2019apr\u00e8s une \u00e9tude men\u00e9e par l&rsquo;Universit\u00e9 de Glasgow en 2022 et publi\u00e9e dans le <a data-i13n=\"cpos:5;pos:1\" href=\"https:\/\/www.bmj.com\/content\/379\/bmj.o2392\" rel=\"nofollow noopener\" target=\"_blank\" data-ylk=\"slk:British Medical Journal;cpos:5;pos:1;elm:context_link;itc:0;sec:content-canvas\" class=\"link \">British Medical Journal<\/a>, c\u2019est fort possible. Apr\u00e8s avoir compar\u00e9 les donn\u00e9es m\u00e9dicales de 412 rugbymen \u00e9cossais r\u00e9form\u00e9s avec les informations concernant 1.236 membres de la population g\u00e9n\u00e9rale, le tout sur une p\u00e9riode de trois d\u00e9cennies, les chercheurs ont montr\u00e9 un lien entre des l\u00e9sions li\u00e9es \u00e0 des traumatismes cr\u00e2niens et une maladie sp\u00e9cifique nomm\u00e9e enc\u00e9phalopathie traumatique chronique. Pour les rugbymen, le risque de d\u00e9velopper une maladie neurod\u00e9g\u00e9n\u00e9rative s\u2019av\u00e8re deux fois plus \u00e9lev\u00e9. Parmi les maladies concern\u00e9es : la maladie de Parkinson\u2026 et une scl\u00e9rose lat\u00e9rale amyotrophique, alias maladie de Charcot. En conclusion, le risque de d\u00e9velopper une maladie motoneurone est 15 fois plus important si l\u2019on pratique le rugby de fa\u00e7on intensive\u2026<\/p>\n<p class=\"mb-4 text-lg md:leading-8 break-words\"><strong>Olivier Goy atteint de la maladie de Charcot : \u00ab\u00a0La mort est entr\u00e9e dans ma vie un jour de 2020\u00a0\u00bb<\/strong><\/p>\n","protected":false},"excerpt":{"rendered":"Lewis Moody a provoqu\u00e9 une vague d\u2019\u00e9motion sur la Toile. Dimanche 6 octobre dernier, l\u2019ancien joueur de rugby&hellip;\n","protected":false},"author":2,"featured_media":461157,"comment_status":"","ping_status":"","sticky":false,"template":"","format":"standard","meta":{"footnotes":""},"categories":[1416],"tags":[1011,27,58580,12503,479,1468,60,25441],"class_list":{"0":"post-461156","1":"post","2":"type-post","3":"status-publish","4":"format-standard","5":"has-post-thumbnail","7":"category-rugby","8":"tag-fr","9":"tag-france","10":"tag-lewis-moody","11":"tag-maladie-de-charcot","12":"tag-rugby","13":"tag-rugby-football","14":"tag-sports","15":"tag-xv-de-la-rose"},"share_on_mastodon":{"url":"https:\/\/pubeurope.com\/@fr\/115369802688892107","error":""},"_links":{"self":[{"href":"https:\/\/www.europesays.com\/fr\/wp-json\/wp\/v2\/posts\/461156","targetHints":{"allow":["GET"]}}],"collection":[{"href":"https:\/\/www.europesays.com\/fr\/wp-json\/wp\/v2\/posts"}],"about":[{"href":"https:\/\/www.europesays.com\/fr\/wp-json\/wp\/v2\/types\/post"}],"author":[{"embeddable":true,"href":"https:\/\/www.europesays.com\/fr\/wp-json\/wp\/v2\/users\/2"}],"replies":[{"embeddable":true,"href":"https:\/\/www.europesays.com\/fr\/wp-json\/wp\/v2\/comments?post=461156"}],"version-history":[{"count":0,"href":"https:\/\/www.europesays.com\/fr\/wp-json\/wp\/v2\/posts\/461156\/revisions"}],"wp:featuredmedia":[{"embeddable":true,"href":"https:\/\/www.europesays.com\/fr\/wp-json\/wp\/v2\/media\/461157"}],"wp:attachment":[{"href":"https:\/\/www.europesays.com\/fr\/wp-json\/wp\/v2\/media?parent=461156"}],"wp:term":[{"taxonomy":"category","embeddable":true,"href":"https:\/\/www.europesays.com\/fr\/wp-json\/wp\/v2\/categories?post=461156"},{"taxonomy":"post_tag","embeddable":true,"href":"https:\/\/www.europesays.com\/fr\/wp-json\/wp\/v2\/tags?post=461156"}],"curies":[{"name":"wp","href":"https:\/\/api.w.org\/{rel}","templated":true}]}}