{"id":461164,"date":"2025-10-14T01:00:11","date_gmt":"2025-10-14T01:00:11","guid":{"rendered":"https:\/\/www.europesays.com\/fr\/461164\/"},"modified":"2025-10-14T01:00:11","modified_gmt":"2025-10-14T01:00:11","slug":"f1-heureux-auspices-pour-esteban-ocon-et-haas-une-evolution-majeure-sort-aux-usa","status":"publish","type":"post","link":"https:\/\/www.europesays.com\/fr\/461164\/","title":{"rendered":"F1 Heureux auspices pour Esteban Ocon et Haas, une \u00e9volution majeure sort aux USA !"},"content":{"rendered":"<p>C\u2019est souvent le lieu de pr\u00e9dilection de l\u2019\u00e9curie Haas F1, pour propulser une \u00e9volution sur sa monoplace. L\u2019an pass\u00e9, d\u00e9j\u00e0, le Grand-Prix des Am\u00e9riques avait \u00e9t\u00e9 le th\u00e9\u00e2tre de l\u2019introduction heureuse d\u2019une mise \u00e0 jour. En sera-t-il de m\u00eame cette ann\u00e9e, \u00e0 Austin ? Quoiqu\u2019il en soit, il devrait s\u2019agir d\u2019une bonne chose pour Esteban Ocon, en esp\u00e9rant que ces nouvelles pi\u00e8ces lui permettent de trouver enfin le bon rythme sur un tour. Son talon d\u2019Achille, cette saison\u2026<\/p>\n<p>Haas F1 a grand besoin d\u2019un coup de boost !<\/p>\n<p>Deuxi\u00e8me des trois courses \u00e0 domicile d\u2019Haas F1 apr\u00e8s Miami et en attendant Las Vegas, Austin pourrait offrir \u00e0 l\u2019\u00e9curie am\u00e9ricaine un terrain de jeu propice \u00e0 de bons r\u00e9sultats, ce week-end. M\u00eame si tout cela d\u00e9pendra aussi et surtout de la pertinence de la fameuse mise \u00e0 jour attendue. Mais en se fiant aux saisons pass\u00e9es, pilotes et patron paraissent plut\u00f4t optimistes, avec cette perspective r\u00e9jouissante de reprendre l\u2019avantage sur des \u00e9quipes comme Sauber ou Aston Martin Racing.<\/p>\n<p>Car, depuis plusieurs \u00e9preuves, la formation am\u00e9ricaine rencontre des difficult\u00e9s, particuli\u00e8rement en course, face \u00e0 ses concurrentes directes. Et au championnat, l\u2019\u00e9cart commence \u00e0 se creuser, avec cette sixi\u00e8me place s\u2019\u00e9loignant, progressivement\u2026Ayao Komatsu, le directeur d\u2019\u00e9quipe Haas, se veut donc confiant, \u00e0 quelques jours du coup d\u2019envoi de ce Grand-Prix des Am\u00e9riques de F1 2025.<\/p>\n<p>\u00ab Nous sommes tr\u00e8s impatients d\u2019\u00eatre au Grand Prix des \u00c9tats-Unis. On se sent toujours comme \u00e0 la maison sur le circuit de Cota. C\u2019est une semaine charg\u00e9e avec beaucoup d\u2019activit\u00e9s, mais avec le fait qu\u2019il s\u2019agisse d\u2019un Sprint, on est sous tension tout le week-end. C\u2019\u00e9tait super de marquer des points \u00e0 Singapour avec Ollie, et ici sur le circuit de Cota, nous voulons vraiment que nos deux pilotes soient en position de marquer des points. Nous apportons une petite am\u00e9lioration, mais comme c\u2019est un week-end de Sprint, nous n\u2019aurons que la premi\u00e8re s\u00e9ance d\u2019essais libres pour l\u2019\u00e9valuer. Il est donc d\u2019autant plus crucial que nous soyons sur les chapeaux de roue. Nous avons h\u00e2te de relever ce d\u00e9fi ! \u00bb<\/p>\n<p>\u00ab On a l\u2019impression de prendre de l\u2019ampleur chaque week-end\u201c, lance, pour sa part, Oliver Bearman. \u201cNous savons que la voiture est rapide, et avec une nouvelle mise \u00e0 jour de la VF-25 \u00e0 Austin, je suis convaincu que ce week-end promet d\u2019\u00eatre excellent. Ce sera mon premier Grand Prix des \u00c9tats-Unis en tant que pilote de l\u2019\u00e9curie MoneyGram Haas F1 Team, donc je sais que ce sera intense, mais c\u2019est tellement agr\u00e9able de s\u2019impr\u00e9gner de l\u2019ambiance et de la passion de tous les fans am\u00e9ricains. Partageant une passion et un amour mutuels pour cette \u00e9quipe et ce sport, COTA sera sans aucun doute un moment fort de la saison\u201c, conclut le pilote britannique, qui va d\u00e9couvrir le trac\u00e9 d\u2019Austin, ce week-end.<\/p>\n<p>\u00ab Je suis ravi de retourner \u00e0 Austin, surtout en tant que pilote de l\u2019\u00e9curie MoneyGram Haas F1\u201c, d\u00e9clare pour sa part, Esteban Ocon, dont l\u2019exp\u00e9rience pourrait faire des merveilles, sur ce circuit \u201ctraditionnel\u201d. C\u2019est une ville vraiment cool et pleine d\u2019\u00e9nergie, et j\u2019ai toujours h\u00e2te d\u2019y retourner. C\u2019est l\u2019une de nos courses \u00e0 domicile, donc nous savons que les fans am\u00e9ricains offriront une ambiance incroyable tout au long du week-end. COTA est un circuit amusant mais exigeant, qui offre toujours des courses passionnantes. Apr\u00e8s Singapour, j\u2019ai travaill\u00e9 dur dans mon centre d\u2019entra\u00eenement et sur le simulateur avec l\u2019\u00e9quipe, avec l\u2019objectif de r\u00e9aliser un bon week-end et de maximiser chaque opportunit\u00e9 qui se pr\u00e9sente. J\u2019ai h\u00e2te d\u2019y retourner, de montrer notre livr\u00e9e sp\u00e9ciale et, esp\u00e9rons-le, de donner \u00e0 nos fans locaux de quoi les encourager. \u00bb, ajoute enfin le Fran\u00e7ais, qui esp\u00e8re probablement repartir du bon pied, \u00e0 cette occasion.<\/p>\n<p>Enfin, notons que, fort logiquement, une livr\u00e9e sp\u00e9ciale sera amen\u00e9e par le Team en question, pour sa course \u00e0 domicile. Voici quelques images de cette version d\u00e9di\u00e9e, partag\u00e9es sur les r\u00e9seaux sociaux.<\/p>\n<blockquote class=\"twitter-tweet\">\n<p dir=\"ltr\" lang=\"en\">Stars and stripes on full show \ud83e\udd0d\u2764\ufe0f\ud83d\udc99<\/p>\n<p>Our VF-25 in its home race suit, ready to shine at Austin \ud83e\udd29<a href=\"https:\/\/twitter.com\/hashtag\/HaasF1?src=hash&amp;ref_src=twsrc%5Etfw\" target=\"_blank\" rel=\"noopener\">#HaasF1<\/a> <a href=\"https:\/\/twitter.com\/hashtag\/F1?src=hash&amp;ref_src=twsrc%5Etfw\" target=\"_blank\" rel=\"noopener\">#F1<\/a> <a href=\"https:\/\/twitter.com\/hashtag\/USGP?src=hash&amp;ref_src=twsrc%5Etfw\" target=\"_blank\" rel=\"noopener\">#USGP<\/a> <a href=\"https:\/\/t.co\/5D52BpJ50z\">pic.twitter.com\/5D52BpJ50z<\/a><\/p>\n<p>\u2014 MoneyGram Haas F1 Team (@HaasF1Team) <a href=\"https:\/\/twitter.com\/HaasF1Team\/status\/1977722151030383083?ref_src=twsrc%5Etfw\" target=\"_blank\" rel=\"noopener\">October 13, 2025<\/a><\/p>\n<\/blockquote>\n<p>Article publi\u00e9 le 13\/10\/2025 \u00e0 17h20<\/p>\n<p>                                                            <script async src=\"https:\/\/platform.twitter.com\/widgets.js\" charset=\"utf-8\"><\/script><\/p>\n","protected":false},"excerpt":{"rendered":"C\u2019est souvent le lieu de pr\u00e9dilection de l\u2019\u00e9curie Haas F1, pour propulser une \u00e9volution sur sa monoplace. L\u2019an&hellip;\n","protected":false},"author":2,"featured_media":461165,"comment_status":"","ping_status":"","sticky":false,"template":"","format":"standard","meta":{"footnotes":""},"categories":[1412],"tags":[2249,1451,1452,1453,1454,1455,1011,27,60],"class_list":{"0":"post-461164","1":"post","2":"type-post","3":"status-publish","4":"format-standard","5":"has-post-thumbnail","7":"category-f1","8":"tag-esteban-ocon","9":"tag-f1","10":"tag-formula-1","11":"tag-formula1","12":"tag-formule-1","13":"tag-formule1","14":"tag-fr","15":"tag-france","16":"tag-sports"},"share_on_mastodon":{"url":"https:\/\/pubeurope.com\/@fr\/115369818517291136","error":""},"_links":{"self":[{"href":"https:\/\/www.europesays.com\/fr\/wp-json\/wp\/v2\/posts\/461164","targetHints":{"allow":["GET"]}}],"collection":[{"href":"https:\/\/www.europesays.com\/fr\/wp-json\/wp\/v2\/posts"}],"about":[{"href":"https:\/\/www.europesays.com\/fr\/wp-json\/wp\/v2\/types\/post"}],"author":[{"embeddable":true,"href":"https:\/\/www.europesays.com\/fr\/wp-json\/wp\/v2\/users\/2"}],"replies":[{"embeddable":true,"href":"https:\/\/www.europesays.com\/fr\/wp-json\/wp\/v2\/comments?post=461164"}],"version-history":[{"count":0,"href":"https:\/\/www.europesays.com\/fr\/wp-json\/wp\/v2\/posts\/461164\/revisions"}],"wp:featuredmedia":[{"embeddable":true,"href":"https:\/\/www.europesays.com\/fr\/wp-json\/wp\/v2\/media\/461165"}],"wp:attachment":[{"href":"https:\/\/www.europesays.com\/fr\/wp-json\/wp\/v2\/media?parent=461164"}],"wp:term":[{"taxonomy":"category","embeddable":true,"href":"https:\/\/www.europesays.com\/fr\/wp-json\/wp\/v2\/categories?post=461164"},{"taxonomy":"post_tag","embeddable":true,"href":"https:\/\/www.europesays.com\/fr\/wp-json\/wp\/v2\/tags?post=461164"}],"curies":[{"name":"wp","href":"https:\/\/api.w.org\/{rel}","templated":true}]}}