{"id":461166,"date":"2025-10-14T01:01:15","date_gmt":"2025-10-14T01:01:15","guid":{"rendered":"https:\/\/www.europesays.com\/fr\/461166\/"},"modified":"2025-10-14T01:01:15","modified_gmt":"2025-10-14T01:01:15","slug":"une-autre-structure-pro-va-travailler-avec-crabbe-dstny-actualite","status":"publish","type":"post","link":"https:\/\/www.europesays.com\/fr\/461166\/","title":{"rendered":"Une autre structure pro va travailler avec Crabb\u00e9-Dstny &#8211; Actualit\u00e9"},"content":{"rendered":"<p style=\"text-align: justify;\">\u00c0 partir de 2026, les WorldTeams Alpecin-Deceuninck et Fenix-Deceuninck vont travailler en lien \u00e9troit avec l\u2019\u00e9quipe\u00a0<strong><a href=\"https:\/\/www.directvelo.com\/equipe\/10483\/performance-cycling-team-crabbe-dstny\" target=\"_blank\" rel=\"noopener\">Crabb\u00e9-Dstny<\/a><\/strong>\u00a0\u201cpour former de jeunes cyclistes dans toutes les disciplines\u201d, peut-on lire dans un communiqu\u00e9. Ce partenariat entre les deux structures portera au moins sur les trois prochaines saisons.<\/p>\n<p>Alpecin et Fenix continueront \u00e9galement de collaborer avec le WAC Team et NXTG, \u201cafin que le talent et le potentiel ne soient pas monopolis\u00e9s par une seule \u00e9quipe\u201d.<\/p>\n<p>\u201cPour notre \u00e9quipe, c\u2019est une excellente opportunit\u00e9 de permettre \u00e0 de jeunes coureurs de progresser dans un environnement encore plus professionnel\u201d, d\u00e9clare Jo Van Gossum, manager de Crabb\u00e9-Dstny. Cette ann\u00e9e, son \u00e9quipe \u00e9tait, avec le CC Chevigny, l\u2019une des deux \u00e9quipes Juniors \u00e0 avoir un partenariat avec la ProTeam Lotto.<\/p>\n","protected":false},"excerpt":{"rendered":"\u00c0 partir de 2026, les WorldTeams Alpecin-Deceuninck et Fenix-Deceuninck vont travailler en lien \u00e9troit avec l\u2019\u00e9quipe\u00a0Crabb\u00e9-Dstny\u00a0\u201cpour former de&hellip;\n","protected":false},"author":2,"featured_media":461167,"comment_status":"","ping_status":"","sticky":false,"template":"","format":"standard","meta":{"footnotes":""},"categories":[1411],"tags":[834,828,836,829,837,827,83,826,824,823,1154,207,814,817,815,816,822,821,832,211,839,1011,27,820,818,819,835,831,830,833,838,60,212,208,825],"class_list":{"0":"post-461166","1":"post","2":"type-post","3":"status-publish","4":"format-standard","5":"has-post-thumbnail","7":"category-cyclisme","8":"tag-attaque","9":"tag-belgique","10":"tag-braquet","11":"tag-bretagne","12":"tag-chute","13":"tag-competition","14":"tag-coupe-de-france","15":"tag-coureur","16":"tag-course-cyclisme","17":"tag-course-cycliste","18":"tag-cycling","19":"tag-cyclisme","20":"tag-direct","21":"tag-direct-velo","22":"tag-directvelo","23":"tag-directvelo-com","24":"tag-epreuve","25":"tag-epreuve-cycliste","26":"tag-federation-francaise-de-cyclisme","27":"tag-ffc","28":"tag-flandres","29":"tag-fr","30":"tag-france","31":"tag-live","32":"tag-live-course","33":"tag-live-epreuve","34":"tag-peloton","35":"tag-radio-peloton","36":"tag-radio-tour","37":"tag-ravitaillement","38":"tag-relance","39":"tag-sports","40":"tag-uci","41":"tag-velo","42":"tag-velos"},"share_on_mastodon":{"url":"https:\/\/pubeurope.com\/@fr\/115369822413672515","error":""},"_links":{"self":[{"href":"https:\/\/www.europesays.com\/fr\/wp-json\/wp\/v2\/posts\/461166","targetHints":{"allow":["GET"]}}],"collection":[{"href":"https:\/\/www.europesays.com\/fr\/wp-json\/wp\/v2\/posts"}],"about":[{"href":"https:\/\/www.europesays.com\/fr\/wp-json\/wp\/v2\/types\/post"}],"author":[{"embeddable":true,"href":"https:\/\/www.europesays.com\/fr\/wp-json\/wp\/v2\/users\/2"}],"replies":[{"embeddable":true,"href":"https:\/\/www.europesays.com\/fr\/wp-json\/wp\/v2\/comments?post=461166"}],"version-history":[{"count":0,"href":"https:\/\/www.europesays.com\/fr\/wp-json\/wp\/v2\/posts\/461166\/revisions"}],"wp:featuredmedia":[{"embeddable":true,"href":"https:\/\/www.europesays.com\/fr\/wp-json\/wp\/v2\/media\/461167"}],"wp:attachment":[{"href":"https:\/\/www.europesays.com\/fr\/wp-json\/wp\/v2\/media?parent=461166"}],"wp:term":[{"taxonomy":"category","embeddable":true,"href":"https:\/\/www.europesays.com\/fr\/wp-json\/wp\/v2\/categories?post=461166"},{"taxonomy":"post_tag","embeddable":true,"href":"https:\/\/www.europesays.com\/fr\/wp-json\/wp\/v2\/tags?post=461166"}],"curies":[{"name":"wp","href":"https:\/\/api.w.org\/{rel}","templated":true}]}}