{"id":461170,"date":"2025-10-14T01:03:12","date_gmt":"2025-10-14T01:03:12","guid":{"rendered":"https:\/\/www.europesays.com\/fr\/461170\/"},"modified":"2025-10-14T01:03:12","modified_gmt":"2025-10-14T01:03:12","slug":"merci-taclee-par-laurence-boccolini-faustine-bollaert-lui-repond-a-sa-maniere","status":"publish","type":"post","link":"https:\/\/www.europesays.com\/fr\/461170\/","title":{"rendered":"\u00ab\u00a0Merci\u00a0\u00bb, tacl\u00e9e par Laurence Boccolini, Faustine Bollaert lui r\u00e9pond \u00e0 sa mani\u00e8re"},"content":{"rendered":"<p>      R\u00e9sum\u00e9<\/p>\n<p>Faustine Bollaert c\u00e9l\u00e8bre un record d\u2019audience aux \u00ab Enfants de la t\u00e9l\u00e9 \u00bb, tandis que Laurence Boccolini r\u00e9agit publiquement \u00e0 son d\u00e9part controvers\u00e9 de l\u2019\u00e9mission.<\/p>\n<p>        Sommaire<\/p>\n<p>Une bonne nouvelle qui vient \u00e0 point nomm\u00e9. Ce dimanche 12 octobre 2025, <a href=\"https:\/\/www.public.fr\/tag\/faustine-bollaert\" target=\"_blank\" rel=\"noopener\">Faustine Bollaert<\/a> pr\u00e9sentait le 4e num\u00e9ro des <strong>Enfants de la t\u00e9l\u00e9<\/strong> depuis qu\u2019elle a repris le flambeau. Un num\u00e9ro qui a s\u00e9duit le public comme l\u2019indique Purem\u00e9dias.<\/p>\n<p>En effet, nos confr\u00e8res indiquent que l\u2019\u00e9mission hebdomadaire <strong>\u00ab\u00a0bondit (+ 2,0 points versus J-7) et signe son record sur les deux indicateurs\u00a0\u00bb<\/strong>. Pour f\u00eater la nouvelle, l\u2019animatrice n\u2019a pas manqu\u00e9 de l\u2019annoncer sur son compte Instagram.<\/p>\n<p>Faustine Bollaert signe un record avec \u00ab\u00a0Les Enfants de la t\u00e9l\u00e9\u00a0\u00bb<\/p>\n<p>En story, Faustine Bollaert a en effet partag\u00e9 l\u2019article de nos confr\u00e8res ayant pour titre \u00ab\u00a0Audiences dimanche : Record pour \u2018Les enfants de la t\u00e9l\u00e9\u2019 avec Faustine Bollaert et \u2018Un dimanche \u00e0 la campagne\u2019 sur France 2, Rapha\u00ebl Glucksmann fait chuter Anne-Sophie Lapix sur M6\u00a0\u00bb.<\/p>\n<p>L\u2019animatrice, accompagnant sa publication d\u2019une l\u00e9gende simple mais efficace, pour remercier ses abonn\u00e9s et surtout tous les t\u00e9l\u00e9spectateurs pr\u00e9sents, lui ayant permis de signer un record avec Les Enfants de la t\u00e9l\u00e9 : <strong>\u00ab\u00a0Merci\u00a0\u00bb<\/strong>, a-t-elle sobrement \u00e9crit.<\/p>\n<p>Une mani\u00e8re, bien \u00e0 elle, de prouver \u00e0 <a href=\"https:\/\/www.public.fr\/tag\/laurence-boccolini\" target=\"_blank\" rel=\"noopener\">Laurence Boccolini<\/a> que France T\u00e9l\u00e9visions a eu raison de lui faire confiance et de lui r\u00e9pondre avant l\u2019heure. En effet, quelques heures apr\u00e8s cette publication, <a href=\"https:\/\/vsd.fr\/84119-laurence-boccolini-viree-des-enfants-de-la-tele-au-profit-de-faustine-bollaert-voici-ce-que-france-televisions-lui-propose-en-echange\/\" target=\"_blank\" rel=\"noopener\">celle qui pr\u00e9sentait <strong>les Enfants de la t\u00e9l\u00e9<\/strong><\/a> avant Faustine Bollaert a d\u00e9cid\u00e9 de sortir du silence et \u00e9voquer son d\u00e9part du programme pour la premi\u00e8re fois.<\/p>\n<p><img loading=\"lazy\" decoding=\"async\" width=\"571\" height=\"1024\" src=\"https:\/\/www.europesays.com\/fr\/wp-content\/uploads\/2025\/10\/Capture-decran-2025-10-13-a-22.05.19-571x1024.jpg\" alt=\"&quot;Merci&quot;, tacl\u00e9e par Laurence Boccolini, Faustine Bollaert lui r\u00e9pond \u00e0 sa mani\u00e8re\"  \/><\/p>\n<p>Screenshot<\/p>\n<p>Laurence Boccolini lui en veut <\/p>\n<p>Un d\u00e9part pas vraiment d\u00e9cid\u00e9. En effet, selon l\u2019animatrice de 62 ans,<strong> il s\u2019agit bel et bien d\u2019une \u00e9viction.<\/strong> <a href=\"https:\/\/www.public.fr\/laurence-boccolini-flingue-faustine-bollaert-elle-ne-ma-meme-pas-appelee\" target=\"_blank\" rel=\"noopener\">Laurence Boccolini l\u2019a assur\u00e9 aupr\u00e8s de Jordan de Luxe<\/a> au cours d\u2019un entretien, comme l\u2019a r\u00e9v\u00e9l\u00e9 Jean-Marc Morandini.<\/p>\n<p>Nos confr\u00e8res d\u00e9voilant un extrait dans lequel l\u2019ancienne pr\u00e9sentatrice du <strong>Maillon Faible, Money Drop<\/strong>, et donc des <strong>Enfants de la t\u00e9l\u00e9<\/strong>, fait part de sa <strong>d\u00e9ception concernant Faustine Bollaert<\/strong>. Cette derni\u00e8re n\u2019ayant pas pris la peine de l\u2019appeler pour lui annoncer la mauvaise nouvelle.\u00a0<\/p>\n<p>\u00ab\u00a0<strong>Elle ne m&rsquo;a m\u00eame pas appel\u00e9e. Juste envoy\u00e9 un SMS, tard le soir<\/strong> au c\u0153ur de l&rsquo;\u00e9t\u00e9\u00a0en me disant, qu&rsquo;elle \u00e9tait d\u00e9sol\u00e9e et qu&rsquo;elle ne savait pas que je n\u2019avais plus rien\u00a0\u00bb, a-t-elle confi\u00e9 dans un premier temps.<\/p>\n<p>Avant de poursuivre : \u00ab\u00a0Elle m&rsquo;a assur\u00e9e de\u00a0\u2018sa sororit\u00e9\u2019.\u00a0Franchement, il faut arr\u00eater avec ce mot-l\u00e0. Si elle pensait que j&rsquo;avais beaucoup de choses sur la grille,\u00a0<strong>il fallait m&rsquo;appeler. Ca m&rsquo;a mis en col\u00e8re.<\/strong>\u00a0J&rsquo;ai 62 ans. Je suis mal&#8230; Et je ne suis m\u00eame pas \u00e0 l&rsquo;antenne \u00e0 France T\u00e9l\u00e9. Je n&rsquo;ai plus une facture qui rentre\u00a0\u00bb, poursuit l\u2019animatrice, tr\u00e8s en col\u00e8re.<\/p>\n<p>      Mentionn\u00e9s dans cet article<\/p>\n<p>      Sur le m\u00eame sujet<\/p>\n","protected":false},"excerpt":{"rendered":"R\u00e9sum\u00e9 Faustine Bollaert c\u00e9l\u00e8bre un record d\u2019audience aux \u00ab Enfants de la t\u00e9l\u00e9 \u00bb, tandis que Laurence Boccolini&hellip;\n","protected":false},"author":2,"featured_media":461171,"comment_status":"","ping_status":"","sticky":false,"template":"","format":"standard","meta":{"footnotes":""},"categories":[1359],"tags":[58,59,6308,1011,27,3219,20223,973],"class_list":{"0":"post-461170","1":"post","2":"type-post","3":"status-publish","4":"format-standard","5":"has-post-thumbnail","7":"category-people","8":"tag-divertissement","9":"tag-entertainment","10":"tag-faustine-bollaert","11":"tag-fr","12":"tag-france","13":"tag-laurence-boccolini","14":"tag-les-enfants-de-la-tele","15":"tag-people"},"share_on_mastodon":{"url":"https:\/\/pubeurope.com\/@fr\/115369830826068358","error":""},"_links":{"self":[{"href":"https:\/\/www.europesays.com\/fr\/wp-json\/wp\/v2\/posts\/461170","targetHints":{"allow":["GET"]}}],"collection":[{"href":"https:\/\/www.europesays.com\/fr\/wp-json\/wp\/v2\/posts"}],"about":[{"href":"https:\/\/www.europesays.com\/fr\/wp-json\/wp\/v2\/types\/post"}],"author":[{"embeddable":true,"href":"https:\/\/www.europesays.com\/fr\/wp-json\/wp\/v2\/users\/2"}],"replies":[{"embeddable":true,"href":"https:\/\/www.europesays.com\/fr\/wp-json\/wp\/v2\/comments?post=461170"}],"version-history":[{"count":0,"href":"https:\/\/www.europesays.com\/fr\/wp-json\/wp\/v2\/posts\/461170\/revisions"}],"wp:featuredmedia":[{"embeddable":true,"href":"https:\/\/www.europesays.com\/fr\/wp-json\/wp\/v2\/media\/461171"}],"wp:attachment":[{"href":"https:\/\/www.europesays.com\/fr\/wp-json\/wp\/v2\/media?parent=461170"}],"wp:term":[{"taxonomy":"category","embeddable":true,"href":"https:\/\/www.europesays.com\/fr\/wp-json\/wp\/v2\/categories?post=461170"},{"taxonomy":"post_tag","embeddable":true,"href":"https:\/\/www.europesays.com\/fr\/wp-json\/wp\/v2\/tags?post=461170"}],"curies":[{"name":"wp","href":"https:\/\/api.w.org\/{rel}","templated":true}]}}