{"id":461172,"date":"2025-10-14T01:04:21","date_gmt":"2025-10-14T01:04:21","guid":{"rendered":"https:\/\/www.europesays.com\/fr\/461172\/"},"modified":"2025-10-14T01:04:21","modified_gmt":"2025-10-14T01:04:21","slug":"dans-le-calvados-24-peintres-amateurs-ont-expose-leurs-105-oeuvres-a-la-vue-de-tous","status":"publish","type":"post","link":"https:\/\/www.europesays.com\/fr\/461172\/","title":{"rendered":"Dans le Calvados, 24 peintres amateurs ont expos\u00e9 leurs 105 \u0153uvres \u00e0 la vue de tous"},"content":{"rendered":"<p>            Par<br \/>\n        <strong><br \/>\n            <a href=\"https:\/\/actu.fr\/auteur\/redaction-vb\" title=\"Consulter tous les articles de R\u00e9daction La Voix Le Bocage\" target=\"_blank\" rel=\"noopener\">R\u00e9daction La Voix Le Bocage<\/a><br \/>\n        <\/strong><\/p>\n<p>        Publi\u00e9 le<\/p>\n<p>            13 oct. 2025 \u00e0 10h50        <\/p>\n<p>L\u2019association de peintres amateurs <b>Ding Dingue d\u2019Arts<\/b>, pr\u00e9sid\u00e9e par Michel Closmenil, a organis\u00e9 une <b>exposition <\/b>durant le week-end du 3 au 5 octobre 2025 au centre Richard-Lenoir de <a href=\"https:\/\/actu.fr\/normandie\/villers-bocage_14752\" target=\"_blank\" rel=\"noopener\">Villers-Bocage<\/a>, dans le <a href=\"https:\/\/actu.fr\/14actu\/\" target=\"_blank\" rel=\"noopener\">Calvados<\/a>.<\/p>\n<p>24 artistes amateurs participent \u00e0 l\u2019exposition<\/p>\n<p class=\" wall-content\">Les <b>24 artistes <\/b>ont pr\u00e9sent\u00e9 leurs \u0153uvres, qu\u2019il s\u2019agisse d\u2019aquarelles, d\u2019huiles, de portraits, de natures mortes, d\u2019abstrait\u2026 Il y avait du monde de pr\u00e9sent vendredi soir 3 octobre pour le <b>vernissage<\/b> de cette exposition.<\/p>\n<blockquote class=\"ac-article-quote wall-content\">\n<p>Nous avions 105 toiles expos\u00e9es de la part des 24 peintres amateurs. Nous avons dans notre association six nouvelles inscriptions, et la fr\u00e9quentation de l\u2019atelier place de Gaulle est r\u00e9guli\u00e8re ; chacun et chacune d\u2019entre nous retrouve cette ambiance positive et cr\u00e9ative.<\/p>\n<p>Michel Closmenil<\/p><\/blockquote>\n<p class=\" wall-content\">Au cours de l\u2019ann\u00e9e, les peintres de Ding Dingues d\u2019Arts ont particip\u00e9 \u00e0 plusieurs expositions et activit\u00e9s, avec notamment une exposition d\u2019un mois \u00e0 la <b>maison de Jeanne<\/b>, la r\u00e9alisation d\u2019une affiche pour la <a href=\"https:\/\/actu.fr\/normandie\/villers-bocage_14752\/dans-le-calvados-le-pique-nique-geant-rassemble-pres-de-500-habitants-devant-la-mairie-une-fete-reussie_62848193.html\" target=\"_blank\" rel=\"noopener\">f\u00eate de Villers-Bocage<\/a> et la repr\u00e9sentation au <b>forum des associations<\/b>.<\/p>\n<p class=\" wall-content\">Personnalisez votre actualit\u00e9 en ajoutant vos villes et m\u00e9dias en favori avec <a href=\"https:\/\/moncompte.actu.fr\" title=\"D\u00e9couvez Mon Actu\" rel=\"nofollow noopener\" data-trk=\"{&quot;cta&quot;:{&quot;action&quot;:&quot;https:\\\/\\\/moncompte.actu.fr&quot;,&quot;category&quot;:&quot;mon compte&quot;,&quot;from&quot;:&quot;article footer&quot;,&quot;name&quot;:&quot;Mon actu&quot;,&quot;type&quot;:&quot;cta&quot;}}\" target=\"_blank\">Mon Actu<\/a>.<\/p>\n","protected":false},"excerpt":{"rendered":"Par R\u00e9daction La Voix Le Bocage Publi\u00e9 le 13 oct. 2025 \u00e0 10h50 L\u2019association de peintres amateurs Ding&hellip;\n","protected":false},"author":2,"featured_media":461173,"comment_status":"","ping_status":"","sticky":false,"template":"","format":"standard","meta":{"footnotes":""},"categories":[1358],"tags":[1348,1384,1385,5164,1386,58,59,1011,27,1652],"class_list":{"0":"post-461172","1":"post","2":"type-post","3":"status-publish","4":"format-standard","5":"has-post-thumbnail","7":"category-arts-et-design","8":"tag-arts","9":"tag-arts-and-design","10":"tag-arts-et-design","11":"tag-calvados","12":"tag-design","13":"tag-divertissement","14":"tag-entertainment","15":"tag-fr","16":"tag-france","17":"tag-loisirs-culture"},"share_on_mastodon":{"url":"https:\/\/pubeurope.com\/@fr\/115369834287455051","error":""},"_links":{"self":[{"href":"https:\/\/www.europesays.com\/fr\/wp-json\/wp\/v2\/posts\/461172","targetHints":{"allow":["GET"]}}],"collection":[{"href":"https:\/\/www.europesays.com\/fr\/wp-json\/wp\/v2\/posts"}],"about":[{"href":"https:\/\/www.europesays.com\/fr\/wp-json\/wp\/v2\/types\/post"}],"author":[{"embeddable":true,"href":"https:\/\/www.europesays.com\/fr\/wp-json\/wp\/v2\/users\/2"}],"replies":[{"embeddable":true,"href":"https:\/\/www.europesays.com\/fr\/wp-json\/wp\/v2\/comments?post=461172"}],"version-history":[{"count":0,"href":"https:\/\/www.europesays.com\/fr\/wp-json\/wp\/v2\/posts\/461172\/revisions"}],"wp:featuredmedia":[{"embeddable":true,"href":"https:\/\/www.europesays.com\/fr\/wp-json\/wp\/v2\/media\/461173"}],"wp:attachment":[{"href":"https:\/\/www.europesays.com\/fr\/wp-json\/wp\/v2\/media?parent=461172"}],"wp:term":[{"taxonomy":"category","embeddable":true,"href":"https:\/\/www.europesays.com\/fr\/wp-json\/wp\/v2\/categories?post=461172"},{"taxonomy":"post_tag","embeddable":true,"href":"https:\/\/www.europesays.com\/fr\/wp-json\/wp\/v2\/tags?post=461172"}],"curies":[{"name":"wp","href":"https:\/\/api.w.org\/{rel}","templated":true}]}}