{"id":461174,"date":"2025-10-14T01:05:18","date_gmt":"2025-10-14T01:05:18","guid":{"rendered":"https:\/\/www.europesays.com\/fr\/461174\/"},"modified":"2025-10-14T01:05:18","modified_gmt":"2025-10-14T01:05:18","slug":"22e-edition-du-prix-litteraire-de-la-ville-de-valognes-les-six-romans-retenus","status":"publish","type":"post","link":"https:\/\/www.europesays.com\/fr\/461174\/","title":{"rendered":"22e \u00e9dition du prix litt\u00e9raire de la Ville de Valognes : les six romans retenus"},"content":{"rendered":"<p>            Par<br \/>\n        <strong><br \/>\n            <a href=\"https:\/\/actu.fr\/auteur\/redaction-pressemanche\" title=\"Consulter tous les articles de R\u00e9daction La Presse de la Manche\" rel=\"nofollow noopener\" target=\"_blank\">R\u00e9daction La Presse de la Manche<\/a><br \/>\n        <\/strong><\/p>\n<p>        Publi\u00e9 le<\/p>\n<p>            13 oct. 2025 \u00e0 17h28        <\/p>\n<p>Le laur\u00e9at du prix litt\u00e9raire 2026 de la Ville de <a href=\"https:\/\/actu.fr\/normandie\/valognes_50615\" rel=\"nofollow noopener\" target=\"_blank\">Valognes<\/a> <a href=\"https:\/\/actu.fr\/normandie\/manche_50\" rel=\"nofollow noopener\" target=\"_blank\">(Manche<\/a>) sera<b> forc\u00e9ment une femme, <\/b>puisqu\u2019il se trouve que les <b>six romans retenus<\/b> en s\u00e9lection finale par les biblioth\u00e9caires de la m\u00e9diath\u00e8que et les documentalistes du lyc\u00e9e Henri-Cornat sont des romanci\u00e8res, <b>sans aucun parti pris.<\/b><\/p>\n<p class=\" wall-content\">Ce ne sont pas des premiers romans, mais ils ont tous \u00e9t\u00e9 \u00e9dit\u00e9s<b> en 2025, \u00e9crits par des auteures qui n\u2019ont pas re\u00e7u de prix litt\u00e9raire majeur et vivant en France<\/b> pour pouvoir \u00eatre jointes facilement lors la remise du prix qui aura lieu en <b>mai\u00a02026.<\/b><\/p>\n<p>Th\u00e8me du prix litt\u00e9raire\u2009: Amour, amours<\/p>\n<p class=\" wall-content\">\u00ab\u2009La municipalit\u00e9 attache <b>beaucoup de valeur <\/b>\u00e0 ce prix litt\u00e9raire en partenariat avec le lyc\u00e9e Henri-Cornat et nous soulignons le travail men\u00e9 par leur professeure de fran\u00e7ais, C\u00e9line Grenier, et les documentalistes. La richesse des liens qui vont se tisser au fil de la lecture de tous les livres de la s\u00e9lection, et des rencontres et animations qui vont \u00eatre organis\u00e9es au niveau de la m\u00e9diath\u00e8que apporteront<b> une saveur particuli\u00e8re <\/b>dont chacun des participants, \u00e9l\u00e8ves ou adultes, se souviendra.\u2009\u00bb<\/p>\n<p class=\" wall-content\">C\u2019est par ces paroles que<b> Fran\u00e7oise Thurat, <\/b>adjointe au maire d\u00e9l\u00e9gu\u00e9e \u00e0 la culture, ouvrait la r\u00e9union destin\u00e9e \u00e0 lancer ce prix litt\u00e9raire, qui a la particularit\u00e9 d\u2019associer des lyc\u00e9ens et des adultes pour le d\u00e9cerner.<\/p>\n<p class=\" wall-content\">Le th\u00e8me retenu pour l\u2019\u00e9dition 2025-2026 est \u00ab<b>\u2009Amour, amours\u2009\u00bb<\/b> qui se veut, par ce singulier et ce pluriel, <b>une d\u00e9clinaison large de ce sentiment\u2009: <\/b>amour entre deux adolescents ou adultes, mais aussi amour fraternel ou familial ou amiti\u00e9 amoureuse, d\u2019o\u00f9 le pluriel, d\u2019ailleurs bien souvent au f\u00e9minin dans la litt\u00e9rature.<\/p>\n<p>Vous pouvez encore faire partie du jury adulte<\/p>\n<p class=\" wall-content\">C\u2019est sur ce th\u00e8me que la s\u00e9lection a \u00e9t\u00e9 op\u00e9r\u00e9e <b>d\u00e8s mars\u00a02025 <\/b>par Patrick Ledot, Catherine Fran\u00e7ois et Fr\u00e9d\u00e9ric Prilleux, c\u00f4t\u00e9 biblioth\u00e8que, et par les deux documentalistes du lyc\u00e9e Cornat\u2009: Carine Taulier et Mathilde Doucet.<\/p>\n<p>Vid\u00e9os : en ce moment sur Actu<\/p>\n<p class=\" wall-content\">Il est encore temps, <b>jusqu\u2019aux environs du 20\u00a0octobre<\/b>, mais pas au-del\u00e0, de s\u2019inscrire en m\u00e9diath\u00e8que<b> pour faire partie du jury adulte<\/b>, mais d\u2019ici janvier, il faudra avoir lu les six livres pr\u00eat\u00e9s par la biblioth\u00e8que.<\/p>\n<p class=\" wall-content\">Le jury adulte se composera <b>d\u2019une vingtaine de personnes,<\/b> pour la plupart issues des jurys des ann\u00e9es pr\u00e9c\u00e9dentes, mais les biblioth\u00e9caires appr\u00e9cieraient qu\u2019il y ait de nouveaux lecteurs.<\/p>\n<p>Votre r\u00e9gion, votre actu !<\/p>\n<p>Recevez chaque jour les infos qui comptent pour vous.<\/p>\n<p>\t<a href=\"https:\/\/actu.fr\/newsletter\" class=\"ac-btn ac-btn--corner ac-btn--medium ac-btn--blue800\" rel=\"nofollow noopener\" target=\"_blank\">S&rsquo;incrire<\/a><\/p>\n<p class=\" wall-content\">Quant aux lyc\u00e9ens, leur nombre est<b> plus ou moins l\u2019\u00e9quivalent de celui d\u2019une classe,<\/b> plus \u00e9ventuellement quelques jeunes souhaitant se greffer au groupe.<\/p>\n<p>Les romans en lice<\/p>\n<p>Pauline Bilisari : Les Astres brilleront toujours. Fr\u00e9d\u00e9rique Deghelt : Sauvagerie. Anne Goscinny : Mille fa\u00e7ons d&rsquo;aimer. V\u00e9ronique Olmi : Le courage des innocents. Marie-Sabine Roger : Lupita. H\u00e9l\u00e8ne Veyssier : Parmi toutes les autres.<br \/>&#13;<br \/>\nEn mai 2026, la romanci\u00e8re laur\u00e9ate sera convi\u00e9e \u00e0 Valognes pour la remise de son prix.<\/p>\n<p class=\" wall-content\"><b>De notre correspondante Catherine CHAUMET<\/b><\/p>\n<p>Informations pour faire partie du jury adulte\u2009: m\u00e9diath\u00e8que 02\u200933\u200995\u200982\u200940.<\/p>\n<p class=\" wall-content\">Personnalisez votre actualit\u00e9 en ajoutant vos villes et m\u00e9dias en favori avec <a href=\"https:\/\/moncompte.actu.fr\" title=\"D\u00e9couvez Mon Actu\" rel=\"nofollow noopener\" data-trk=\"{&quot;cta&quot;:{&quot;action&quot;:&quot;https:\\\/\\\/moncompte.actu.fr&quot;,&quot;category&quot;:&quot;mon compte&quot;,&quot;from&quot;:&quot;article footer&quot;,&quot;name&quot;:&quot;Mon actu&quot;,&quot;type&quot;:&quot;cta&quot;}}\" target=\"_blank\">Mon Actu<\/a>.<\/p>\n","protected":false},"excerpt":{"rendered":"Par R\u00e9daction La Presse de la Manche Publi\u00e9 le 13 oct. 2025 \u00e0 17h28 Le laur\u00e9at du prix&hellip;\n","protected":false},"author":2,"featured_media":461175,"comment_status":"","ping_status":"","sticky":false,"template":"","format":"standard","meta":{"footnotes":""},"categories":[1357],"tags":[1379,3168,58,59,1011,27,1380,1652],"class_list":{"0":"post-461174","1":"post","2":"type-post","3":"status-publish","4":"format-standard","5":"has-post-thumbnail","7":"category-livres","8":"tag-books","9":"tag-cotentin","10":"tag-divertissement","11":"tag-entertainment","12":"tag-fr","13":"tag-france","14":"tag-livres","15":"tag-loisirs-culture"},"share_on_mastodon":{"url":"https:\/\/pubeurope.com\/@fr\/115369838208252795","error":""},"_links":{"self":[{"href":"https:\/\/www.europesays.com\/fr\/wp-json\/wp\/v2\/posts\/461174","targetHints":{"allow":["GET"]}}],"collection":[{"href":"https:\/\/www.europesays.com\/fr\/wp-json\/wp\/v2\/posts"}],"about":[{"href":"https:\/\/www.europesays.com\/fr\/wp-json\/wp\/v2\/types\/post"}],"author":[{"embeddable":true,"href":"https:\/\/www.europesays.com\/fr\/wp-json\/wp\/v2\/users\/2"}],"replies":[{"embeddable":true,"href":"https:\/\/www.europesays.com\/fr\/wp-json\/wp\/v2\/comments?post=461174"}],"version-history":[{"count":0,"href":"https:\/\/www.europesays.com\/fr\/wp-json\/wp\/v2\/posts\/461174\/revisions"}],"wp:featuredmedia":[{"embeddable":true,"href":"https:\/\/www.europesays.com\/fr\/wp-json\/wp\/v2\/media\/461175"}],"wp:attachment":[{"href":"https:\/\/www.europesays.com\/fr\/wp-json\/wp\/v2\/media?parent=461174"}],"wp:term":[{"taxonomy":"category","embeddable":true,"href":"https:\/\/www.europesays.com\/fr\/wp-json\/wp\/v2\/categories?post=461174"},{"taxonomy":"post_tag","embeddable":true,"href":"https:\/\/www.europesays.com\/fr\/wp-json\/wp\/v2\/tags?post=461174"}],"curies":[{"name":"wp","href":"https:\/\/api.w.org\/{rel}","templated":true}]}}