{"id":461176,"date":"2025-10-14T01:06:22","date_gmt":"2025-10-14T01:06:22","guid":{"rendered":"https:\/\/www.europesays.com\/fr\/461176\/"},"modified":"2025-10-14T01:06:22","modified_gmt":"2025-10-14T01:06:22","slug":"les-artistes-candice-star-academy-et-lisandro-cuxi-the-voice-tournent-un-clip-ensemble","status":"publish","type":"post","link":"https:\/\/www.europesays.com\/fr\/461176\/","title":{"rendered":"les artistes Candice (Star Academy) et Lisandro Cuxi (The Voice) tournent un clip ensemble"},"content":{"rendered":"<p>            Par<br \/>\n        <strong><br \/>\n            <a href=\"https:\/\/actu.fr\/auteur\/redaction-lerepublique\" title=\"Consulter tous les articles de R\u00e9daction La R\u00e9publique de Seine et Marne\" rel=\"nofollow noopener\" target=\"_blank\">R\u00e9daction La R\u00e9publique de Seine et Marne<\/a><br \/>\n        <\/strong><\/p>\n<p>        Publi\u00e9 le<\/p>\n<p>            13 oct. 2025 \u00e0 21h00        <\/p>\n<p>Elle a \u00e9t\u00e9 l\u2019une des \u00e9l\u00e8ves de la saison 2023 de <a href=\"https:\/\/actu.fr\/tag\/star-academy\" rel=\"nofollow noopener\" target=\"_blank\">la Star Academy<\/a>. Lui a termin\u00e9 second de l\u2019\u00e9mission <b>The Voice Kids<\/b> en 2015, avant de remporter <a href=\"https:\/\/actu.fr\/tag\/the-voice\" rel=\"nofollow noopener\" target=\"_blank\">The Voice<\/a> en 2017.<\/p>\n<p class=\" wall-content\">Le 7 octobre 2025, <b>la chanteuse Candice<\/b> et <b>le chanteur <\/b><a href=\"https:\/\/actu.fr\/grand-est\/amneville_57019\/natasha-st-pier-anggun-lisandro-cuxi-amneville-artistes-se-mobilisent-concert-restos-coeur_15105250.html\" rel=\"nofollow noopener\" target=\"_blank\">Lisandro Cuxi<\/a><b> <\/b>\u00e9taient de passage \u00e0 <b>la rotonde ferroviaire de <\/b><a href=\"https:\/\/actu.fr\/ile-de-france\/longueville_77260\" rel=\"nofollow noopener\" target=\"_blank\">Longueville<\/a><b> <\/b>et <a href=\"https:\/\/actu.fr\/tag\/clovis-cornillac\" rel=\"nofollow noopener\" target=\"_blank\">la gare de Villiers-Saint-Georges<\/a>, pour tourner <b>le clip de la chanson Terminus<\/b>, \u00e9crite pour la jeune artiste. Un duo form\u00e9 pour magnifier ce titre qui aborde<b> l\u2019amour et la s\u00e9paration.<\/b><\/p>\n<p>La fin d\u2019une histoire, \u00ab\u00a0avant que chacun ne reprenne sa route\u00a0\u00bb<\/p>\n<p class=\" wall-content\">\u00ab Nous avions besoin d\u2019une gare pour ce clip, explique Ma\u00e9va Roussey, directrice de production de l\u2019artiste. C\u2019\u00e9tait l\u2019occasion d\u2019avoir diff\u00e9rents plans en int\u00e9rieur et en ext\u00e9rieur pour <b>une ambiance sp\u00e9ciale <\/b>orient\u00e9 <b>vintage et nostalgie. \u00bb<\/b><\/p>\n<p class=\" wall-content\">Pour la journ\u00e9e, <b>une trentaine de personnes<\/b> ont pos\u00e9 leurs cam\u00e9ras \u00e0 la rotonde du <a href=\"https:\/\/actu.fr\/ile-de-france\/longueville_77260\/loto-du-patrimoine-2025-decouvrez-le-seul-site-selectionne-en-seine-et-marne_63103376.html\" rel=\"nofollow noopener\" target=\"_blank\">Mus\u00e9e vivant du chemin de fer<\/a><b> <\/b>de Longueville. Particuli\u00e8rement pris\u00e9, les <b>trains d\u2019\u00e9poque<\/b> entretenus par <b>l\u2019association Ajecta<\/b>, qui g\u00e8re les lieux.<\/p>\n<p class=\" wall-content\">L\u2019apr\u00e8s-midi, <b>les voies ferr\u00e9es de <\/b><a href=\"https:\/\/actu.fr\/ile-de-france\/villiers-saint-georges_77519\" rel=\"nofollow noopener\" target=\"_blank\">Villiers-Saint-Georges<\/a><b> <\/b>ont permis d\u2019\u00e9voquer la s\u00e9paration d\u2019un couple sur un quai de gare.<\/p>\n<p>    <img   decoding=\"async\" loading=\"lazy\" class=\"size-large\" src=\"https:\/\/www.europesays.com\/fr\/wp-content\/uploads\/2025\/10\/e8b19fa587e86ecb19fa587e8b0c19v-960x640.jpg\" alt=\"Lisandro Cuxi \u00e0 l'int\u00e9rieur de la gare de Villiers-Saint-Georges\" width=\"960\" height=\"640\"\/><br \/>\n    Lisandro Cuxi a report\u00e9 l\u2019\u00e9mission The Voice en 2017 \u00a9CH\/RSM77Vid\u00e9os : en ce moment sur Actu<\/p>\n<p class=\" wall-content\">\u00ab Ce d\u00e9cor est exactement comme je l\u2019avais imagin\u00e9e, se r\u00e9jouit Candice. Il correspond bien \u00e0 l\u2019ambiance de ma chanson, avec quelque chose de <b>tr\u00e8s cin\u00e9matographique<\/b>. Le th\u00e8me de la chanson est <b>une histoire d\u2019amour<\/b> entre deux personnes qui se sont s\u00e9par\u00e9es, puis remises ensemble, avant finalement de se quitter \u00e0 nouveau. Nous sommes au moment des derniers mots, des derni\u00e8res phrases, avant que chacun ne reprenne sa route. \u00bb<\/p>\n<p class=\" wall-content\">La jeune chanteuse confie s\u2019\u00eatre inspir\u00e9e de<b> sa propre exp\u00e9rience<\/b>, mais aussi de ce qu\u2019elle voit autour d\u2019elle et esp\u00e8re que cette histoire ou cette s\u00e9paration parlera au plus grand nombre.<\/p>\n<p>Votre r\u00e9gion, votre actu !<\/p>\n<p>Recevez chaque jour les infos qui comptent pour vous.<\/p>\n<p>\t<a href=\"https:\/\/actu.fr\/newsletter\" class=\"ac-btn ac-btn--corner ac-btn--medium ac-btn--blue800\" rel=\"nofollow noopener\" target=\"_blank\">S&rsquo;incrire<\/a><br \/>\n\u00ab Des lieux forc\u00e9ment tr\u00e8s int\u00e9ressants \u00bb<\/p>\n<p class=\" wall-content\">Le titre Terminus fera partie du nouvel EP de Candice, qui sortira le 17 octobre 2025.<\/p>\n<p class=\" wall-content\">\u00ab On est \u00e0 <b>un instant cl\u00e9 <\/b>de la fin de cette histoire d\u2019amour, o\u00f9 on a su se donner, mais sans parvenir \u00e0 d\u00e9passer les reproches. <b>La s\u00e9paration est in\u00e9vitable<\/b>, confie de son c\u00f4t\u00e9 Lisandro Cuxi, qui r\u00e9\u00e9ditera bient\u00f4t son album sorti en f\u00e9vrier dernier. Ce tournage nous fait dire que nous ne sommes plus dans le m\u00eame wagon de la vie, un parall\u00e8le avec les lieux forc\u00e9ment tr\u00e8s int\u00e9ressants ! \u00bb<\/p>\n<p class=\" wall-content\">Personnalisez votre actualit\u00e9 en ajoutant vos villes et m\u00e9dias en favori avec <a href=\"https:\/\/moncompte.actu.fr\" title=\"D\u00e9couvez Mon Actu\" rel=\"nofollow noopener\" data-trk=\"{&quot;cta&quot;:{&quot;action&quot;:&quot;https:\\\/\\\/moncompte.actu.fr&quot;,&quot;category&quot;:&quot;mon compte&quot;,&quot;from&quot;:&quot;article footer&quot;,&quot;name&quot;:&quot;Mon actu&quot;,&quot;type&quot;:&quot;cta&quot;}}\" target=\"_blank\">Mon Actu<\/a>.<\/p>\n","protected":false},"excerpt":{"rendered":"Par R\u00e9daction La R\u00e9publique de Seine et Marne Publi\u00e9 le 13 oct. 2025 \u00e0 21h00 Elle a \u00e9t\u00e9&hellip;\n","protected":false},"author":2,"featured_media":461177,"comment_status":"","ping_status":"","sticky":false,"template":"","format":"standard","meta":{"footnotes":""},"categories":[1356],"tags":[58,59,1011,27,873,104,5095,252,3074,1364],"class_list":{"0":"post-461176","1":"post","2":"type-post","3":"status-publish","4":"format-standard","5":"has-post-thumbnail","7":"category-television","8":"tag-divertissement","9":"tag-entertainment","10":"tag-fr","11":"tag-france","12":"tag-musique","13":"tag-societe","14":"tag-star-academy","15":"tag-television","16":"tag-the-voice","17":"tag-tv"},"share_on_mastodon":{"url":"https:\/\/pubeurope.com\/@fr\/115369842691548037","error":""},"_links":{"self":[{"href":"https:\/\/www.europesays.com\/fr\/wp-json\/wp\/v2\/posts\/461176","targetHints":{"allow":["GET"]}}],"collection":[{"href":"https:\/\/www.europesays.com\/fr\/wp-json\/wp\/v2\/posts"}],"about":[{"href":"https:\/\/www.europesays.com\/fr\/wp-json\/wp\/v2\/types\/post"}],"author":[{"embeddable":true,"href":"https:\/\/www.europesays.com\/fr\/wp-json\/wp\/v2\/users\/2"}],"replies":[{"embeddable":true,"href":"https:\/\/www.europesays.com\/fr\/wp-json\/wp\/v2\/comments?post=461176"}],"version-history":[{"count":0,"href":"https:\/\/www.europesays.com\/fr\/wp-json\/wp\/v2\/posts\/461176\/revisions"}],"wp:featuredmedia":[{"embeddable":true,"href":"https:\/\/www.europesays.com\/fr\/wp-json\/wp\/v2\/media\/461177"}],"wp:attachment":[{"href":"https:\/\/www.europesays.com\/fr\/wp-json\/wp\/v2\/media?parent=461176"}],"wp:term":[{"taxonomy":"category","embeddable":true,"href":"https:\/\/www.europesays.com\/fr\/wp-json\/wp\/v2\/categories?post=461176"},{"taxonomy":"post_tag","embeddable":true,"href":"https:\/\/www.europesays.com\/fr\/wp-json\/wp\/v2\/tags?post=461176"}],"curies":[{"name":"wp","href":"https:\/\/api.w.org\/{rel}","templated":true}]}}