{"id":461186,"date":"2025-10-14T01:11:16","date_gmt":"2025-10-14T01:11:16","guid":{"rendered":"https:\/\/www.europesays.com\/fr\/461186\/"},"modified":"2025-10-14T01:11:16","modified_gmt":"2025-10-14T01:11:16","slug":"ce-pays-je-peux-plus-carole-bouquet-meconnaissable-sur-france","status":"publish","type":"post","link":"https:\/\/www.europesays.com\/fr\/461186\/","title":{"rendered":"\u201cCe pays, je peux plus\u201d, Carole Bouquet m\u00e9connaissable sur France &#8230;"},"content":{"rendered":"<p data-start=\"271\" data-end=\"1197\">Ce 6 octobre 2025, au Grand<br \/>\nPalais, une actrice est parvenue a \u00e9clips\u00e9 le <strong>d\u00e9fil\u00e9<br \/>\nChanel<\/strong>. En effet,\u00a0ce n\u2019est pas la collection de<br \/>\nMatthieu Blazy qui a fait jaser. On met fin au suspens : c\u2019est<br \/>\n<a href=\"https:\/\/www.telestar.fr\/actu_tv\/20h30-le-dimanche-carole-bouquet-fait-une-confidence-intime-inattendue-en-plein-direct-jaurais-bien-1741490\" target=\"_blank\" rel=\"noopener\"><br \/>\nCarole Bouquet<\/a>. Ic\u00f4ne du cin\u00e9ma fran\u00e7ais, symbole de l&rsquo;\u00e9l\u00e9gance<br \/>\n\u00e0 la fran\u00e7aise, la com\u00e9dienne ne jurait que par son carr\u00e9 brun<br \/>\nimpeccable. A 68 ans, <a href=\"https:\/\/www.telestar.fr\/serie-tv\/autres-series\/carole-bouquet-j-ai-eu-une-chance-extraordinaire-de-vivre-avec-gerard-depardieu-50957\" target=\"_blank\" rel=\"noopener\"><br \/>\nl&rsquo;ex de G\u00e9rard Depardieu<\/a> s&rsquo;est offert <strong>une nouvelle<br \/>\ncoupe<\/strong>, tr\u00e8s (trop ?) originale :\u00a0de longues<br \/>\n<strong>dreadlocks blanches et blondes<\/strong>.<\/p>\n<p data-start=\"271\" data-end=\"1197\">Un choc visuel pour certains,<br \/>\nune h\u00e9r\u00e9sie pour d\u2019autres. Les r\u00e9seaux sociaux, jamais en manque de<br \/>\njuges improvis\u00e9s, se sont emball\u00e9s. La team premier degr\u00e9 qui ne<br \/>\nvoit pas plus loin que X est mont\u00e9e au cr\u00e9neau. \u00ab\u00a0C\u2019est<br \/>\n<strong>de l\u2019appropriation culturelle<\/strong> !\u00a0\u00bb, fustige un<br \/>\ninternaute. \u00ab\u00a0Ce pays, je peux plus !\u00a0\u00bb, balance un autre.<br \/>\nPourtant, la nouvelle coupe de l&rsquo;actrice, devenue un sujet de<br \/>\n<strong>d\u00e9bat politique,<\/strong> est loin d&rsquo;\u00eatre le signe d&rsquo;une<br \/>\ncrise identitaire.<\/p>\n<p data-start=\"271\" data-end=\"1197\">Invit\u00e9e sur le plateau de<br \/>\n<a href=\"https:\/\/www.telestar.fr\/actu_tv\/des-combats-darriere-garde-david-pujadas-se-lance-sur-un-sujet-epineux-ca-ne-plait-pas-a-tout-le-monde-1741454\" target=\"_blank\" rel=\"noopener\"><br \/>\nC \u00e0 vous<\/a>, elle a<br \/>\nconfi\u00e9, un brin g\u00ean\u00e9e : \u00ab\u00a0<strong>Je n\u2019ai pas fait<br \/>\nexpr\u00e8s.<\/strong>\u00a0\u00bb Avant de r\u00e9v\u00e9ler la raison de <strong>cette<br \/>\ntransformation<\/strong> : \u00ab\u00a0Je viens de faire un film o\u00f9 je joue<br \/>\n<strong>une \u00e9colo l\u00e9g\u00e8rement nymphomane<\/strong>, mais en m\u00eame<br \/>\ntemps ing\u00e9nieure.\u00a0\u00bb Spoiler : c&rsquo;est donc pour un r\u00f4le !<\/p>\n<blockquote class=\"twitter-tweet\"><p><a class=\"twitter-link\" rel=\"noindex, nofollow noopener\" href=\"https:\/\/twitter.com\/OuiCerCelia\/status\/1977445584392077582\" target=\"_blank\"><\/p><\/blockquote>\n<p>Carole Bouquet : l&rsquo;actrice m\u00e9connaissable<\/p>\n<p data-start=\"1254\" data-end=\"2044\">Carole Bouquet a pr\u00e9cis\u00e9 que<br \/>\nces dreadlocks \u00e9taient un accessoire pour le prochain personnage<br \/>\nqu&rsquo;elle incarnera au cin\u00e9ma. <strong>Une cr\u00e9ation<br \/>\ntemporaire<\/strong>, pas un manifeste identitaire. \u00ab\u00a0Je cache<br \/>\nmes dreads quand je fais l\u2019ing\u00e9nieure\u00a0\u00bb, explique-t-elle, en<br \/>\nd\u00e9taillant ce r\u00f4le pour le moins hybride. Mais sur la toile, on ne<br \/>\ncache rien. Les clich\u00e9s du d\u00e9fil\u00e9 ont tourn\u00e9 en boucle, d\u00e9cha\u00eenant<br \/>\n<strong>les critiques<\/strong> les plus mesquines.<\/p>\n<p data-start=\"1254\" data-end=\"2044\"><strong>Trop vieille<\/strong>,<br \/>\ntrop audacieuse, trop diff\u00e9rente. La rengaine habituelle. <a href=\"https:\/\/www.closermag.fr\/people\/pour-vous-dire-la-verite-carole-bouquet-emue-elle-lache-une-triste-confidence-sur-ses-relations-amoureuses-en-direct-3586227\" target=\"_blank\" rel=\"noopener\"><br \/>\nL\u2019actrice<\/a> de Trop belle<br \/>\npour toi devient soudain une cible. Car oui, on tol\u00e8re mal le<br \/>\nchangement, surtout lorsqu&rsquo;il s&rsquo;agit du style capillaire.<\/p>\n<p>Carole Bouquet : la coupe de la<br \/>\ndiscorde<\/p>\n<p data-start=\"2090\" data-end=\"2895\" data-is-last-node=\"\" data-is-only-node=\"\">Et pendant ce temps, Carole Bouquet, fid\u00e8le \u00e0<br \/>\nelle-m\u00eame, garde son calme et <strong>son \u00e9l\u00e9gance<\/strong>. Sur<br \/>\nFrance 2, elle a pr\u00e9f\u00e9r\u00e9 parler du <a href=\"https:\/\/www.closermag.fr\/people\/carole-bouquet-longue-queue-de-cheval-et-dreadlocks-ce-nouveau-look-capillaire-rajeunissant-affiche-chez-chanel-photos-3585069\" target=\"_blank\" rel=\"noopener\"><br \/>\nd\u00e9fil\u00e9 Chanel<\/a>, qui l\u2019a boulevers\u00e9e : \u00ab\u00a0C\u2019\u00e9tait absolument<br \/>\nmerveilleux. <strong>J\u2019en avais des frissons.<\/strong>\u00a0\u00bb La<br \/>\ncom\u00e9dienne a salu\u00e9 le talent du cr\u00e9ateur : \u00ab\u00a0Ce jeune homme est<br \/>\ndou\u00e9 comme ce n\u2019est pas permis.\u00a0\u00bb Pendant que la toile compte<br \/>\nles m\u00e8ches et distribue les le\u00e7ons, elle parle d\u2019art, de beaut\u00e9, de<br \/>\n<strong>transmission<\/strong>.<\/p>\n<p data-start=\"2090\" data-end=\"2895\" data-is-last-node=\"\" data-is-only-node=\"\">En attendant, la nouvelle coupe de Carole<br \/>\nBouquet continue d&rsquo;agiter la toile. Et elle fait visiblement plus<br \/>\nde bruit que les cliquetis des talons sur le catwalk.<\/p>\n<p><script async src=\"https:\/\/platform.twitter.com\/widgets.js\" charset=\"utf-8\"><\/script><\/p>\n","protected":false},"excerpt":{"rendered":"Ce 6 octobre 2025, au Grand Palais, une actrice est parvenue a \u00e9clips\u00e9 le d\u00e9fil\u00e9 Chanel. En effet,\u00a0ce&hellip;\n","protected":false},"author":2,"featured_media":461187,"comment_status":"","ping_status":"","sticky":false,"template":"","format":"standard","meta":{"footnotes":""},"categories":[8],"tags":[548,42573,58,59,1011,27],"class_list":{"0":"post-461186","1":"post","2":"type-post","3":"status-publish","4":"format-standard","5":"has-post-thumbnail","7":"category-divertissement","8":"tag-article-simple","9":"tag-carole-bouquet","10":"tag-divertissement","11":"tag-entertainment","12":"tag-fr","13":"tag-france"},"share_on_mastodon":{"url":"https:\/\/pubeurope.com\/@fr\/115369861799552044","error":""},"_links":{"self":[{"href":"https:\/\/www.europesays.com\/fr\/wp-json\/wp\/v2\/posts\/461186","targetHints":{"allow":["GET"]}}],"collection":[{"href":"https:\/\/www.europesays.com\/fr\/wp-json\/wp\/v2\/posts"}],"about":[{"href":"https:\/\/www.europesays.com\/fr\/wp-json\/wp\/v2\/types\/post"}],"author":[{"embeddable":true,"href":"https:\/\/www.europesays.com\/fr\/wp-json\/wp\/v2\/users\/2"}],"replies":[{"embeddable":true,"href":"https:\/\/www.europesays.com\/fr\/wp-json\/wp\/v2\/comments?post=461186"}],"version-history":[{"count":0,"href":"https:\/\/www.europesays.com\/fr\/wp-json\/wp\/v2\/posts\/461186\/revisions"}],"wp:featuredmedia":[{"embeddable":true,"href":"https:\/\/www.europesays.com\/fr\/wp-json\/wp\/v2\/media\/461187"}],"wp:attachment":[{"href":"https:\/\/www.europesays.com\/fr\/wp-json\/wp\/v2\/media?parent=461186"}],"wp:term":[{"taxonomy":"category","embeddable":true,"href":"https:\/\/www.europesays.com\/fr\/wp-json\/wp\/v2\/categories?post=461186"},{"taxonomy":"post_tag","embeddable":true,"href":"https:\/\/www.europesays.com\/fr\/wp-json\/wp\/v2\/tags?post=461186"}],"curies":[{"name":"wp","href":"https:\/\/api.w.org\/{rel}","templated":true}]}}