{"id":461190,"date":"2025-10-14T01:13:13","date_gmt":"2025-10-14T01:13:13","guid":{"rendered":"https:\/\/www.europesays.com\/fr\/461190\/"},"modified":"2025-10-14T01:13:13","modified_gmt":"2025-10-14T01:13:13","slug":"les-directions-hospitalieres-de-corse-a-bout-de-nerfs","status":"publish","type":"post","link":"https:\/\/www.europesays.com\/fr\/461190\/","title":{"rendered":"les directions hospitali\u00e8res de Corse \u00e0 bout de nerfs"},"content":{"rendered":"<p>La goutte d&rsquo;eau qui a fait d\u00e9border le vase. En l&rsquo;esp\u00e8ce, un courrier arriv\u00e9 par La Poste. Adress\u00e9 \u00e0 un responsable de la direction d&rsquo;un \u00e9tablissement hospitalier situ\u00e9 en Corse-du-Sud. Dans l&rsquo;enveloppe, une douille. Et une lettre. Anonyme. Plainte a \u00e9t\u00e9 d\u00e9pos\u00e9e, affirme notre interlocuteur. Ce que ne confirme pas le procureur de la R\u00e9publique d&rsquo;Ajaccio qui assure ne pas \u00eatre \u00ab\u00a0inform\u00e9 \u00e0 ce stade\u00a0\u00bb.<\/p>\n<p>Un acte isol\u00e9 que ce courrier\u00a0? Pas vraiment.<\/p>\n<p>D&rsquo;aucuns ont \u00e9galement re\u00e7u ce type de missive, \u00ab\u00a0des menaces de mort ayant l\u00e0 encore entra\u00een\u00e9 un d\u00e9p\u00f4t de plainte, il y a quelques ann\u00e9es, confirme, sous couvert d&rsquo;anonymat, un praticien occupant un fauteuil directorial. Si, personnellement, je suis assez \u00e9tanche \u00e0 ce genre de missive, certains peuvent y \u00eatre davantage r\u00e9ceptifs\u00a0\u00bb.<\/p>\n<p>Sous l&rsquo;effet d&rsquo;une soci\u00e9t\u00e9 de plus en plus \u00ab\u00a0agressive, explique-t-il, nous sommes devenus, nous aussi, dans le monde hospitalier, la cible de m\u00e9contentements brutaux tandis qu&rsquo;auparavant, il y avait, quand m\u00eame, de la retenue et une \u00e9coute\u00a0\u00bb.<\/p>\n<p>Des \u00ab\u00a0menaces anonymes, des propos violents et discriminatoires\u00a0\u00bb<\/p>\n<p>\u00c0 telle enseigne que, dans l&rsquo;\u00eele, la situation se r\u00e9v\u00e8le aujourd&rsquo;hui tr\u00e8s d\u00e9grad\u00e9e, s&rsquo;\u00e9meuvent dans un communiqu\u00e9 commu&#8230;<\/p>\n","protected":false},"excerpt":{"rendered":"La goutte d&rsquo;eau qui a fait d\u00e9border le vase. En l&rsquo;esp\u00e8ce, un courrier arriv\u00e9 par La Poste. Adress\u00e9&hellip;\n","protected":false},"author":2,"featured_media":461191,"comment_status":"","ping_status":"","sticky":false,"template":"","format":"standard","meta":{"footnotes":""},"categories":[6],"tags":[17,11211,58582,1102,35,58583,33,34,1011,27,151,31087,2824,18,71],"class_list":{"0":"post-461190","1":"post","2":"type-post","3":"status-publish","4":"format-standard","5":"has-post-thumbnail","7":"category-economie","8":"tag-17","9":"tag-agressions","10":"tag-anonymes","11":"tag-breakingnews","12":"tag-business","13":"tag-directions","14":"tag-economie","15":"tag-economy","16":"tag-fr","17":"tag-france","18":"tag-les","19":"tag-lettres","20":"tag-menaces","21":"tag-mort","22":"tag-sante"},"share_on_mastodon":{"url":"https:\/\/pubeurope.com\/@fr\/115369869662287942","error":""},"_links":{"self":[{"href":"https:\/\/www.europesays.com\/fr\/wp-json\/wp\/v2\/posts\/461190","targetHints":{"allow":["GET"]}}],"collection":[{"href":"https:\/\/www.europesays.com\/fr\/wp-json\/wp\/v2\/posts"}],"about":[{"href":"https:\/\/www.europesays.com\/fr\/wp-json\/wp\/v2\/types\/post"}],"author":[{"embeddable":true,"href":"https:\/\/www.europesays.com\/fr\/wp-json\/wp\/v2\/users\/2"}],"replies":[{"embeddable":true,"href":"https:\/\/www.europesays.com\/fr\/wp-json\/wp\/v2\/comments?post=461190"}],"version-history":[{"count":0,"href":"https:\/\/www.europesays.com\/fr\/wp-json\/wp\/v2\/posts\/461190\/revisions"}],"wp:featuredmedia":[{"embeddable":true,"href":"https:\/\/www.europesays.com\/fr\/wp-json\/wp\/v2\/media\/461191"}],"wp:attachment":[{"href":"https:\/\/www.europesays.com\/fr\/wp-json\/wp\/v2\/media?parent=461190"}],"wp:term":[{"taxonomy":"category","embeddable":true,"href":"https:\/\/www.europesays.com\/fr\/wp-json\/wp\/v2\/categories?post=461190"},{"taxonomy":"post_tag","embeddable":true,"href":"https:\/\/www.europesays.com\/fr\/wp-json\/wp\/v2\/tags?post=461190"}],"curies":[{"name":"wp","href":"https:\/\/api.w.org\/{rel}","templated":true}]}}