{"id":461194,"date":"2025-10-14T01:16:13","date_gmt":"2025-10-14T01:16:13","guid":{"rendered":"https:\/\/www.europesays.com\/fr\/461194\/"},"modified":"2025-10-14T01:16:13","modified_gmt":"2025-10-14T01:16:13","slug":"exfiltre-a-bord-dun-avion-militaire-francais-cache-le-president-de-madagascar-reagit","status":"publish","type":"post","link":"https:\/\/www.europesays.com\/fr\/461194\/","title":{"rendered":"Exfiltr\u00e9 \u00e0 bord d\u2019un avion militaire fran\u00e7ais\u00a0? Cach\u00e9, le pr\u00e9sident de Madagascar r\u00e9agit"},"content":{"rendered":"<p>        <img decoding=\"async\" loading=\"lazy\" src=\"https:\/\/www.europesays.com\/fr\/wp-content\/uploads\/2025\/10\/a188d7f_upload-1-53wqvco63inz-afp-20251013-78n97mm-v2-midres-madagascarpoliticsdemorajoelina.jpg\"  width=\"728\" height=\"486\" alt=\"Une habitante d\u2019Antananarivo regarde le discours du pr\u00e9sident malgache Andry Rajoelina \u00e0 la nation via la page Facebook officielle de la pr\u00e9sidence de Madagascar, depuis son domicile \u00e0 Antananarivo, le 13\u00a0octobre 2025.\"\/>  <\/p>\n<p>RIJASOLO \/ AFP<\/p>\n<p>Une habitante d\u2019Antananarivo regarde le discours du pr\u00e9sident malgache Andry Rajoelina \u00e0 la nation via la page Facebook officielle de la pr\u00e9sidence de Madagascar, depuis son domicile \u00e0 Antananarivo, le 13\u00a0octobre 2025.<\/p>\n<p class=\"asset asset-text\">INTERNATIONAL &#8211; Alors que son pays est secou\u00e9 par une crise politique, le pr\u00e9sident <a href=\"https:\/\/www.huffingtonpost.fr\/international\/article\/a-madagascar-le-cyclone-batsirai-a-fait-au-moins-80-morts_192513.html\" target=\"_blank\" rel=\"noopener nofollow\" title=\"Nouvelle fen\u00eatre\">malgache<\/a> est introuvable depuis plusieurs heures. Ce lundi 13\u00a0octobre au soir, <a href=\"https:\/\/www.huffingtonpost.fr\/divertissement\/article\/anisha-de-la-star-academy-est-la-favorite-du-president-de-madagascar_210514.html\" target=\"_blank\" rel=\"noopener nofollow\" title=\"Nouvelle fen\u00eatre\">Andry Rajoelina<\/a> a enfin pris la parole pour expliquer qu\u2019il \u00e9tait dans un \u00ab\u00a0lieu s\u00fbr\u00a0\u00bb apr\u00e8s une \u00ab\u00a0tentative de meurtre\u00a0\u00bb, sans plus de pr\u00e9cisions sur sa localisation. D\u2019apr\u00e8s les informations de la <a href=\"https:\/\/www.rfi.fr\/fr\/afrique\/20251013-crise-%C3%A0-madagascar-le-pr%C3%A9sident-andry-rajoelina-a-%C3%A9t%C3%A9-exfiltr%C3%A9-par-un-avion-militaire-fran%C3%A7ais-info-rfi\" target=\"_blank\" rel=\"noopener nofollow\" title=\"Nouvelle fen\u00eatre\">radio RFI<\/a>, il aurait \u00e9t\u00e9 exfiltr\u00e9 \u00e0 bord d\u2019un avion militaire fran\u00e7ais.<\/p>\n<p class=\"asset asset-text\">Andry Rajoelina, r\u00e9\u00e9lu en 2023 pour un mandat de cinq ans lors d\u2019un scrutin boycott\u00e9 par l\u2019opposition, a affirm\u00e9 qu\u2019un \u00ab\u00a0groupe de militaires et de politiciens a(vait) envisag\u00e9 d\u2019attenter\u00a0\u00e0\u00a0(s)a\u00a0vie\u00a0\u00bb.<\/p>\n<p class=\"asset asset-text\">Andry Rajoelina a \u00e9galement appel\u00e9 \u00e0 \u00ab\u00a0respecter la Constitution en vigueur\u00a0\u00bb, lors de sa premi\u00e8re prise de parole diffus\u00e9e depuis le ralliement de militaires aux manifestants contestant le pouvoir au cours du week-end. Il rejette ainsi les appels \u00e0 la d\u00e9mission du mouvement de contestation n\u00e9 le 25\u00a0septembre, qui d\u00e9non\u00e7ait au d\u00e9part les coupures incessantes d\u2019eau et d\u2019\u00e9lectricit\u00e9 avant de prendre de l\u2019ampleur.<\/p>\n<p class=\"asset asset-text\">L\u2019allocution d\u2019Andry Rajoelina avait \u00e9t\u00e9 report\u00e9e \u00e0 plusieurs reprises. La premi\u00e8re fois en raison de l\u2019arriv\u00e9e d\u2019un \u00ab\u00a0groupe de soldats arm\u00e9s\u00a0\u00bb au si\u00e8ge de la t\u00e9l\u00e9vision publique, selon la pr\u00e9sidence.<\/p>\n<p>                     Emmanuel Macron ne \u00ab\u00a0confirme rien\u00a0\u00bb    <\/p>\n<p class=\"asset asset-text\">Mutique depuis le week-end, Andry Rajoelina aurait embarqu\u00e9 dimanche \u00ab\u00a0\u00e0 bord d\u2019un avion militaire fran\u00e7ais pour La R\u00e9union, avant de partir vers une autre destination avec sa famille\u00a0\u00bb, a appris RFI. Duba\u00ef est \u00e9voqu\u00e9e comme l\u2019option la plus probable.<\/p>\n<p class=\"asset asset-text\">\u00ab\u00a0Un accord avec le pr\u00e9sident Emmanuel Macron aurait permis cette exfiltration\u00a0\u00bb, expliquent \u00e9galement nos confr\u00e8res. La pr\u00e9sidence fran\u00e7aise \u00ab\u00a0rappelle fermement qu\u2019en aucun cas la France n\u2019interviendra militairement \u00e0 Madagascar\u00a0\u00bb, a-t-elle d\u00e9clar\u00e9 \u00e0 la radio.<\/p>\n<p class=\"asset asset-text\">\u00ab\u00a0Je ne confirme rien aujourd\u2019hui\u00a0\u00bb, a cependant d\u00e9clar\u00e9 Emmanuel Macron interrog\u00e9 par la presse depuis Charm el-Cheikh en \u00c9gypte, en marge d\u2019un sommet sur l\u2019accord de paix \u00e0 Gaza. \u00ab\u00a0Je veux ici dire la grande pr\u00e9occupation qui est la n\u00f4tre, dire l\u2019amiti\u00e9 de la France \u00e0 l\u2019\u00e9gard du peuple malgache(&#8230;) Je pense qu\u2019il est tr\u00e8s important que l\u2019ordre constitutionnel, la continuit\u00e9 institutionnelle soient pr\u00e9serv\u00e9s \u00e0 Madagascar parce qu\u2019il en va de la stabilit\u00e9 du pays et des int\u00e9r\u00eats de la population\u00a0\u00bb, a ajout\u00e9 le chef de l\u2019\u00c9tat fran\u00e7ais.<\/p>\n<p class=\"asset asset-text\">Cette exfiltration a lieu alors que la crise s\u2019enlise \u00e0 Madagascar. Au moins 22 personnes ont \u00e9t\u00e9 tu\u00e9es au d\u00e9but des manifestations et plus d\u2019une centaine bless\u00e9es, d\u2019apr\u00e8s un bilan des Nations unies, d\u00e9menti par le chef de l\u2019\u00c9tat malgache. Il \u00e9voque 12 morts, tous \u00ab\u00a0des pilleurs, des casseurs\u00a0\u00bb, selon lui.<\/p>\n","protected":false},"excerpt":{"rendered":"RIJASOLO \/ AFP Une habitante d\u2019Antananarivo regarde le discours du pr\u00e9sident malgache Andry Rajoelina \u00e0 la nation via&hellip;\n","protected":false},"author":2,"featured_media":461195,"comment_status":"","ping_status":"","sticky":false,"template":"","format":"standard","meta":{"footnotes":""},"categories":[2],"tags":[11,1073,1011,27,14,8459,12],"class_list":{"0":"post-461194","1":"post","2":"type-post","3":"status-publish","4":"format-standard","5":"has-post-thumbnail","7":"category-actualites","8":"tag-actualites","9":"tag-emmanuel-macron","10":"tag-fr","11":"tag-france","12":"tag-international","13":"tag-madagascar","14":"tag-news"},"share_on_mastodon":{"url":"https:\/\/pubeurope.com\/@fr\/115369881876124779","error":""},"_links":{"self":[{"href":"https:\/\/www.europesays.com\/fr\/wp-json\/wp\/v2\/posts\/461194","targetHints":{"allow":["GET"]}}],"collection":[{"href":"https:\/\/www.europesays.com\/fr\/wp-json\/wp\/v2\/posts"}],"about":[{"href":"https:\/\/www.europesays.com\/fr\/wp-json\/wp\/v2\/types\/post"}],"author":[{"embeddable":true,"href":"https:\/\/www.europesays.com\/fr\/wp-json\/wp\/v2\/users\/2"}],"replies":[{"embeddable":true,"href":"https:\/\/www.europesays.com\/fr\/wp-json\/wp\/v2\/comments?post=461194"}],"version-history":[{"count":0,"href":"https:\/\/www.europesays.com\/fr\/wp-json\/wp\/v2\/posts\/461194\/revisions"}],"wp:featuredmedia":[{"embeddable":true,"href":"https:\/\/www.europesays.com\/fr\/wp-json\/wp\/v2\/media\/461195"}],"wp:attachment":[{"href":"https:\/\/www.europesays.com\/fr\/wp-json\/wp\/v2\/media?parent=461194"}],"wp:term":[{"taxonomy":"category","embeddable":true,"href":"https:\/\/www.europesays.com\/fr\/wp-json\/wp\/v2\/categories?post=461194"},{"taxonomy":"post_tag","embeddable":true,"href":"https:\/\/www.europesays.com\/fr\/wp-json\/wp\/v2\/tags?post=461194"}],"curies":[{"name":"wp","href":"https:\/\/api.w.org\/{rel}","templated":true}]}}