{"id":461196,"date":"2025-10-14T01:18:29","date_gmt":"2025-10-14T01:18:29","guid":{"rendered":"https:\/\/www.europesays.com\/fr\/461196\/"},"modified":"2025-10-14T01:18:29","modified_gmt":"2025-10-14T01:18:29","slug":"ce-nest-pas-un-tribunal-a-saint-etienne-le-premier-conseil-municipal-depuis-le-proces-de-gael-perdriau-a-ete-agite","status":"publish","type":"post","link":"https:\/\/www.europesays.com\/fr\/461196\/","title":{"rendered":"\u00ab\u00a0Ce n&rsquo;est pas un tribunal\u00a0\u00bb, \u00e0 Saint-\u00c9tienne, le premier conseil municipal depuis le proc\u00e8s de Ga\u00ebl Perdriau a \u00e9t\u00e9 agit\u00e9"},"content":{"rendered":"<p>Un nouveau conseil municipal tendu a eu lieu \u00e0 Saint-\u00c9tienne ce lundi 13 octobre\u00a0: c&rsquo;est le premier depuis le proc\u00e8s du chantage pr\u00e9sum\u00e9 \u00e0 la vid\u00e9o intime \u00e0 la mairie. Le maire, Ga\u00ebl Perdriau, a beau plaider son innocence, le minist\u00e8re public a requis 5 ans de prison, dont trois ferme contre lui.<\/p>\n<p>Le conseil municipal a encore \u00e9t\u00e9 tendu ce lundi 13 octobre \u00e0 Saint-\u00c9tienne. <strong>La police municipale a filtr\u00e9 l&rsquo;entr\u00e9e de la mairie et a veill\u00e9 \u00e0 l&rsquo;entr\u00e9e de la salle du conseil.<\/strong> Initialement, les \u00e9lus st\u00e9phanois\u00a0devaient se rassembler le lundi 29 septembre,\u00a0<a class=\"IciLink ici-link IciArticleLink g-ici-body-regular-1 underline brand svelte-lu7k6w\" href=\"https:\/\/www.francebleu.fr\/infos\/faits-divers-justice\/affaire-de-la-sextape-a-saint-etienne-tout-comprendre-avant-le-debut-du-proces-du-maire-gael-perdriau-1646936\" rel=\"nofollow noopener\" target=\"_blank\">en plein proc\u00e8s du maire Ga\u00ebl Perdriau<\/a>, jug\u00e9 dans l&rsquo;affaire de chantage \u00e0 la \u00ab\u00a0sextape\u00a0\u00bb. La s\u00e9ance a donc \u00e9t\u00e9 report\u00e9e.\u00a0Mais, m\u00eame deux semaines apr\u00e8s le proc\u00e8s, <a class=\"IciLink ici-link IciArticleLink g-ici-body-regular-1 underline brand svelte-lu7k6w\" href=\"https:\/\/www.francebleu.fr\/theme\/affaire-gael-perdriau\" rel=\"nofollow noopener\" target=\"_blank\">l&rsquo;audience du tribunal de Lyon plane encore sur les d\u00e9bats<\/a>. <strong>Apr\u00e8s trois suspensions de s\u00e9ances, demand\u00e9es tour \u00e0 tour par les socialistes, les \u00e9cologistes puis les communistes, le conseil a finalement commenc\u00e9<\/strong>.<\/p>\n<p>Ga\u00ebl Perdriau, \u00ab\u00a0serein\u00a0\u00bb, m\u00e8ne le conseil municipal<\/p>\n<p>Ga\u00ebl Perdriau a dirig\u00e9 le conseil municipal, comme \u00e0 son habitude, comme si rien ne s&rsquo;\u00e9tait pass\u00e9, il y a deux semaines \u00e0 Lyon, comme si la procureure de la R\u00e9publique n&rsquo;avait pas\u00a0<a class=\"IciLink ici-link IciArticleLink g-ici-body-regular-1 underline brand svelte-lu7k6w\" href=\"https:\/\/www.francebleu.fr\/infos\/faits-divers-justice\/direct-au-proces-de-l-affaire-de-la-sextape-a-saint-etienne-perdriau-suivez-les-plaidoiries-des-parties-civiles-2973200\" rel=\"nofollow noopener\" target=\"_blank\">requis contre lui cinq ans de prison, dont 3 ferme, et cinq ans d&rsquo;in\u00e9ligibilit\u00e9<\/a>. \u00ab\u00a0Il ne faut pas confondre le conseil municipal avec le tribunal\u00a0\u00bb\u00a0a ass\u00e8n\u00e9 l&rsquo;\u00e9lu \u00e0 quelques heures de l&rsquo;ouverture de la s\u00e9ance, se disant serein, comme lors de chaque conf\u00e9rence de presse avant le conseil municipal. Tant que le\u00a0<a class=\"IciLink ici-link IciArticleLink g-ici-body-regular-1 underline brand svelte-lu7k6w\" href=\"https:\/\/www.francebleu.fr\/infos\/faits-divers-justice\/direct-proces-de-la-sextape-a-saint-etienne-suivez-la-derniere-journee-d-audience-et-les-plaidoiries-de-la-defense-4049322\" rel=\"nofollow noopener\" target=\"_blank\">jugement n&rsquo;est pas prononc\u00e9<\/a>, il est pr\u00e9sum\u00e9 innocent, c&rsquo;est la ligne qu&rsquo;il maintient depuis les\u00a0<a class=\"IciLink ici-link IciArticleLink g-ici-body-regular-1 underline brand svelte-lu7k6w\" href=\"https:\/\/www.francebleu.fr\/infos\/politique\/saint-etienne-l-ancien-adjoint-gilles-artigues-victime-d-un-chantage-a-la-sextape-1661522517\" rel=\"nofollow noopener\" target=\"_blank\">r\u00e9v\u00e9lations de M\u00e9diapart<\/a>\u00a0en ao\u00fbt 2022.<\/p>\n<p>Les socialistes demandent au maire de se mettre en retrait pour la s\u00e9r\u00e9nit\u00e9 des d\u00e9bats et la bonne avanc\u00e9e des dossiers municipaux. M\u00eame chose du c\u00f4t\u00e9 du groupe des neuf (des anciens membres de la majorit\u00e9) qui souhaitent que ce conseil soit pr\u00e9sid\u00e9 par le premier adjoint\u00a0afin de permettre un d\u00e9bat digne et respectueux.\u00a0Les \u00e9cologistes eux sont all\u00e9s plus loin, demandant \u00e0 Ga\u00ebl Perdriau de se retirer purement et simplement de ses mandats.<\/p>\n<p>Communistes et socialistes quittent le conseil municipal<\/p>\n<p>L&rsquo;affaire a monopolis\u00e9 les d\u00e9bats pendant toute la premi\u00e8re heure du conseil municipal. Il y a eu trois suspensions de s\u00e9ance successives, une demand\u00e9 par chacun des groupes d&rsquo;opposition de gauche, cinq minutes de suspension \u00e0 chaque fois. Et puis, apr\u00e8s ces moments de flottement, de pause, Ga\u00ebl Perdriau a repris le micro pour lancer la premi\u00e8re d\u00e9lib\u00e9ration. Et l\u00e0, le groupe communiste a pris la parole pour annoncer son d\u00e9part, imm\u00e9diatement suivi par le groupe socialiste. Il est \u00ab\u00a0impossible\u00a0\u00bb selon eux, \u00ab\u00a0de se faire entendre\u00a0\u00bb, de pouvoir argumenter sans se faire couper, voire rabrouer par le maire. Ils ne veulent plus que ce soit leur interlocuteur et ils l&rsquo;ont dit d\u00e8s le d\u00e9but du conseil. \u00ab\u00a0Nous vous demandons une seule chose de vous mettre en retrait jusqu&rsquo;au d\u00e9lib\u00e9r\u00e9\u00a0\u00bb demandel&rsquo;\u00e9lue d&rsquo;opposition Isabelle Dumestre.\u00a0Elle a \u00e9t\u00e9 applaudie par le public pr\u00e9sent dans la salle lorsqu&rsquo;elle a prononc\u00e9 ces mots. Mais le maire est rest\u00e9 droit\u00a0: \u00ab\u00a0je suis innocent\u00a0\u00bb a-t-il r\u00e9p\u00e9t\u00e9.<\/p>\n<p>Finalement, devant le refus de Ga\u00ebl Perdriau d&rsquo;acc\u00e9der \u00e0 leur demande, une partie de la gauche a donc quitt\u00e9 le conseil municipal de Saint-\u00c9tienne en plein milieu des d\u00e9bats\u00a0: les \u00e9lus communistes, puis les \u00e9lus socialistes, les \u00e9cologistes, eux, sont rest\u00e9s.<\/p>\n<p>La d\u00e9cision de justice dans l&rsquo;affaire du chantage \u00e0 la \u00ab\u00a0sextape\u00a0\u00bb ne sera pas connue avant plus d&rsquo;un mois, puisqu&rsquo;elle a \u00e9t\u00e9 mise en\u00a0d\u00e9lib\u00e9r\u00e9. Elle sera rendue le 1er d\u00e9cembre, \u00e0 9h30.<\/p>\n<p>\u00c0 lire aussi   <img decoding=\"async\" src=\"https:\/\/www.europesays.com\/fr\/wp-content\/uploads\/2025\/10\/1760404709_471_560x315\" alt=\"Ga\u00ebl Perdriau promet de d\u00e9missionner de tous ses mandats s'il est reconnu coupable.\" style=\"--_image-preview:url('data:image\/jpeg;base64,\/9j\/2wBDACgcHiMeGSgjISMtKygwPGRBPDc3PHtYXUlkkYCZlo+AjIqgtObDoKrarYqMyP\/L2u71\/\/\/\/m8H\/\/\/\/6\/+b9\/\/j\/2wBDASstLTw1PHZBQXb4pYyl+Pj4+Pj4+Pj4+Pj4+Pj4+Pj4+Pj4+Pj4+Pj4+Pj4+Pj4+Pj4+Pj4+Pj4+Pj4+Pj4+Pj\/wAARCAAXACoDASIAAhEBAxEB\/8QAGAAAAwEBAAAAAAAAAAAAAAAAAAECAwT\/xAAaEAEBAQADAQAAAAAAAAAAAAAAAQIDERIT\/8QAFQEBAQAAAAAAAAAAAAAAAAAAAAH\/xAAVEQEBAAAAAAAAAAAAAAAAAAAAEf\/aAAwDAQACEQMRAD8Ac5D+jjnIc5EHTrbHekXabpIparM9VPaiJtU2AqK9F6AArU9gA\/\/Z');\" loading=\"lazy\" fetchpriority=\"low\" aria-hidden=\"true\" class=\"svelte-1pnmlwx rounded\" onload=\"this.__e=event\" onerror=\"this.__e=event\"\/><\/p>\n","protected":false},"excerpt":{"rendered":"Un nouveau conseil municipal tendu a eu lieu \u00e0 Saint-\u00c9tienne ce lundi 13 octobre\u00a0: c&rsquo;est le premier depuis&hellip;\n","protected":false},"author":2,"featured_media":461197,"comment_status":"","ping_status":"","sticky":false,"template":"","format":"standard","meta":{"footnotes":""},"categories":[9653],"tags":[1111,11,2430,1777,674,1011,27,12,25,4001],"class_list":{"0":"post-461196","1":"post","2":"type-post","3":"status-publish","4":"format-standard","5":"has-post-thumbnail","7":"category-saint-etienne","8":"tag-actu","9":"tag-actualites","10":"tag-auvergne-rhone-alpes","11":"tag-eu","12":"tag-europe","13":"tag-fr","14":"tag-france","15":"tag-news","16":"tag-republique-francaise","17":"tag-saint-etienne"},"share_on_mastodon":{"url":"https:\/\/pubeurope.com\/@fr\/115369890185559315","error":""},"_links":{"self":[{"href":"https:\/\/www.europesays.com\/fr\/wp-json\/wp\/v2\/posts\/461196","targetHints":{"allow":["GET"]}}],"collection":[{"href":"https:\/\/www.europesays.com\/fr\/wp-json\/wp\/v2\/posts"}],"about":[{"href":"https:\/\/www.europesays.com\/fr\/wp-json\/wp\/v2\/types\/post"}],"author":[{"embeddable":true,"href":"https:\/\/www.europesays.com\/fr\/wp-json\/wp\/v2\/users\/2"}],"replies":[{"embeddable":true,"href":"https:\/\/www.europesays.com\/fr\/wp-json\/wp\/v2\/comments?post=461196"}],"version-history":[{"count":0,"href":"https:\/\/www.europesays.com\/fr\/wp-json\/wp\/v2\/posts\/461196\/revisions"}],"wp:featuredmedia":[{"embeddable":true,"href":"https:\/\/www.europesays.com\/fr\/wp-json\/wp\/v2\/media\/461197"}],"wp:attachment":[{"href":"https:\/\/www.europesays.com\/fr\/wp-json\/wp\/v2\/media?parent=461196"}],"wp:term":[{"taxonomy":"category","embeddable":true,"href":"https:\/\/www.europesays.com\/fr\/wp-json\/wp\/v2\/categories?post=461196"},{"taxonomy":"post_tag","embeddable":true,"href":"https:\/\/www.europesays.com\/fr\/wp-json\/wp\/v2\/tags?post=461196"}],"curies":[{"name":"wp","href":"https:\/\/api.w.org\/{rel}","templated":true}]}}