{"id":461198,"date":"2025-10-14T01:19:32","date_gmt":"2025-10-14T01:19:32","guid":{"rendered":"https:\/\/www.europesays.com\/fr\/461198\/"},"modified":"2025-10-14T01:19:32","modified_gmt":"2025-10-14T01:19:32","slug":"meurthe-et-moselle-circulation-bientot-interrompue-sur-le-pont-de-mereville-des-travaux-a-prevoir","status":"publish","type":"post","link":"https:\/\/www.europesays.com\/fr\/461198\/","title":{"rendered":"Meurthe-et-Moselle. Circulation bient\u00f4t interrompue sur le pont de M\u00e9r\u00e9ville\u00a0: des travaux \u00e0 pr\u00e9voir"},"content":{"rendered":"<p>Il faudra suivre une d\u00e9viation pendant plusieurs jours\u00a0: le <a href=\"https:\/\/www.lasemaine.fr\/politique\/meurthe-et-moselle-budget-du-departement-la-tempete-est-passee-mais\/\" data-type=\"post\" data-id=\"402170\" rel=\"nofollow noopener\" target=\"_blank\">D\u00e9partement de Meurthe-et-Moselle<\/a> a annonc\u00e9 la fermeture \u00e0 la circulation automobile sur le <a href=\"https:\/\/www.lasemaine.fr\/politique\/meurthe-et-moselle-quand-les-travaux-de-ponts-a-mereville-deviennent-un-chantier-pedagogique\/\" data-type=\"post\" data-id=\"394474\" rel=\"nofollow noopener\" target=\"_blank\">pont de M\u00e9r\u00e9ville<\/a>, sur une p\u00e9riode allant du lundi 20\u00a0octobre 2025 au 1er\u00a0novembre 2025. \u00ab\u00a0Des travaux de r\u00e9alisation des joints de dilatation sont pr\u00e9vus, \u00e9quipements essentiels pour assurer la p\u00e9rennit\u00e9 de l\u2019ouvrage dans le temps.\u00a0Cette intervention est li\u00e9e \u00e0 la r\u00e9alisation de pi\u00e8ces sur mesure adapt\u00e9es aux dimensions sp\u00e9cifiques du pont. Plut\u00f4t que de laisser <a href=\"https:\/\/www.lasemaine.fr\/politique\/mobilite\/ponts-de-lorraine-des-chantiers-sans-fin\/\" data-type=\"post\" data-id=\"394448\" rel=\"nofollow noopener\" target=\"_blank\">l\u2019ouvrage<\/a> ferm\u00e9 dans l\u2019attente de pi\u00e8ces qui n\u2019ont pas d\u2019impact sur la s\u00fbret\u00e9 de l\u2019ouvrage, le D\u00e9partement a fait le choix de l\u2019ouvrir \u00e0 la circulation d\u00e8s le 22\u00a0septembre dernier\u00a0\u00bb, mentionne le D\u00e9partement dans un communiqu\u00e9, ce lundi 13\u00a0octobre.<\/p>\n<p>Pi\u00e9tons et cyclistes autoris\u00e9s<\/p>\n<p>Ces travaux doivent \u00eatre r\u00e9alis\u00e9s \u00ab\u00a0hors circulation, pour des raisons de s\u00e9curit\u00e9 et de bonne mise en \u0153uvre\u00a0\u00bb. Le D\u00e9partement pr\u00e9cise en effet\u00a0: \u00ab\u00a0Les vibrations engendr\u00e9es par le trafic pendant la pose des joints de dilatation pourraient compromettre leur qualit\u00e9 et surtout leur durabilit\u00e9.\u00a0\u00bb\u00a0La dur\u00e9e du chantier est estim\u00e9e \u00e0 15 jours et reste soumise aux conditions m\u00e9t\u00e9o.<\/p>\n<p>Pendant cette p\u00e9riode, voici ce qui est indiqu\u00e9 aux usagers\u00a0:<\/p>\n<p>Ce qui se passe en Meurthe-et-Moselle<\/p>\n<li>la circulation motoris\u00e9e sera d\u00e9vi\u00e9e par la RD331\u00a0; une d\u00e9viation sera mise en place par les services d\u00e9partementaux\u00a0;<\/li>\n<li>les pi\u00e9tons et cyclistes pourront continuer \u00e0 emprunter l\u2019ouvrage (ainsi que les mobylettes, pied \u00e0 terre).<\/li>\n<p>Le nouveau pont qui franchit la Moselle est d\u2019une longueur de 155 m\u00e8tres. Il a remplac\u00e9 trois anciens ouvrages arriv\u00e9s en fin de vie.<\/p>\n","protected":false},"excerpt":{"rendered":"Il faudra suivre une d\u00e9viation pendant plusieurs jours\u00a0: le D\u00e9partement de Meurthe-et-Moselle a annonc\u00e9 la fermeture \u00e0 la&hellip;\n","protected":false},"author":2,"featured_media":461199,"comment_status":"","ping_status":"","sticky":false,"template":"","format":"standard","meta":{"footnotes":""},"categories":[9635],"tags":[1111,11,1777,674,1011,27,775,1702,12,25],"class_list":{"0":"post-461198","1":"post","2":"type-post","3":"status-publish","4":"format-standard","5":"has-post-thumbnail","7":"category-nancy","8":"tag-actu","9":"tag-actualites","10":"tag-eu","11":"tag-europe","12":"tag-fr","13":"tag-france","14":"tag-grand-est","15":"tag-nancy","16":"tag-news","17":"tag-republique-francaise"},"share_on_mastodon":{"url":"https:\/\/pubeurope.com\/@fr\/115369893417871368","error":""},"_links":{"self":[{"href":"https:\/\/www.europesays.com\/fr\/wp-json\/wp\/v2\/posts\/461198","targetHints":{"allow":["GET"]}}],"collection":[{"href":"https:\/\/www.europesays.com\/fr\/wp-json\/wp\/v2\/posts"}],"about":[{"href":"https:\/\/www.europesays.com\/fr\/wp-json\/wp\/v2\/types\/post"}],"author":[{"embeddable":true,"href":"https:\/\/www.europesays.com\/fr\/wp-json\/wp\/v2\/users\/2"}],"replies":[{"embeddable":true,"href":"https:\/\/www.europesays.com\/fr\/wp-json\/wp\/v2\/comments?post=461198"}],"version-history":[{"count":0,"href":"https:\/\/www.europesays.com\/fr\/wp-json\/wp\/v2\/posts\/461198\/revisions"}],"wp:featuredmedia":[{"embeddable":true,"href":"https:\/\/www.europesays.com\/fr\/wp-json\/wp\/v2\/media\/461199"}],"wp:attachment":[{"href":"https:\/\/www.europesays.com\/fr\/wp-json\/wp\/v2\/media?parent=461198"}],"wp:term":[{"taxonomy":"category","embeddable":true,"href":"https:\/\/www.europesays.com\/fr\/wp-json\/wp\/v2\/categories?post=461198"},{"taxonomy":"post_tag","embeddable":true,"href":"https:\/\/www.europesays.com\/fr\/wp-json\/wp\/v2\/tags?post=461198"}],"curies":[{"name":"wp","href":"https:\/\/api.w.org\/{rel}","templated":true}]}}