{"id":461200,"date":"2025-10-14T01:20:18","date_gmt":"2025-10-14T01:20:18","guid":{"rendered":"https:\/\/www.europesays.com\/fr\/461200\/"},"modified":"2025-10-14T01:20:18","modified_gmt":"2025-10-14T01:20:18","slug":"yuston-xiii-a-nancy-2026","status":"publish","type":"post","link":"https:\/\/www.europesays.com\/fr\/461200\/","title":{"rendered":"Yuston XIII \u00e0 Nancy 2026"},"content":{"rendered":"<p class=\"intro\">Yuston XIII fera son retour sur sc\u00e8ne \u00e0 Nancy le samedi 14 mars 2026 \u00e0 20h30. Ce concert exceptionnel se d\u00e9roulera \u00e0 L&rsquo;Autre Canal de Nancy, la sc\u00e8ne de r\u00e9f\u00e9rence des musiques actuelles de la ville. Apr\u00e8s plus d&rsquo;un an d&rsquo;absence, l&rsquo;artiste aux plus de 200 millions de streams s&rsquo;appr\u00eate \u00e0 offrir une exp\u00e9rience immersive unique dans cette salle mythique de Meurthe-et-Moselle. Les billets sont disponibles \u00e0 partir de 30\u00a0\u20ac. Ne manquez pas ce rendez-vous musical exceptionnel et r\u00e9servez d\u00e8s maintenant vos places pour cette soir\u00e9e prometteuse.<\/p>\n<p>Nancy accueille le retour tr\u00e8s attendu de Yuston XIII \u00e0 L&rsquo;Autre Canal<\/p>\n<p>Ce <strong>concert de Yuston XIII \u00e0 L&rsquo;Autre Canal de Nancy<\/strong> marquera un moment fort de la programmation musicale nanc\u00e9ienne. L&rsquo;artiste promet un spectacle qui d\u00e9passe tout ce qu&rsquo;il a pu proposer jusqu&rsquo;\u00e0 pr\u00e9sent, avec une intensit\u00e9 rare qui a d\u00e9j\u00e0 conquis La Cigale et l&rsquo;Olympia \u00e0 guichet ferm\u00e9. Cette prestation dans la grande salle de 1300 places de L&rsquo;Autre Canal s&rsquo;annonce comme une v\u00e9ritable exp\u00e9rience immersive, o\u00f9 chaque note et chaque image transpercent le c\u0153ur des spectateurs.<\/p>\n<p><img decoding=\"async\" loading=\"lazy\" src=\"https:\/\/www.europesays.com\/fr\/wp-content\/uploads\/2025\/10\/yuston-xiii-tickets_444013_3590322_222x222.jpg\" alt=\"Yuston Xiii\" class=\"border\"\/><\/p>\n<p>La <strong>sc\u00e8ne de musiques actuelles<\/strong> de Nancy, situ\u00e9e pr\u00e8s du centre historique, accueillera cette performance exceptionnelle dans un cadre id\u00e9al pour ce type de spectacle. Les amateurs de <a href=\"https:\/\/www.jds.fr\/nancy\/agenda\/musique-et-concerts-96_B\" rel=\"nofollow noopener\" target=\"_blank\">concerts \u00e0 Nancy<\/a> pourront d\u00e9couvrir l&rsquo;univers unique de cet artiste qui navigue entre ombre et lumi\u00e8re, po\u00e9sie et intensit\u00e9 brute. Cette soir\u00e9e du 14 mars 2026 promet de graver des <strong>souvenirs inoubliables<\/strong> dans la m\u00e9moire du public de Meurthe-et-Moselle.<\/p>\n<p>Billetterie pour Yuston XIII \u00e0 L&rsquo;Autre Canal<\/p>\n<p><a class=\"btn btn-lg shadow-lg btn-primary rounded-pill fnac_link\" data-fnac=\"in_article\" href=\"https:\/\/www.awin1.com\/pclick.php?p=42793612157&amp;a=634278&amp;m=12494&amp;clickref=in_article-A-desktop\" target=\"_blank\" rel=\"nofollow noopener\"> Acheter des billets<\/a><\/p>\n<p>Les <strong>billets<\/strong> pour ce concert exceptionnel sont propos\u00e9s au <strong>prix<\/strong> attractif de <strong>30\u00a0\u20ac<\/strong>. Cette tarification accessible permettra au plus grand nombre de d\u00e9couvrir l&rsquo;un des artistes les plus singuliers de sa g\u00e9n\u00e9ration dans le cadre intimiste de L&rsquo;Autre Canal. La popularit\u00e9 grandissante de Yuston XIII et son retour tr\u00e8s attendu laissent pr\u00e9sager une forte demande, il est donc recommand\u00e9 de <strong>r\u00e9server<\/strong> rapidement vos places. Pour suivre l&rsquo;actualit\u00e9 de l&rsquo;artiste et d\u00e9couvrir ses prochaines dates, consultez <a href=\"https:\/\/www.jds.fr\/artistes\/yuston-xiii-9261_N\" rel=\"nofollow noopener\" target=\"_blank\">les autres \u00e9v\u00e9nements de Yuston XIII<\/a> programm\u00e9s en France.<\/p>\n<p>Le parcours artistique de Yuston XIII<\/p>\n<p>Yuston XIII s&rsquo;est impos\u00e9 comme une <strong>voix reconnaissable<\/strong> dans le paysage musical fran\u00e7ais gr\u00e2ce \u00e0 son approche autodidacte et authentique. Cr\u00e9ateur complet, il compose, enregistre et mixe ses morceaux depuis sa chambre, ma\u00eetrisant l&rsquo;ensemble de la cha\u00eene de production artistique. Cette ind\u00e9pendance cr\u00e9ative lui permet de d\u00e9velopper un <strong>univers musical personnel<\/strong>, fusionnant rap et chant avec une \u00e9criture introspective et po\u00e9tique.<\/p>\n<p>En juillet 2023, l&rsquo;artiste a marqu\u00e9 sa discographie avec la sortie de son <strong>album\u00a0\u00ab\u00a0MIRAGE\u00a0\u00bb<\/strong>, consolidant sa position sur la sc\u00e8ne musicale fran\u00e7aise. Son style navigue principalement dans l&rsquo;univers du rap\/hip-hop avec des incursions reggae, cr\u00e9ant une identit\u00e9 musicale coh\u00e9rente. L&rsquo;ann\u00e9e 2024 a \u00e9t\u00e9 couronn\u00e9e par sa <strong>prestation \u00e0 l&rsquo;Olympia<\/strong> en octobre, \u00e9v\u00e9nement marquant qui t\u00e9moigne de sa mont\u00e9e en puissance artistique.<\/p>\n<p>Comment aller \u00e0 L&rsquo;Autre Canal de Nancy\u00a0?<\/p>\n<p>Pour rejoindre <a href=\"https:\/\/www.jds.fr\/nancy\/salle-de-concert\/l-autre-canal-de-nancy-13210_L\" rel=\"nofollow noopener\" target=\"_blank\">L&rsquo;Autre Canal de Nancy<\/a> en voiture, suivez les indications vers Nancy-Rives de Meurthe depuis le centre-ville. Le trajet ne prend qu&rsquo;environ <strong>10 minutes<\/strong> depuis le centre historique de Nancy. Le stationnement est facilit\u00e9 par le <strong>P+R des Deux Rives<\/strong> situ\u00e9 5 promenade \u00c9milie du Ch\u00e2telet, proposant un tarif avantageux de <strong>1\u20ac<\/strong> entre 19h et 7h pour toute la dur\u00e9e du stationnement. Attention, le stationnement sauvage autour du lieu est strictement interdit.<\/p>\n<p>Les transports en commun offrent une alternative pratique avec la <strong>ligne A du tramway<\/strong>. Depuis la place Stanislas, prenez la direction Essey-Mouzimpr\u00e9 jusqu&rsquo;\u00e0 l&rsquo;arr\u00eat <strong>\u00ab\u00a02 Rives Olympe de Gouges\u00a0\u00bb<\/strong>, puis marchez une centaine de m\u00e8tres. Depuis la gare de Nancy, le bus ligne A dessert \u00e9galement cet arr\u00eat. Le dernier tram passe vers minuit, avec une desserte plus tardive du jeudi au samedi. Un <strong>espace PMR<\/strong> est am\u00e9nag\u00e9 sur l&rsquo;avant de la grande salle pour garantir une exp\u00e9rience optimale.<\/p>\n<p class=\"mise_en_avant\">Notre conseil\u00a0: privil\u00e9giez le tramway ligne A qui vous d\u00e9pose \u00e0 proximit\u00e9 imm\u00e9diate du lieu, \u00e9vitant les contraintes de stationnement.<\/p>\n<p>Apr\u00e8s ce concert exceptionnel de Yuston XIII, L&rsquo;Autre Canal accueillera prochainement <a href=\"https:\/\/www.jds.fr\/nancy\/concerts\/pop-folk\/ange-1161132_A\" rel=\"nofollow noopener\" target=\"_blank\">Ange \u00e0 L&rsquo;Autre Canal<\/a>, offrant aux m\u00e9lomanes nanc\u00e9iens une programmation riche et vari\u00e9e tout au long de l&rsquo;ann\u00e9e.<\/p>\n<p class=\"font-size-30 fw-bold lh-1 mt-0 mb-4\">Je trouve les meilleures sorties dans ma ville<\/p>\n","protected":false},"excerpt":{"rendered":"Yuston XIII fera son retour sur sc\u00e8ne \u00e0 Nancy le samedi 14 mars 2026 \u00e0 20h30. Ce concert&hellip;\n","protected":false},"author":2,"featured_media":461201,"comment_status":"","ping_status":"","sticky":false,"template":"","format":"standard","meta":{"footnotes":""},"categories":[9635],"tags":[1111,11,1777,674,1011,27,775,1702,12,25],"class_list":{"0":"post-461200","1":"post","2":"type-post","3":"status-publish","4":"format-standard","5":"has-post-thumbnail","7":"category-nancy","8":"tag-actu","9":"tag-actualites","10":"tag-eu","11":"tag-europe","12":"tag-fr","13":"tag-france","14":"tag-grand-est","15":"tag-nancy","16":"tag-news","17":"tag-republique-francaise"},"share_on_mastodon":{"url":"https:\/\/pubeurope.com\/@fr\/115369897550896315","error":""},"_links":{"self":[{"href":"https:\/\/www.europesays.com\/fr\/wp-json\/wp\/v2\/posts\/461200","targetHints":{"allow":["GET"]}}],"collection":[{"href":"https:\/\/www.europesays.com\/fr\/wp-json\/wp\/v2\/posts"}],"about":[{"href":"https:\/\/www.europesays.com\/fr\/wp-json\/wp\/v2\/types\/post"}],"author":[{"embeddable":true,"href":"https:\/\/www.europesays.com\/fr\/wp-json\/wp\/v2\/users\/2"}],"replies":[{"embeddable":true,"href":"https:\/\/www.europesays.com\/fr\/wp-json\/wp\/v2\/comments?post=461200"}],"version-history":[{"count":0,"href":"https:\/\/www.europesays.com\/fr\/wp-json\/wp\/v2\/posts\/461200\/revisions"}],"wp:featuredmedia":[{"embeddable":true,"href":"https:\/\/www.europesays.com\/fr\/wp-json\/wp\/v2\/media\/461201"}],"wp:attachment":[{"href":"https:\/\/www.europesays.com\/fr\/wp-json\/wp\/v2\/media?parent=461200"}],"wp:term":[{"taxonomy":"category","embeddable":true,"href":"https:\/\/www.europesays.com\/fr\/wp-json\/wp\/v2\/categories?post=461200"},{"taxonomy":"post_tag","embeddable":true,"href":"https:\/\/www.europesays.com\/fr\/wp-json\/wp\/v2\/tags?post=461200"}],"curies":[{"name":"wp","href":"https:\/\/api.w.org\/{rel}","templated":true}]}}