{"id":461202,"date":"2025-10-14T01:21:29","date_gmt":"2025-10-14T01:21:29","guid":{"rendered":"https:\/\/www.europesays.com\/fr\/461202\/"},"modified":"2025-10-14T01:21:29","modified_gmt":"2025-10-14T01:21:29","slug":"la-foisonnante-programmation-du-theatre-galli-de-sanary","status":"publish","type":"post","link":"https:\/\/www.europesays.com\/fr\/461202\/","title":{"rendered":"La foisonnante programmation du Th\u00e9\u00e2tre Galli de Sanary"},"content":{"rendered":"<p>Th\u00e9\u00e2tre Galli, Saison 2025\/2026<br \/>\nevents \/ th\u00e9\u00e2tre \/ danse \/ musique \/ cirque \/ humour<\/p>\n<p>\u00a0<\/p>\n<p>Th\u00e9\u00e2tre Galli, Saison 2025\/2026 : Prestigieuse et foisonnante <b>programmation<\/b><\/p>\n<p>\u00a0<\/p>\n<p>Cela fait <b>bient\u00f4t 65 ans qu\u2019il est LE haut lieu culturel de Sanary-sur-Mer<\/b>, et clairement, au vu de la richesse de sa programmation artistique cette saison, ce n\u2019est pas pr\u00e8s de s\u2019arr\u00eater ! Avec <b>plus de 90 spectacles cette ann\u00e9e<\/b>, le Th\u00e9\u00e2tre Galli va voir un public de passionn\u00e9s de danse, de musique, de th\u00e9\u00e2tre et de sc\u00e8nes humour, d\u00e9filer sur ses beaux fauteuils rouges. Tour d\u2019horizon de quelques dates tri\u00e9es sur le volet\u2026<\/p>\n<p>Le 10 octobre, c\u2019est celle qui a enjaill\u00e9 nos vacances d\u2019\u00e9t\u00e9 qui s\u2019installe sur les planches. J\u2019ai nomm\u00e9 <b>Marine Leonardi<\/b> et ses publications hilarantes sur les r\u00e9seaux sociaux la mettant en sc\u00e8ne dans les tribulations \u2013 criantes de r\u00e9alisme \u2013 de sa vie de m\u00e8re et d\u2019\u00e9pouse ! Dans la m\u00eame veine humoristique, retrouvons <b>David Voinson<\/b> le 24 octobre, <b>Sophia Aram<\/b> et son Monde d\u2019apr\u00e8s le 14 novembre ou <b>Booder<\/b>, qui va nous redonner \u2013 le 15 novembre -, un petit air de rentr\u00e9e scolaire avec son nouveau spectacle Ah\u2026 l\u2019\u00e9cole !<\/p>\n<p>\u00a0<\/p>\n<\/p>\n<p>\u00a0<\/p>\n<p><b>B\u00e9reng\u00e8re Krief<\/b> (27 novembre), <b>\u00c9lie Semoun<\/b> (03 d\u00e9cembre), <b>Anthony Kavanagh<\/b> (de retour apr\u00e8s 5 ans de break, le 12 d\u00e9cembre), <b>Alexis Le Rossignol<\/b> (qui cherchera toujours Le sens de la vie le 08 janvier 2026), <b>In\u00e8s Reg<\/b> (15 janvier), les imitateurs <b>Michel Guidoni<\/b> (16 janvier) et <a href=\"https:\/\/www.le-mensuel.com\/spectacle-humour-imitation-tournee-antoine-donneaux\/\" rel=\"nofollow noopener\" target=\"_blank\"><b>Antoine<\/b> <b>Donneaux<\/b><\/a> (07 mars), <b>Roland Magdane<\/b> et son Clap de fin (31 janvier), l\u2019humoriste-chanteur <a href=\"https:\/\/www.le-mensuel.com\/geremy-credeville-enchanteur-tournee-2025\/\" rel=\"nofollow noopener\" target=\"_blank\"><b>G\u00e9r\u00e9my<\/b> <b>Cr\u00e9deville<\/b><\/a> (12 f\u00e9vrier), <b>Nora Hamzawi<\/b> (17 avril), la Fille \u00e0 papa <a href=\"https:\/\/www.le-mensuel.com\/spectacle-humour-tournee-philippine-delaire-fille-a-papa\/\" rel=\"nofollow noopener\" target=\"_blank\"><b>Philippine Delaire<\/b><\/a> (21 avril), <a href=\"https:\/\/www.le-mensuel.com\/laurent-gerra-se-met-a-table-le-nouveau-spectacle-concocte-par-le-maitre-de-limitation-narbonne-narbonne-arena-le-cannet-la-palestre\/\" rel=\"nofollow noopener\" target=\"_blank\"><b>Laurent<\/b> <b>Gerra<\/b><\/a> \u2013 qui Se met \u00e0 table le 24 avril -, <b>Laura Calu<\/b> (25 avril), <b>Jeanfi Janssens, Issa Doumbia<\/b> (21 mai), <b>Chantal Ladesou<\/b> (23 mai) ou <b>Olivier de Benoist<\/b> \u2013 qui r\u00e9clame son Droit au bonheur \u2013 compl\u00e8tent la liste des gais-lurons qui viendront se produire sur la sc\u00e8ne du prestigieux th\u00e9\u00e2tre situ\u00e9 \u00e0 deux pas du port.<\/p>\n<p>Si l\u2019humour reste le meilleur rempart contre la morosit\u00e9, le Th\u00e9\u00e2tre Galli a bien d\u2019autres cordes \u00e0 son arc avec une programmation musicale qui va, \u00e0 son tour, nous donner le sourire\u2026 et l\u2019envie de swinguer ! <b>Les ensembles jazzy y ont trouv\u00e9 une sc\u00e8ne<\/b> qui leur ouvre les portes toute l\u2019ann\u00e9e, \u00e0 commencer par le 14 octobre avec <b>Christine Lutz Quartet<\/b> et sa harpe celtique, aussi envo\u00fbtante qu\u2019intrigante ! Le 02 novembre, tous \u00e0 vos parapluies puisqu\u2019on sait d\u00e9j\u00e0 qu\u2019Il pleut des cordes avec le sextuor \u00e0 cordes <b>Capriccio<\/b> et ses interpr\u00e9tations enlev\u00e9es du grand Mozart\u2026<\/p>\n<p>\u00a0<\/p>\n<\/p>\n<p>\u00a0<\/p>\n<p>Retrouvons \u00e9galement le <b>Spirituals Jazz Orchestra<\/b> (18 d\u00e9cembre), <b>Michel Bourdoncle<\/b> au piano (18 janvier 2026), la Piano Night de Julien Brunetaud et Lluis Coloma (19 janvier), Les Incontournables du Violon (01 f\u00e9vrier), <b>Je n\u2019aime pas le classique, mais avec Alex Vizorek j\u2019aime bien ! <\/b>(04 mars), le Cathy Heiting Quintet (26 mars), 20 cordes et piano (29 mars) et le Way Out Trio (16 avril). Trois dates printani\u00e8res c\u00e9l\u00e8breront la musique \u00e0 plein poumon avec La Saint Nazairienne et son jazz endiabl\u00e9 (31 mai), les <b>Kansas City Cats<\/b> (05 juin) et le <b>Trio Sisley<\/b> (07 juin).<\/p>\n<p>\u00a0<\/p>\n<\/p>\n<p>\u00a0<\/p>\n<p>C\u00f4t\u00e9 t\u00eate d\u2019affiche, on croisera <a href=\"https:\/\/www.le-mensuel.com\/calogero-soir-dans-theatres-concert-tournee-2025-2026\/\" rel=\"nofollow noopener\" target=\"_blank\"><b>Calogero<\/b><\/a> \u2013 les 17 et 18 octobre \u2013 avec son concert imagin\u00e9 pour les th\u00e9\u00e2tres, <b>Dave<\/b> et ses musiciens le 30 novembre, <b>Jeanne Cherhal<\/b> le 05 d\u00e9cembre, l\u2019immense <b>Laurent Voulzy <\/b>le 11 janvier, <b>Benjamin Biolay<\/b> en tourn\u00e9e acoustique, et <b>Dany Brillant<\/b> pour son Best of Tour le 06 mars. <b>Fr\u00e9d\u00e9ric Fran\u00e7ois<\/b> sera aussi de retour pour le plus grand plaisir de ses fans le 11 avril !<\/p>\n<p>Une magnifique programmation th\u00e9\u00e2tre nous attend \u00e9galement avec, entre autres, la com\u00e9die musicale familiale <b>Sherlock Holmes contre Ars\u00e8ne Lupin<\/b> le 16 novembre, <b>Le Schpountz<\/b> le 10 janvier, l\u2019irr\u00e9sistible <b>Moustache<\/b> le 22 janvier et le d\u00e9sopilant <b>Pr\u00e9nom<\/b> le 14 mars 2026\u2026<\/p>\n<p>Il n\u2019y a plus qu\u2019\u00e0 choisir (et ce sera s\u00fbrement le plus compliqu\u00e9\u2026) votre ou vos dates pr\u00e9f\u00e9r\u00e9es pour passer une belle ann\u00e9e bien lov\u00e9 au c\u0153ur du Th\u00e9\u00e2tre Galli !<\/p>\n<p>\u00a0<\/p>\n<p style=\"text-align: right;\">\u00a9 Texte par Claire Thiebaut \/ photo DR<\/p>\n<p>\u00a0<\/p>\n<p><a href=\"https:\/\/www.le-mensuel.com\/category\/coups-de-coeur\/events\/\" rel=\"nofollow noopener\" target=\"_blank\">\u21b5\u00a0Retour vers la rubrique \u00ab\u00a0events\u00a0\u00bb<\/a><\/p>\n<p>\u00a0<\/p>\n<p>\u00a0<\/p>\n","protected":false},"excerpt":{"rendered":"Th\u00e9\u00e2tre Galli, Saison 2025\/2026 events \/ th\u00e9\u00e2tre \/ danse \/ musique \/ cirque \/ humour \u00a0 Th\u00e9\u00e2tre Galli,&hellip;\n","protected":false},"author":2,"featured_media":461203,"comment_status":"","ping_status":"","sticky":false,"template":"","format":"standard","meta":{"footnotes":""},"categories":[9619],"tags":[1111,11,1777,674,1011,27,12,882,25,2310],"class_list":{"0":"post-461202","1":"post","2":"type-post","3":"status-publish","4":"format-standard","5":"has-post-thumbnail","7":"category-toulon","8":"tag-actu","9":"tag-actualites","10":"tag-eu","11":"tag-europe","12":"tag-fr","13":"tag-france","14":"tag-news","15":"tag-provence-alpes-cote-dazur","16":"tag-republique-francaise","17":"tag-toulon"},"share_on_mastodon":{"url":"https:\/\/pubeurope.com\/@fr\/115369901001322106","error":""},"_links":{"self":[{"href":"https:\/\/www.europesays.com\/fr\/wp-json\/wp\/v2\/posts\/461202","targetHints":{"allow":["GET"]}}],"collection":[{"href":"https:\/\/www.europesays.com\/fr\/wp-json\/wp\/v2\/posts"}],"about":[{"href":"https:\/\/www.europesays.com\/fr\/wp-json\/wp\/v2\/types\/post"}],"author":[{"embeddable":true,"href":"https:\/\/www.europesays.com\/fr\/wp-json\/wp\/v2\/users\/2"}],"replies":[{"embeddable":true,"href":"https:\/\/www.europesays.com\/fr\/wp-json\/wp\/v2\/comments?post=461202"}],"version-history":[{"count":0,"href":"https:\/\/www.europesays.com\/fr\/wp-json\/wp\/v2\/posts\/461202\/revisions"}],"wp:featuredmedia":[{"embeddable":true,"href":"https:\/\/www.europesays.com\/fr\/wp-json\/wp\/v2\/media\/461203"}],"wp:attachment":[{"href":"https:\/\/www.europesays.com\/fr\/wp-json\/wp\/v2\/media?parent=461202"}],"wp:term":[{"taxonomy":"category","embeddable":true,"href":"https:\/\/www.europesays.com\/fr\/wp-json\/wp\/v2\/categories?post=461202"},{"taxonomy":"post_tag","embeddable":true,"href":"https:\/\/www.europesays.com\/fr\/wp-json\/wp\/v2\/tags?post=461202"}],"curies":[{"name":"wp","href":"https:\/\/api.w.org\/{rel}","templated":true}]}}