{"id":461204,"date":"2025-10-14T01:22:29","date_gmt":"2025-10-14T01:22:29","guid":{"rendered":"https:\/\/www.europesays.com\/fr\/461204\/"},"modified":"2025-10-14T01:22:29","modified_gmt":"2025-10-14T01:22:29","slug":"toulon-assistance-remorquage-pour-un-cargo-en-avarie-au-large-de-port-la-nouvelle-11","status":"publish","type":"post","link":"https:\/\/www.europesays.com\/fr\/461204\/","title":{"rendered":"TOULON : Assistance remorquage pour un cargo en avarie au large de Port-la-Nouvelle (11)"},"content":{"rendered":"<p><strong>Ce vendredi 10 octobre en d\u00e9but d\u2019apr\u00e8s-midi, le cargo SOFULAR 1, pr\u00e9vu d\u2019accoster \u00e0 Port-la-Nouvelle pour d\u00e9charger une cargaison d\u2019engrais, a signal\u00e9 une avarie de boite de vitesses au Centre r\u00e9gional op\u00e9rationnel de surveillance et de sauvetage de M\u00e9diterran\u00e9e (CROSS MED).<\/strong><\/p>\n<p>En d\u00e9rive \u00e0 une vingtaine de milles nautiques au large de Port-la-Nouvelle, non man\u0153uvrant et dans l\u2019incapacit\u00e9 de r\u00e9parer son avarie par ses propres moyens, le navire a formul\u00e9 une demande d\u2019assistance remorquage au CROSS MED. L\u2019analyse de la situation a montr\u00e9 qu\u2019en raison de son \u00e9loignement des c\u00f4tes et de conditions m\u00e9t\u00e9orologiques stables, le navire ne pr\u00e9sentait pas de menace imm\u00e9diate pour le littoral ou l\u2019environnement, tout en justifiant la mise en \u0153uvre d\u2019une intervention adapt\u00e9e.<br \/>En fin d\u2019apr\u00e8s-midi, le pr\u00e9fet maritime de la M\u00e9diterran\u00e9e a ordonn\u00e9 au remorqueur d\u2019intervention, d\u2019assistance et de sauvetage (RIAS) Abeille M\u00e9diterran\u00e9e d\u2019appareiller \u00e0 titre pr\u00e9ventif pour \u00eatre par\u00e9 \u00e0 intervenir en cas de d\u00e9gradation de la situation.<br \/>\u00c0 la suite de discussions entre l\u2019armateur du SOFULAR 1 et Les Abeilles, armateur de l\u2019Abeille M\u00e9diterran\u00e9e, un contrat de remorquage a \u00e9t\u00e9 conclu.<br \/>En fin de soir\u00e9e, l\u2019Abeille M\u00e9diterran\u00e9e, arriv\u00e9e sur zone, a pris le SOFULAR 1 en remorque, le convoi se dirigeant \u00e0 faible allure vers Port-la-Nouvelle.<br \/>Ce samedi 11 octobre, en milieu de matin\u00e9e, le convoi est arriv\u00e9 devant le port de commerce de Port-la-Nouvelle et le SOFULAR 1 a \u00e9t\u00e9 mis au mouillage en attendant une intervention technique la semaine prochaine. L\u2019Abeille M\u00e9diterran\u00e9e fait d\u00e9sormais route retour vers Toulon.<br \/>La surveillance du trafic maritime commercial est une mission essentielle conduite par le CROSS MED sous l\u2019autorit\u00e9 de la pr\u00e9fecture maritime de la M\u00e9diterran\u00e9e afin d\u2019assurer la s\u00e9curit\u00e9 maritime et d\u2019anticiper tout risque d\u2019accident ou de pollution dans les eaux sous souverainet\u00e9 et juridiction fran\u00e7aises de M\u00e9diterran\u00e9e.<strong><br \/><\/strong><\/p>\n<p><strong>Photo Marine nationale.<\/strong><\/p>\n","protected":false},"excerpt":{"rendered":"Ce vendredi 10 octobre en d\u00e9but d\u2019apr\u00e8s-midi, le cargo SOFULAR 1, pr\u00e9vu d\u2019accoster \u00e0 Port-la-Nouvelle pour d\u00e9charger une&hellip;\n","protected":false},"author":2,"featured_media":461205,"comment_status":"","ping_status":"","sticky":false,"template":"","format":"standard","meta":{"footnotes":""},"categories":[9619],"tags":[1111,11,1777,674,1011,27,12,882,25,2310],"class_list":{"0":"post-461204","1":"post","2":"type-post","3":"status-publish","4":"format-standard","5":"has-post-thumbnail","7":"category-toulon","8":"tag-actu","9":"tag-actualites","10":"tag-eu","11":"tag-europe","12":"tag-fr","13":"tag-france","14":"tag-news","15":"tag-provence-alpes-cote-dazur","16":"tag-republique-francaise","17":"tag-toulon"},"share_on_mastodon":{"url":"https:\/\/pubeurope.com\/@fr\/115369904968752699","error":""},"_links":{"self":[{"href":"https:\/\/www.europesays.com\/fr\/wp-json\/wp\/v2\/posts\/461204","targetHints":{"allow":["GET"]}}],"collection":[{"href":"https:\/\/www.europesays.com\/fr\/wp-json\/wp\/v2\/posts"}],"about":[{"href":"https:\/\/www.europesays.com\/fr\/wp-json\/wp\/v2\/types\/post"}],"author":[{"embeddable":true,"href":"https:\/\/www.europesays.com\/fr\/wp-json\/wp\/v2\/users\/2"}],"replies":[{"embeddable":true,"href":"https:\/\/www.europesays.com\/fr\/wp-json\/wp\/v2\/comments?post=461204"}],"version-history":[{"count":0,"href":"https:\/\/www.europesays.com\/fr\/wp-json\/wp\/v2\/posts\/461204\/revisions"}],"wp:featuredmedia":[{"embeddable":true,"href":"https:\/\/www.europesays.com\/fr\/wp-json\/wp\/v2\/media\/461205"}],"wp:attachment":[{"href":"https:\/\/www.europesays.com\/fr\/wp-json\/wp\/v2\/media?parent=461204"}],"wp:term":[{"taxonomy":"category","embeddable":true,"href":"https:\/\/www.europesays.com\/fr\/wp-json\/wp\/v2\/categories?post=461204"},{"taxonomy":"post_tag","embeddable":true,"href":"https:\/\/www.europesays.com\/fr\/wp-json\/wp\/v2\/tags?post=461204"}],"curies":[{"name":"wp","href":"https:\/\/api.w.org\/{rel}","templated":true}]}}