{"id":461208,"date":"2025-10-14T01:24:21","date_gmt":"2025-10-14T01:24:21","guid":{"rendered":"https:\/\/www.europesays.com\/fr\/461208\/"},"modified":"2025-10-14T01:24:21","modified_gmt":"2025-10-14T01:24:21","slug":"louane-vient-en-solo-tour-au-zenith-de-montpellier","status":"publish","type":"post","link":"https:\/\/www.europesays.com\/fr\/461208\/","title":{"rendered":"Louane vient en \u00ab\u00a0Solo Tour \u00a0\u00bb au Z\u00e9nith de Montpellier"},"content":{"rendered":"<p>\t\t\t\t\t\t\t\tL\u2019ascension en solo \u2013 Une R\u00e9invention Audacieuse<\/p>\n<p><b>La chanteuse <\/b>est de retour avec <b>\u00ab Solo \u00bb<\/b>, son cinqui\u00e8me album sorti le <b>en octobre 2024<\/b>, et il marque un tournant majeur. Apr\u00e8s 11 ans de carri\u00e8re, l\u2019artiste se r\u00e9invente en s\u2019affranchissant de ses complexes d\u2019adolescence pour livrer un projet profond\u00e9ment personnel et sans filet.<\/p>\n<p>\u00ab Solo \u00bb : Le Manifeste de la Libert\u00e9<\/p>\n<p>Comme son titre l\u2019indique, \u00ab Solo \u00bb est une <b>introspection musicale<\/b> et une c\u00e9l\u00e9bration des multiples facettes de sa personnalit\u00e9. Louane embrasse pleinement ses \u00e9motions, n\u2019h\u00e9sitant plus \u00e0 exp\u00e9rimenter et \u00e0 se mettre en danger artistiquement. C\u2019est l\u2019\u0153uvre d\u2019une femme m\u00fbre qui assume son individualit\u00e9, offrant une libert\u00e9 in\u00e9dite dans son expression.<\/p>\n<p>Port\u00e9 par des titres comme <b>\u00ab La Pluie \u00bb<\/b> (d\u00e9j\u00e0 certifi\u00e9 or), cet album se veut l\u2019un des plus intimes de sa discographie, explorant de nouvelles sonorit\u00e9s pop avec une authenticit\u00e9 remarquable.<\/p>\n<p>Le \u00ab Solo Tour \u00bb : Rendez-vous \u00e0 Montpellier<\/p>\n<p>Pour d\u00e9fendre ce nouvel opus, Louane partira sur les routes avec le <b>\u00ab Solo Tour \u00bb<\/b>, une grande tourn\u00e9e des Z\u00e9niths et des Ar\u00e9nas en 2025 et 2026.<\/p>\n<p>Parmi les dates tr\u00e8s attendues, Louane se produira au <b>Z\u00e9nith Sud de Montpellier le vendredi 17 octobre 2025<\/b> \u00e0 20h00. Cette tourn\u00e9e ambitieuse culminera avec une date exceptionnelle et une premi\u00e8re pour l\u2019artiste : l\u2019<b>Accor Arena de Paris le 20 f\u00e9vrier 2026<\/b>.<\/p>\n<p>Avec \u00ab Solo \u00bb, celle qui est nomm\u00e9e aux <strong>NRJ Music Award\u2019s<\/strong> prouve que son talent est une force en constante \u00e9volution, et cette \u00ab escalade en solo \u00bb promet d\u2019\u00eatre l\u2019un des moments forts de la sc\u00e8ne musicale fran\u00e7aise.<\/p>\n<p>Il reste de la place pour le concert de Louane vendredi 17 octobre \u00e0 20h. Billets de 32\u20ac \u00e0 69\u20ac <a href=\"https:\/\/www.zenithsud-montpellier.com\/fr\/agenda\/concert-spectacles-corum\/louane\" target=\"_blank\" rel=\"noopener nofollow\"><strong>ici<\/strong><\/a><\/p><\/p>\n","protected":false},"excerpt":{"rendered":"L\u2019ascension en solo \u2013 Une R\u00e9invention Audacieuse La chanteuse est de retour avec \u00ab Solo \u00bb, son cinqui\u00e8me&hellip;\n","protected":false},"author":2,"featured_media":461209,"comment_status":"","ping_status":"","sticky":false,"template":"","format":"standard","meta":{"footnotes":""},"categories":[9599],"tags":[1111,11,1777,674,1011,27,2208,12,2680,25],"class_list":{"0":"post-461208","1":"post","2":"type-post","3":"status-publish","4":"format-standard","5":"has-post-thumbnail","7":"category-montpellier","8":"tag-actu","9":"tag-actualites","10":"tag-eu","11":"tag-europe","12":"tag-fr","13":"tag-france","14":"tag-montpellier","15":"tag-news","16":"tag-occitanie","17":"tag-republique-francaise"},"share_on_mastodon":{"url":"https:\/\/pubeurope.com\/@fr\/115369912818645872","error":""},"_links":{"self":[{"href":"https:\/\/www.europesays.com\/fr\/wp-json\/wp\/v2\/posts\/461208","targetHints":{"allow":["GET"]}}],"collection":[{"href":"https:\/\/www.europesays.com\/fr\/wp-json\/wp\/v2\/posts"}],"about":[{"href":"https:\/\/www.europesays.com\/fr\/wp-json\/wp\/v2\/types\/post"}],"author":[{"embeddable":true,"href":"https:\/\/www.europesays.com\/fr\/wp-json\/wp\/v2\/users\/2"}],"replies":[{"embeddable":true,"href":"https:\/\/www.europesays.com\/fr\/wp-json\/wp\/v2\/comments?post=461208"}],"version-history":[{"count":0,"href":"https:\/\/www.europesays.com\/fr\/wp-json\/wp\/v2\/posts\/461208\/revisions"}],"wp:featuredmedia":[{"embeddable":true,"href":"https:\/\/www.europesays.com\/fr\/wp-json\/wp\/v2\/media\/461209"}],"wp:attachment":[{"href":"https:\/\/www.europesays.com\/fr\/wp-json\/wp\/v2\/media?parent=461208"}],"wp:term":[{"taxonomy":"category","embeddable":true,"href":"https:\/\/www.europesays.com\/fr\/wp-json\/wp\/v2\/categories?post=461208"},{"taxonomy":"post_tag","embeddable":true,"href":"https:\/\/www.europesays.com\/fr\/wp-json\/wp\/v2\/tags?post=461208"}],"curies":[{"name":"wp","href":"https:\/\/api.w.org\/{rel}","templated":true}]}}