{"id":461210,"date":"2025-10-14T01:29:23","date_gmt":"2025-10-14T01:29:23","guid":{"rendered":"https:\/\/www.europesays.com\/fr\/461210\/"},"modified":"2025-10-14T01:29:23","modified_gmt":"2025-10-14T01:29:23","slug":"chl-a-60-minutes-dune-qualification","status":"publish","type":"post","link":"https:\/\/www.europesays.com\/fr\/461210\/","title":{"rendered":"CHL. \u00c0 60 minutes d&rsquo;une qualification !"},"content":{"rendered":"<p>\u00a0<\/p>\n<p class=\"chapeau\">Les Br\u00fbleurs de Loups se d\u00e9placent \u00e0 Prague, capitale de R\u00e9publique Tch\u00e8que, pour le dernier match de phase de poule de CHL. Les hommes d\u2019Edo Terglav ont besoin d\u2019un point pour se qualifier pour la phase finale !<\/p>\n<p style=\"text-align: right\">Cr\u00e9dit photo : Fabien Baldino<\/p>\n<p>L\u2019histoire peut s\u2019\u00e9crire sous nos yeux ce soir ! Les Br\u00fbleurs de Loups peuvent d\u00e9crocher pour la premi\u00e8re fois de leur histoire un ticket pour les 16\u00e8mes de finale. Les Is\u00e9rois pointent \u00e0 la 10\u00e8me place du classement avec un total de 8 points, ce sont les seize premi\u00e8res \u00e9quipes qui sont qualifi\u00e9es. La phase de groupe est une r\u00e9ussite pour les Grenoblois avec la meilleure attaque ex-aequo avec 21 buts. Ils comptent \u00e9galement dans leurs rangs le meilleur pointeur, buteur, assistant et joueur avec le meilleur +\/- de la comp\u00e9tition. Fran\u00e7ois Beauchemin est le meilleur pointeur et buteur avec 8 points dont 5 buts, Christophe Boivin est le meilleur assistant avec 7 assists et enfin Alexis Binner, joueur ayant le meilleur +\/- avec un total de +7.<\/p>\n<p>Pour la 6\u00e8me et derni\u00e8re journ\u00e9e, les BDL vont s\u2019attaquer \u00e0 gros avec un d\u00e9placement au Sparta Prague. Demi-finalistes de CHL la saison derni\u00e8re, les Tch\u00e8ques sont \u00e0 la 4\u00e8me place et d\u2019ores et d\u00e9j\u00e0 qualifi\u00e9s pour la phase suivante avec 11 points et un bilan de 4 victoires en 5 rencontres. Le N\u00b051 de Prague, Roman Horak, est le meilleur buteur et pointeur de son \u00e9quipe avec 5 points dont 3 buts. C\u2019est plus compliqu\u00e9 en championnat pour le Sparta qui compte 6 victoires et 8 d\u00e9faites et une 10\u00e8me place au classement.<\/p>\n<p>Point comptabilit\u00e9, les Grenoblois ont besoin d\u2019un seul petit point pour s\u2019assurer la qualification. Si le match se joue en prolongations, Grenoble sera qualifi\u00e9 pour les 16\u00e8mes de finale !<\/p>\n<p>Le calendrier des Br\u00fbleurs de Loups\u00a0 :<\/p>\n<ul>\n<li><strong>Jeudi 28 ao\u00fbt : Grenoble<\/strong>\u00a0<strong>0-2<\/strong> SC Bern (0-0 ; 0-2 ; 0-0)<\/li>\n<li><strong>Samedi 30 ao\u00fbt : Grenoble 1-5<\/strong>\u00a0EV Zug (0-3 ; 0-1 ; 1-1)<\/li>\n<li><strong>Vendredi 5 septembre<\/strong> : Pinguins Bremerhaven <strong>5-8 Grenoble\u00a0<\/strong>(1-3 ; 2-4 ; 2-1)<\/li>\n<li><strong>Dimanche 7 septembre<\/strong> : Eisb\u00e4ren Berlin <strong>4-5tab<\/strong> <strong>Grenoble\u00a0<\/strong>(2-0 ; 2-3 ; 0-1 ; 0-0 ; 0-1)<\/li>\n<li><strong>Mercredi 8 octobre : Grenoble 7-4\u00a0<\/strong>Lausanne HC (2-0 ; 0-2 ; 5-2)<\/li>\n<li><strong>Mardi 14 octobre :\u00a0<\/strong>Sparta Prague \u2013\u00a0<strong>Grenoble\u00a0<\/strong>(18h30)<\/li>\n<\/ul>\n","protected":false},"excerpt":{"rendered":"\u00a0 Les Br\u00fbleurs de Loups se d\u00e9placent \u00e0 Prague, capitale de R\u00e9publique Tch\u00e8que, pour le dernier match de&hellip;\n","protected":false},"author":2,"featured_media":461211,"comment_status":"","ping_status":"","sticky":false,"template":"","format":"standard","meta":{"footnotes":""},"categories":[9566],"tags":[1111,11,2430,1777,674,1011,27,2731,12,25],"class_list":{"0":"post-461210","1":"post","2":"type-post","3":"status-publish","4":"format-standard","5":"has-post-thumbnail","7":"category-grenoble","8":"tag-actu","9":"tag-actualites","10":"tag-auvergne-rhone-alpes","11":"tag-eu","12":"tag-europe","13":"tag-fr","14":"tag-france","15":"tag-grenoble","16":"tag-news","17":"tag-republique-francaise"},"share_on_mastodon":{"url":"https:\/\/pubeurope.com\/@fr\/115369932476098796","error":""},"_links":{"self":[{"href":"https:\/\/www.europesays.com\/fr\/wp-json\/wp\/v2\/posts\/461210","targetHints":{"allow":["GET"]}}],"collection":[{"href":"https:\/\/www.europesays.com\/fr\/wp-json\/wp\/v2\/posts"}],"about":[{"href":"https:\/\/www.europesays.com\/fr\/wp-json\/wp\/v2\/types\/post"}],"author":[{"embeddable":true,"href":"https:\/\/www.europesays.com\/fr\/wp-json\/wp\/v2\/users\/2"}],"replies":[{"embeddable":true,"href":"https:\/\/www.europesays.com\/fr\/wp-json\/wp\/v2\/comments?post=461210"}],"version-history":[{"count":0,"href":"https:\/\/www.europesays.com\/fr\/wp-json\/wp\/v2\/posts\/461210\/revisions"}],"wp:featuredmedia":[{"embeddable":true,"href":"https:\/\/www.europesays.com\/fr\/wp-json\/wp\/v2\/media\/461211"}],"wp:attachment":[{"href":"https:\/\/www.europesays.com\/fr\/wp-json\/wp\/v2\/media?parent=461210"}],"wp:term":[{"taxonomy":"category","embeddable":true,"href":"https:\/\/www.europesays.com\/fr\/wp-json\/wp\/v2\/categories?post=461210"},{"taxonomy":"post_tag","embeddable":true,"href":"https:\/\/www.europesays.com\/fr\/wp-json\/wp\/v2\/tags?post=461210"}],"curies":[{"name":"wp","href":"https:\/\/api.w.org\/{rel}","templated":true}]}}