{"id":461214,"date":"2025-10-14T01:31:10","date_gmt":"2025-10-14T01:31:10","guid":{"rendered":"https:\/\/www.europesays.com\/fr\/461214\/"},"modified":"2025-10-14T01:31:10","modified_gmt":"2025-10-14T01:31:10","slug":"previsions-du-mardi-14-octobre-2025-12","status":"publish","type":"post","link":"https:\/\/www.europesays.com\/fr\/461214\/","title":{"rendered":"pr\u00e9visions du mardi 14 octobre 2025"},"content":{"rendered":"<p class=\"mb-4 text-lg md:leading-8 break-words\"><strong>M\u00e9t\u00e9o &#8211; Un magnifique soleil va briller et ce, tout au long de la journ\u00e9e. Les temp\u00e9ratures seront de 14\u00b0C la matin\u00e9e et de 20\u00b0C l&rsquo;apr\u00e8s-midi&#8230;<\/strong><\/p>\n<p class=\"mb-4 text-lg md:leading-8 break-words\">Rennes va vivre une belle journ\u00e9e tr\u00e8s ensoleill\u00e9e. Les temp\u00e9ratures afficheront entre 10 et 21\u00b0C. Un vent de nord-est soufflera l\u00e9g\u00e8rement. Les valeurs seront de 14\u00b0C au cours de la matin\u00e9e. Une m\u00e9t\u00e9o plus chaude est pr\u00e9vue l&rsquo;apr\u00e8s-midi puisque les temp\u00e9ratures vont conna\u00eetre une augmentation. Les valeurs seront de 18\u00b0C au plus bas et de 21\u00b0C au maximum. Le ciel va quelque peu se d\u00e9gager dans la soir\u00e9e avec des \u00e9claircies. On pr\u00e9voit des valeurs avoisinant 13\u00b0C. C&rsquo;est un ciel d\u00e9pourvu de nuages que conna\u00eetra la nuit de mardi \u00e0 mercredi.<\/p>\n<p class=\"mb-4 text-lg md:leading-8 break-words\">Un bel ensoleillement est pr\u00e9vu demain \u00e0 Rennes. Une diminution du mercure est attendue. Les temp\u00e9ratures seront comprises entre 8 et 19\u00b0C. Un vent de nord-est rafra\u00eechira un peu l&rsquo;atmosph\u00e8re. Demain apr\u00e8s-midi, c&rsquo;est une hausse de plusieurs degr\u00e9s que vont enregistrer les temp\u00e9ratures. Les maximales atteindront les 19\u00b0C alors que les minimales seront de 15\u00b0C. Demain soir, le vent va peu \u00e0 peu \u00e9loigner la grisaille.<\/p>\n<p class=\"mb-4 text-lg md:leading-8 break-words\">Les jours qui suivent s&rsquo;annoncent identiques. Il fera 14\u00b0C en moyenne pour des journ\u00e9es avec un temps ensoleill\u00e9.<\/p>\n<p class=\"mb-4 text-lg md:leading-8 break-words\"><a href=\"https:\/\/www.20minutes.fr\/planete\/previsions-meteo\/4179082-20251014-meteo-rennes-previsions-mardi-14-octobre-2025?at_medium=RSS%20feed&amp;at_campaign=ynews&amp;utm_source=yahoo&amp;utm_medium=rss&amp;utm_campaign=news_feed&amp;utm_content=read_more_link&quot;\" rel=\"nofollow noopener\" target=\"_blank\" data-ylk=\"slk:Lire la suite sur 20minutes;elm:context_link;itc:0;sec:content-canvas\" class=\"link \">Lire la suite sur 20minutes<\/a><\/p>\n","protected":false},"excerpt":{"rendered":"M\u00e9t\u00e9o &#8211; Un magnifique soleil va briller et ce, tout au long de la journ\u00e9e. Les temp\u00e9ratures seront&hellip;\n","protected":false},"author":2,"featured_media":461215,"comment_status":"","ping_status":"","sticky":false,"template":"","format":"standard","meta":{"footnotes":""},"categories":[2821],"tags":[1111,11,829,1777,674,1011,27,51394,2487,12,584,25],"class_list":{"0":"post-461214","1":"post","2":"type-post","3":"status-publish","4":"format-standard","5":"has-post-thumbnail","7":"category-rennes","8":"tag-actu","9":"tag-actualites","10":"tag-bretagne","11":"tag-eu","12":"tag-europe","13":"tag-fr","14":"tag-france","15":"tag-la-matinee","16":"tag-meteo","17":"tag-news","18":"tag-rennes","19":"tag-republique-francaise"},"share_on_mastodon":{"url":"https:\/\/pubeurope.com\/@fr\/115369940299382714","error":""},"_links":{"self":[{"href":"https:\/\/www.europesays.com\/fr\/wp-json\/wp\/v2\/posts\/461214","targetHints":{"allow":["GET"]}}],"collection":[{"href":"https:\/\/www.europesays.com\/fr\/wp-json\/wp\/v2\/posts"}],"about":[{"href":"https:\/\/www.europesays.com\/fr\/wp-json\/wp\/v2\/types\/post"}],"author":[{"embeddable":true,"href":"https:\/\/www.europesays.com\/fr\/wp-json\/wp\/v2\/users\/2"}],"replies":[{"embeddable":true,"href":"https:\/\/www.europesays.com\/fr\/wp-json\/wp\/v2\/comments?post=461214"}],"version-history":[{"count":0,"href":"https:\/\/www.europesays.com\/fr\/wp-json\/wp\/v2\/posts\/461214\/revisions"}],"wp:featuredmedia":[{"embeddable":true,"href":"https:\/\/www.europesays.com\/fr\/wp-json\/wp\/v2\/media\/461215"}],"wp:attachment":[{"href":"https:\/\/www.europesays.com\/fr\/wp-json\/wp\/v2\/media?parent=461214"}],"wp:term":[{"taxonomy":"category","embeddable":true,"href":"https:\/\/www.europesays.com\/fr\/wp-json\/wp\/v2\/categories?post=461214"},{"taxonomy":"post_tag","embeddable":true,"href":"https:\/\/www.europesays.com\/fr\/wp-json\/wp\/v2\/tags?post=461214"}],"curies":[{"name":"wp","href":"https:\/\/api.w.org\/{rel}","templated":true}]}}