{"id":461220,"date":"2025-10-14T01:35:18","date_gmt":"2025-10-14T01:35:18","guid":{"rendered":"https:\/\/www.europesays.com\/fr\/461220\/"},"modified":"2025-10-14T01:35:18","modified_gmt":"2025-10-14T01:35:18","slug":"nice-lance-sa-campagne-automnale-de-vaccination-contre-la-grippe-et-le-covid-19","status":"publish","type":"post","link":"https:\/\/www.europesays.com\/fr\/461220\/","title":{"rendered":"Nice lance sa campagne automnale de vaccination contre la grippe et le Covid-19"},"content":{"rendered":"<p>                    <img loading=\"lazy\" decoding=\"async\" src=\"https:\/\/www.europesays.com\/fr\/wp-content\/uploads\/2025\/10\/1367610a8e6e904cab0fc882730550.png\" class=\"img-responsive post-image\" width=\"680\" height=\"510\" alt=\"Nice lance sa campagne\" title=\"Nice lance sa campagne automnale de vaccination contre la grippe et le Covid-19\"\/><\/p>\n<p class=\"chapo\">\u00c0 l\u2019approche de l\u2019hiver, la Ville de Nice relance sa campagne automnale de vaccination contre la grippe saisonni\u00e8re et le Covid-19. \u00c0 partir du mardi 14 octobre, le centre de vaccination Hancy proposera ces deux vaccins sans rendez-vous, afin de faciliter l\u2019acc\u00e8s \u00e0 la pr\u00e9vention pour tous les Ni\u00e7ois.<\/p>\n<p>                    Vaccination gratuite et accessible \u00e0 tous<\/p>\n<p>Situ\u00e9 10, rue Hancy \u00e0 Nice, le centre municipal de vaccination offre gratuitement les vaccins obligatoires et recommand\u00e9s (DT-Polio, coqueluche, ROR, h\u00e9patite B, m\u00e9ningites ACWY\/B, papillomavirus), et dispense des conseils personnalis\u00e9s selon le calendrier vaccinal du Haut Conseil de sant\u00e9 publique.<br class=\"autobr\"\/><br \/>\n<strong>D\u00e8s le 14 octobre, les habitants pourront \u00e9galement y recevoir une injection contre le Covid-19 ou la grippe saisonni\u00e8re, sans avoir \u00e0 prendre rendez-vous.<\/strong><\/p>\n<p>Une priorit\u00e9 pour les publics les plus fragiles<\/p>\n<p>La campagne Covid-19 cible en priorit\u00e9\u00a0:<br class=\"autobr\"\/><br \/>\n<strong>Les personnes \u00e2g\u00e9es de 65 ans et plus\u00a0;<br class=\"autobr\"\/><br \/>\nLes personnes atteintes de comorbidit\u00e9s \u00e0 risque de forme grave\u00a0;<br class=\"autobr\"\/><br \/>\nLes immunod\u00e9prim\u00e9s <br class=\"autobr\"\/><br \/>\nLes femmes enceintes\u00a0;<br class=\"autobr\"\/><br \/>\nLes r\u00e9sidents d\u2019EHPAD et d\u2019unit\u00e9s de soins de longue dur\u00e9e\u00a0;<br class=\"autobr\"\/><br \/>\nLes personnes \u00e0 tr\u00e8s haut risque selon leur situation m\u00e9dicale\u00a0;<br class=\"autobr\"\/><br \/>\nLes proches et professionnels en contact r\u00e9gulier avec des personnes vuln\u00e9rables.<\/strong><\/p>\n<p>Les personnes \u00e9ligibles peuvent recevoir leur injection six mois apr\u00e8s leur derni\u00e8re infection ou vaccination (ou trois mois pour les plus de 80 ans). Toutefois, toute personne souhaitant se faire vacciner contre le Covid-19 pourra le faire, m\u00eame sans faire partie des publics cibles.<br class=\"autobr\"\/><br \/>\nCette campagne s\u2019appuie sur des vaccins adapt\u00e9s au variant LP 8.1, actuellement dominant.<\/p>\n<p>Le vaccin contre la grippe saisonni\u00e8re, mis \u00e0 jour chaque ann\u00e9e selon les souches circulantes, est fortement recommand\u00e9 aux plus de 65 ans, mais ouvert \u00e0 tous d\u00e8s l\u2019\u00e2ge de deux ans.<\/p>\n<p><strong>Pour les personnes \u00e2g\u00e9es ou malades dans l\u2019incapacit\u00e9 de se d\u00e9placer, la Ville propose une vaccination \u00e0 domicile assur\u00e9e par des \u00e9quipes mobiles (prise de rendez-vous au 04 92 17 44 90).<\/strong><br class=\"autobr\"\/>\n<\/p>\n<p>Pr\u00e9venir les infections respiratoires hivernales<\/p>\n<p>La Ville de Nice rappelle que la lutte contre les virus hivernaux (grippe, Covid-19, VRS, pneumocoque) repose sur deux piliers\u00a0: la vaccination et les gestes barri\u00e8res.<br class=\"autobr\"\/><br \/>\nLe port du masque, le lavage des mains et l\u2019a\u00e9ration r\u00e9guli\u00e8re des espaces clos demeurent des mesures simples et efficaces, particuli\u00e8rement vitales pour les personnes \u00e2g\u00e9es et fragiles.<\/p>\n<p>Visuel de Une\u00a0: illustration \u00a9DR<\/p>\n","protected":false},"excerpt":{"rendered":"\u00c0 l\u2019approche de l\u2019hiver, la Ville de Nice relance sa campagne automnale de vaccination contre la grippe saisonni\u00e8re&hellip;\n","protected":false},"author":2,"featured_media":461221,"comment_status":"","ping_status":"","sticky":false,"template":"","format":"standard","meta":{"footnotes":""},"categories":[2819],"tags":[1111,11,2408,1777,674,1011,27,12,2401,882,25],"class_list":{"0":"post-461220","1":"post","2":"type-post","3":"status-publish","4":"format-standard","5":"has-post-thumbnail","7":"category-nice","8":"tag-actu","9":"tag-actualites","10":"tag-appels-d","11":"tag-eu","12":"tag-europe","13":"tag-fr","14":"tag-france","15":"tag-news","16":"tag-nice","17":"tag-provence-alpes-cote-dazur","18":"tag-republique-francaise"},"share_on_mastodon":{"url":"https:\/\/pubeurope.com\/@fr\/115369956558319955","error":""},"_links":{"self":[{"href":"https:\/\/www.europesays.com\/fr\/wp-json\/wp\/v2\/posts\/461220","targetHints":{"allow":["GET"]}}],"collection":[{"href":"https:\/\/www.europesays.com\/fr\/wp-json\/wp\/v2\/posts"}],"about":[{"href":"https:\/\/www.europesays.com\/fr\/wp-json\/wp\/v2\/types\/post"}],"author":[{"embeddable":true,"href":"https:\/\/www.europesays.com\/fr\/wp-json\/wp\/v2\/users\/2"}],"replies":[{"embeddable":true,"href":"https:\/\/www.europesays.com\/fr\/wp-json\/wp\/v2\/comments?post=461220"}],"version-history":[{"count":0,"href":"https:\/\/www.europesays.com\/fr\/wp-json\/wp\/v2\/posts\/461220\/revisions"}],"wp:featuredmedia":[{"embeddable":true,"href":"https:\/\/www.europesays.com\/fr\/wp-json\/wp\/v2\/media\/461221"}],"wp:attachment":[{"href":"https:\/\/www.europesays.com\/fr\/wp-json\/wp\/v2\/media?parent=461220"}],"wp:term":[{"taxonomy":"category","embeddable":true,"href":"https:\/\/www.europesays.com\/fr\/wp-json\/wp\/v2\/categories?post=461220"},{"taxonomy":"post_tag","embeddable":true,"href":"https:\/\/www.europesays.com\/fr\/wp-json\/wp\/v2\/tags?post=461220"}],"curies":[{"name":"wp","href":"https:\/\/api.w.org\/{rel}","templated":true}]}}