{"id":461234,"date":"2025-10-14T01:45:15","date_gmt":"2025-10-14T01:45:15","guid":{"rendered":"https:\/\/www.europesays.com\/fr\/461234\/"},"modified":"2025-10-14T01:45:15","modified_gmt":"2025-10-14T01:45:15","slug":"la-cpme-sud-chiffre-le-cout-a-16-milliards-de-pertes-pour-la-france","status":"publish","type":"post","link":"https:\/\/www.europesays.com\/fr\/461234\/","title":{"rendered":"la CPME SUD chiffre le co\u00fbt \u00e0 16 milliards de pertes pour la France"},"content":{"rendered":"<p itemprop=\"description\"><strong>Une instabilit\u00e9 qui freine, selon elle, \u00ab\u00a0les investissements, retarde les commandes et nourrit une d\u00e9fiance croissante des chefs d\u2019entreprises\u00a0\u00bb<\/strong><\/p>\n<p>\u00a0<\/p>\n<p class=\"MsoNormal\" style=\"text-align: justify;\">Instabilit\u00e9 politique : l\u2019appel de d\u00e9tresse de la CPME SUD. La Conf\u00e9d\u00e9ration des Petites et Moyennes Entreprises en R\u00e9gion Provence-Alpes-C\u00f4te d\u2019Azur r\u00e9agit apr\u00e8s la nouvelle nomination de S\u00e9bastien Lecornu en premier ministre et \u00ab\u00a0tire la sonnette d\u2019alarme\u00a0\u00bb sur ces crises successives politiques qui secouent la France\u00a0\u00ab\u00a0depuis juin 2024\u00a0\u00bb.<\/p>\n<p class=\"MsoNormal\" style=\"text-align: justify;\">\u00a0<\/p>\n<p class=\"MsoNormal\" style=\"text-align: justify;\"><strong>Une perte de 16 milliards d&rsquo;euros d&rsquo;ici la fin de l&rsquo;ann\u00e9e<\/strong><\/p>\n<p class=\"MsoNormal\" style=\"text-align: justify;\">Une instabilit\u00e9 qui freine, selon elle, \u00ab\u00a0les investissements, retarde les commandes et nourrit une d\u00e9fiance croissante des chefs d\u2019entreprises\u00a0\u00bb. Elle s\u2019appuie sur l\u2019OFCE, l\u2019Office Fran\u00e7ais des Conjonctures \u00c9conomiques en estimant que la crise repr\u00e9sentera \u00e0 la fin de l\u2019ann\u00e9e 0,5 point de croissance perdue \u00ab\u00a0soit environ 16 milliards d\u2019euros. En effet, entre la censure du gouvernement Barnier et la dissolution de l\u2019Assembl\u00e9e nationale, ce sont respectivement 12 milliards puis 4 milliards qui ont \u00e9t\u00e9 perdus.<\/p>\n<p class=\"MsoNormal\" style=\"text-align: justify;\">Un co\u00fbt pour l\u2019\u00e9conomie qui \u00ab\u00a0menace directement la survie des PME\u00a0\u00bb, la CPME appelle donc \u00e0 retrouver un cap clair. \u00ab\u00a0Il faut trouver un compromis sur trois piliers\u00a0: d\u00e9penser mieux, simplifier la vie des entreprises et redonner toute sa valeur au travail\u00a0\u00bb r\u00e9agit Alain Gargani, pr\u00e9sident de la CPME SUD, sur Alpes 1.<\/p>\n<p class=\"MsoNormal\" style=\"text-align: right;\"><strong>C. Cava Michard<\/strong><\/p>\n","protected":false},"excerpt":{"rendered":"Une instabilit\u00e9 qui freine, selon elle, \u00ab\u00a0les investissements, retarde les commandes et nourrit une d\u00e9fiance croissante des chefs&hellip;\n","protected":false},"author":2,"featured_media":461235,"comment_status":"","ping_status":"","sticky":false,"template":"","format":"standard","meta":{"footnotes":""},"categories":[2814],"tags":[1111,11,7733,8279,7736,650,7734,2889,2263,1777,674,1011,27,1085,8280,6417,1114,4662,884,12,3725,882,1825,25,7053,7737],"class_list":{"0":"post-461234","1":"post","2":"type-post","3":"status-publish","4":"format-standard","5":"has-post-thumbnail","7":"category-marseille","8":"tag-actu","9":"tag-actualites","10":"tag-alpes","11":"tag-alpes1","12":"tag-cds","13":"tag-cinema","14":"tag-ecoute","15":"tag-emission","16":"tag-equipe","17":"tag-eu","18":"tag-europe","19":"tag-fr","20":"tag-france","21":"tag-gap","22":"tag-haute","23":"tag-information","24":"tag-infos","25":"tag-journal","26":"tag-marseille","27":"tag-news","28":"tag-podcast","29":"tag-provence-alpes-cote-dazur","30":"tag-radio","31":"tag-republique-francaise","32":"tag-sud","33":"tag-winamp"},"share_on_mastodon":{"url":"https:\/\/pubeurope.com\/@fr\/115369995363109319","error":""},"_links":{"self":[{"href":"https:\/\/www.europesays.com\/fr\/wp-json\/wp\/v2\/posts\/461234","targetHints":{"allow":["GET"]}}],"collection":[{"href":"https:\/\/www.europesays.com\/fr\/wp-json\/wp\/v2\/posts"}],"about":[{"href":"https:\/\/www.europesays.com\/fr\/wp-json\/wp\/v2\/types\/post"}],"author":[{"embeddable":true,"href":"https:\/\/www.europesays.com\/fr\/wp-json\/wp\/v2\/users\/2"}],"replies":[{"embeddable":true,"href":"https:\/\/www.europesays.com\/fr\/wp-json\/wp\/v2\/comments?post=461234"}],"version-history":[{"count":0,"href":"https:\/\/www.europesays.com\/fr\/wp-json\/wp\/v2\/posts\/461234\/revisions"}],"wp:featuredmedia":[{"embeddable":true,"href":"https:\/\/www.europesays.com\/fr\/wp-json\/wp\/v2\/media\/461235"}],"wp:attachment":[{"href":"https:\/\/www.europesays.com\/fr\/wp-json\/wp\/v2\/media?parent=461234"}],"wp:term":[{"taxonomy":"category","embeddable":true,"href":"https:\/\/www.europesays.com\/fr\/wp-json\/wp\/v2\/categories?post=461234"},{"taxonomy":"post_tag","embeddable":true,"href":"https:\/\/www.europesays.com\/fr\/wp-json\/wp\/v2\/tags?post=461234"}],"curies":[{"name":"wp","href":"https:\/\/api.w.org\/{rel}","templated":true}]}}