{"id":461248,"date":"2025-10-14T01:53:18","date_gmt":"2025-10-14T01:53:18","guid":{"rendered":"https:\/\/www.europesays.com\/fr\/461248\/"},"modified":"2025-10-14T01:53:18","modified_gmt":"2025-10-14T01:53:18","slug":"a-paris-ces-concerts-a-la-bougie-rejouent-des-musiques-cultes-dhalloween","status":"publish","type":"post","link":"https:\/\/www.europesays.com\/fr\/461248\/","title":{"rendered":"\u00c0 Paris, ces concerts \u00e0 la bougie rejouent des musiques cultes d&rsquo;Halloween"},"content":{"rendered":"<p class=\"p1\">Un d\u00e9cor sublime, des bougies vacillantes, des airs cultes\u2026 Halloween s\u2019est doucement <strong>impos\u00e9 dans le paysage parisien depuis les ann\u00e9es 90<\/strong>. F\u00eate des esprits et des morts, elle trouve aujourd\u2019hui un <a href=\"https:\/\/www.lebonbon.fr\/marseille\/loisirs\/concert-exclusif-a-bougie-debarque-hotel-marseillais\/\" rel=\"nofollow noopener\" target=\"_blank\"><strong>\u00e9cho inattendu dans les concerts Candlelight<\/strong><\/a>, qui revisitent les grands classiques du frisson en <strong>version quatuor \u00e0 cordes<\/strong>. <\/p>\n<p>&#13;<\/p>\n<p class=\"p1\">Des morceaux iconiques comme la <b>Danse macabre<\/b> de Saint-Sa\u00ebns, le <b>Prelude de Psycho<\/b>, le <strong>Thriller<\/strong> de <strong>Michael Jackson<\/strong>, le th\u00e8me de <b>Stranger Things<\/b> ou encore celui de <b>Ghostbusters<\/b> r\u00e9sonnent sous les vo\u00fbtes des plus beaux lieux de la capitale. <\/p>\n<p>&#13;<\/p>\n<blockquote class=\"instagram-media\" data-instgrm-permalink=\"https:\/\/www.instagram.com\/reel\/DPXV-lzjOn6\/?utm_source=ig_embed&amp;utm_campaign=loading\" data-instgrm-version=\"14\" style=\"background: #FFF; border: 0; border-radius: 3px; box-shadow: 0 0 1px 0 rgba(0,0,0,0.5),0 1px 10px 0 rgba(0,0,0,0.15); margin: 1px; max-width: 540px; min-width: 326px; padding: 0; width: calc(100% - 2px);\"><p>&#13;<br \/>\n&#13;\n<\/p><\/blockquote>\n<p>&#13;<br \/>\n&#13;<br \/>\n<b><br \/>Un concert classique\u2026 pas si classique<\/b>&#13;<\/p>\n<p class=\"p1\">Deux dates \u00e0 ne pas manquer\u00a0:\u00a0<\/p>\n<p>&#13;<\/p>\n<p class=\"p1\"> &#8211; <b>Candlelight\u00a0<\/b>:<b> Classiques d\u2019Halloween<\/b>, le <b>25 octobre \u00e0 19h30<\/b> \u00e0 la <b>Maison de l\u2019Oc\u00e9an<\/b> (\u00e0 partir de 33,50\u20ac)<\/p>\n<p>&#13;<\/p>\n<p class=\"p1\"> &#8211; <b>Candlelight Halloween\u00a0<\/b>:<b> Compositions hant\u00e9es<\/b>, le <b>31 octobre \u00e0 19h<\/b> \u00e0 l\u2019<b>Institut National des Jeunes Aveugles<\/b> (\u00e0 partir de 37,50\u20ac) <\/p>\n<p>&#13;<\/p>\n<p class=\"p1\">Dans ces cadres d\u2019exception, <strong>la magie op\u00e8re<\/strong>. Pendant une heure, les spectateurs plongent dans un univers sonore o\u00f9 la tension monte doucement, port\u00e9e par des <strong>cordes inqui\u00e9tantes<\/strong>, des <strong>silences suspendus<\/strong> et une <strong>lumi\u00e8re tamis\u00e9e<\/strong> par des <strong>centaines de bougies<\/strong>.<\/p>\n<p>&#13;<\/p>\n<blockquote class=\"instagram-media\" data-instgrm-permalink=\"https:\/\/www.instagram.com\/p\/DPY7p5SDEbO\/?utm_source=ig_embed&amp;utm_campaign=loading\" data-instgrm-version=\"14\" style=\"background: #FFF; border: 0; border-radius: 3px; box-shadow: 0 0 1px 0 rgba(0,0,0,0.5),0 1px 10px 0 rgba(0,0,0,0.15); margin: 1px; max-width: 540px; min-width: 326px; padding: 0; width: calc(100% - 2px);\"><p>&#13;<br \/>\n&#13;\n<\/p><\/blockquote>\n<p>&#13;<br \/>\n&#13;<br \/>\n<b><br \/>Une ambiance hant\u00e9e, entre \u00e9l\u00e9gance et \u00e9tranget\u00e9<\/b>&#13;<\/p>\n<p class=\"p2\">Le pari est os\u00e9\u00a0: transformer des tubes de la pop culture horrifique en morceaux classiques sans perdre leur pouvoir \u00e9vocateur. La menace rampante de <b>Night on Bald Mountain<\/b>, les accents stridents <strong>d\u2019Herrmann<\/strong> ou la nostalgie trouble de <strong>Stranger Things<\/strong> se m\u00ealent dans un m\u00eame souffle musical.<\/p>\n<p>&#13;<\/p>\n<p class=\"p2\">Dans ces lieux patrimoniaux, chaque note semble habiter l\u2019espace et chaque vibration de corde invoque un frisson. Vous l&rsquo;imaginez bien\u00a0: c&rsquo;est une <strong>autre mani\u00e8re de c\u00e9l\u00e9brer Halloween<\/strong>, certes loin des d\u00e9guisements et des bonbons mais qui promet un moment suspendu, \u00e9l\u00e9gant et charg\u00e9 de myst\u00e8re.\u00a0<\/p>\n<p><script async src=\"\/\/www.instagram.com\/embed.js\"><\/script><\/p>\n","protected":false},"excerpt":{"rendered":"Un d\u00e9cor sublime, des bougies vacillantes, des airs cultes\u2026 Halloween s\u2019est doucement impos\u00e9 dans le paysage parisien depuis&hellip;\n","protected":false},"author":2,"featured_media":461249,"comment_status":"","ping_status":"","sticky":false,"template":"","format":"standard","meta":{"footnotes":""},"categories":[1888],"tags":[11,1777,674,1011,27,12,626,25],"class_list":{"0":"post-461248","1":"post","2":"type-post","3":"status-publish","4":"format-standard","5":"has-post-thumbnail","7":"category-paris","8":"tag-actualites","9":"tag-eu","10":"tag-europe","11":"tag-fr","12":"tag-france","13":"tag-news","14":"tag-paris","15":"tag-republique-francaise"},"share_on_mastodon":{"url":"https:\/\/pubeurope.com\/@fr\/115370026797096168","error":""},"_links":{"self":[{"href":"https:\/\/www.europesays.com\/fr\/wp-json\/wp\/v2\/posts\/461248","targetHints":{"allow":["GET"]}}],"collection":[{"href":"https:\/\/www.europesays.com\/fr\/wp-json\/wp\/v2\/posts"}],"about":[{"href":"https:\/\/www.europesays.com\/fr\/wp-json\/wp\/v2\/types\/post"}],"author":[{"embeddable":true,"href":"https:\/\/www.europesays.com\/fr\/wp-json\/wp\/v2\/users\/2"}],"replies":[{"embeddable":true,"href":"https:\/\/www.europesays.com\/fr\/wp-json\/wp\/v2\/comments?post=461248"}],"version-history":[{"count":0,"href":"https:\/\/www.europesays.com\/fr\/wp-json\/wp\/v2\/posts\/461248\/revisions"}],"wp:featuredmedia":[{"embeddable":true,"href":"https:\/\/www.europesays.com\/fr\/wp-json\/wp\/v2\/media\/461249"}],"wp:attachment":[{"href":"https:\/\/www.europesays.com\/fr\/wp-json\/wp\/v2\/media?parent=461248"}],"wp:term":[{"taxonomy":"category","embeddable":true,"href":"https:\/\/www.europesays.com\/fr\/wp-json\/wp\/v2\/categories?post=461248"},{"taxonomy":"post_tag","embeddable":true,"href":"https:\/\/www.europesays.com\/fr\/wp-json\/wp\/v2\/tags?post=461248"}],"curies":[{"name":"wp","href":"https:\/\/api.w.org\/{rel}","templated":true}]}}