{"id":461252,"date":"2025-10-14T01:55:23","date_gmt":"2025-10-14T01:55:23","guid":{"rendered":"https:\/\/www.europesays.com\/fr\/461252\/"},"modified":"2025-10-14T01:55:23","modified_gmt":"2025-10-14T01:55:23","slug":"en-mer-baltique-la-menace-des-petroliers-fantomes-russes-espionnage-sabotage","status":"publish","type":"post","link":"https:\/\/www.europesays.com\/fr\/461252\/","title":{"rendered":"En mer Baltique, la menace des p\u00e9troliers fant\u00f4mes russes\u00a0: espionnage, sabotage\u2026"},"content":{"rendered":"\n<p class=\"article__paragraph article__paragraph--lf \">Le commandant de la marine estonienne Ivo V\u00e4rk m\u00e8ne une dr\u00f4le de guerre, sans bataille ni ennemi. En cette matin\u00e9e grise du 19\u00a0septembre, il prom\u00e8ne sa haute silhouette le long d\u2019un ancien entrep\u00f4t en brique rouge, vestige du commerce hans\u00e9atique, sur les quais de la base navale de Tallinn. Son visage est p\u00e2le et fatigu\u00e9.<\/p>\n<p class=\"article__paragraph article__paragraph--lf \">Les dizaines de p\u00e9troliers qui mouillent au large de la mer Baltique lui donnent du souci. Ce ne sont que de vieux rafiots \u00e0 la coque rouill\u00e9e, souvent charg\u00e9s de gaz naturel ou de p\u00e9trole, qui partent ou reviennent de la Russie voisine, \u00e0 seulement 200 kilom\u00e8tres de l\u00e0.<\/p>\n<p class=\"article__paragraph article__paragraph--lf \">A premi\u00e8re vue, rien de vraiment mena\u00e7ant. \u00ab\u00a0Mais on ne sait pas tout sur eux\u00a0\u00bb, avertit Ivo V\u00e4rk. Si ces navires<strong> <\/strong>l\u2019inqui\u00e8tent autant, c\u2019est parce qu\u2019ils font bien plus que transporter du p\u00e9trole russe en contournant les sanctions occidentales. Moscou les utiliserait pour endommager des c\u00e2bles sous-marins et lancer des drones. Ces navires dits \u00ab\u00a0fant\u00f4mes\u00a0\u00bb dissimulent l\u2019identit\u00e9 de leurs propri\u00e9taires derri\u00e8re des soci\u00e9t\u00e9s-\u00e9crans et des pavillons de complaisance, et peuvent dispara\u00eetre des \u00e9crans radars en \u00e9teignant leurs syst\u00e8mes d\u2019identification automatique (AIS). Sollicit\u00e9e par Le Monde, la marine estonienne a accept\u00e9 qu\u2019un de ses exercices de surveillance soit suivi de l\u2019int\u00e9rieur. Tout ne s\u2019est pas d\u00e9roul\u00e9 comme pr\u00e9vu.<\/p>\n<p class=\"article__paragraph article__paragraph--lf \">C\u2019est une banale mission que pr\u00e9pare ce matin-l\u00e0 l\u2019Ugandi, un chasseur de mines gris, h\u00e9riss\u00e9 d\u2019antennes, de radars, et entour\u00e9 de fusils-mitrailleurs. Certains marins portent les \u00e9cussons ukrainien et estonien cousus c\u00f4te \u00e0 c\u00f4te sur leur uniforme. Tous s\u2019activent sur le pont, retirent la housse qui prot\u00e8ge le canon avant. Le moteur fait vibrer la carcasse d\u2019acier du navire, les amarres sont largu\u00e9es. Le voici qui fonce vers les eaux internationales. Habitu\u00e9 \u00e0 scruter le fond de la mer Baltique \u00e0 la recherche de mines pos\u00e9es pendant la seconde guerre mondiale, l\u2019Ugandi est d\u00e9sormais attentif \u00e0 ces p\u00e9troliers fig\u00e9s dans la houle, qui se profilent \u00e0 l\u2019horizon. \u00ab\u00a0Nous sommes les yeux de la marine\u00a0\u00bb, annonce fi\u00e8rement la commandante du navire, Greete M\u00e4nd. Sa mission consiste, ce matin-l\u00e0, \u00e0 v\u00e9rifier l\u2019identit\u00e9 d\u2019un m\u00e9thanier donn\u00e9e par son AIS, qui renseigne son nom, sa position ou encore sa cargaison. Bien souvent, les navires fant\u00f4mes \u00e9teignent ou piratent ce syst\u00e8me pour masquer leur identit\u00e9 ou leur destination.<\/p>\n<p class=\"reading-mode-only \"><strong>Il vous reste 84.56% de cet article \u00e0 lire. La suite est r\u00e9serv\u00e9e aux abonn\u00e9s.<\/strong><\/p>\n","protected":false},"excerpt":{"rendered":"Le commandant de la marine estonienne Ivo V\u00e4rk m\u00e8ne une dr\u00f4le de guerre, sans bataille ni ennemi. En&hellip;\n","protected":false},"author":2,"featured_media":461253,"comment_status":"","ping_status":"","sticky":false,"template":"","format":"standard","meta":{"footnotes":""},"categories":[1591],"tags":[11,1887,12,1885,1886,132],"class_list":{"0":"post-461252","1":"post","2":"type-post","3":"status-publish","4":"format-standard","5":"has-post-thumbnail","7":"category-russie","8":"tag-actualites","9":"tag-federation-de-russie","10":"tag-news","11":"tag-russia","12":"tag-russian-federation","13":"tag-russie"},"share_on_mastodon":{"url":"https:\/\/pubeurope.com\/@fr\/115370034749915620","error":""},"_links":{"self":[{"href":"https:\/\/www.europesays.com\/fr\/wp-json\/wp\/v2\/posts\/461252","targetHints":{"allow":["GET"]}}],"collection":[{"href":"https:\/\/www.europesays.com\/fr\/wp-json\/wp\/v2\/posts"}],"about":[{"href":"https:\/\/www.europesays.com\/fr\/wp-json\/wp\/v2\/types\/post"}],"author":[{"embeddable":true,"href":"https:\/\/www.europesays.com\/fr\/wp-json\/wp\/v2\/users\/2"}],"replies":[{"embeddable":true,"href":"https:\/\/www.europesays.com\/fr\/wp-json\/wp\/v2\/comments?post=461252"}],"version-history":[{"count":0,"href":"https:\/\/www.europesays.com\/fr\/wp-json\/wp\/v2\/posts\/461252\/revisions"}],"wp:featuredmedia":[{"embeddable":true,"href":"https:\/\/www.europesays.com\/fr\/wp-json\/wp\/v2\/media\/461253"}],"wp:attachment":[{"href":"https:\/\/www.europesays.com\/fr\/wp-json\/wp\/v2\/media?parent=461252"}],"wp:term":[{"taxonomy":"category","embeddable":true,"href":"https:\/\/www.europesays.com\/fr\/wp-json\/wp\/v2\/categories?post=461252"},{"taxonomy":"post_tag","embeddable":true,"href":"https:\/\/www.europesays.com\/fr\/wp-json\/wp\/v2\/tags?post=461252"}],"curies":[{"name":"wp","href":"https:\/\/api.w.org\/{rel}","templated":true}]}}