{"id":461258,"date":"2025-10-14T01:58:19","date_gmt":"2025-10-14T01:58:19","guid":{"rendered":"https:\/\/www.europesays.com\/fr\/461258\/"},"modified":"2025-10-14T01:58:19","modified_gmt":"2025-10-14T01:58:19","slug":"charles-iii-impose-son-blason-sur-les-passeports-britanniques-2","status":"publish","type":"post","link":"https:\/\/www.europesays.com\/fr\/461258\/","title":{"rendered":"Charles III impose son blason sur les passeports britanniques"},"content":{"rendered":"<p class=\"mb-4 text-lg md:leading-8 break-words\">Plus de deux ans apr\u00e8s le couronnement de <a href=\"https:\/\/www.pointdevue.fr\/grand-angle\/biographies\/charles-iii\" rel=\"nofollow noopener\" target=\"_blank\" data-ylk=\"slk:Charles III;elm:context_link;itc:0;sec:content-canvas\" class=\"link \">Charles III<\/a>, les Britanniques vont pouvoir voyager avec les armoiries de leur roi. Le minist\u00e8re britannique de l&rsquo;Int\u00e9rieur annonce qu&rsquo;\u00e0 compter du mois de d\u00e9cembre, <strong>un nouveau mod\u00e8le de passeport sera mis en circulation. <\/strong>Cela n&rsquo;avait pas \u00e9t\u00e9 le cas depuis 2020, ceux d\u00e9livr\u00e9s jusque-l\u00e0 continuaient donc d&rsquo;afficher l&#8217;embl\u00e8me de la reine <a href=\"https:\/\/www.pointdevue.fr\/grand-angle\/biographies\/elisabeth-ii\" rel=\"nofollow noopener\" target=\"_blank\" data-ylk=\"slk:\u00c9lisabeth II;elm:context_link;itc:0;sec:content-canvas\" class=\"link \">\u00c9lisabeth II<\/a>, <a href=\"https:\/\/www.pointdevue.fr\/royal\/royaume-uni\/le-dernier-voyage-de-la-reine-elisabeth-ii-dans-les-rues-de-londres\" rel=\"nofollow noopener\" target=\"_blank\" data-ylk=\"slk:d\u00e9c\u00e9d\u00e9e le 8 septembre 2022;elm:context_link;itc:0;sec:content-canvas\" class=\"link \">d\u00e9c\u00e9d\u00e9e le 8 septembre 2022<\/a>. Les quatre nations du Royaume-Uni seront repr\u00e9sent\u00e9es \u00e0 travers des images de quatre paysages naturels prot\u00e9g\u00e9s par l&rsquo;Unesco : Ben Nevis, le Lake District, Three Cliffs Bay et la Chauss\u00e9e des G\u00e9ants, <strong>et le nouveau passeport int\u00e8grera une technologie anti-falsification ultra-moderne.\u00a0<\/strong><\/p>\n<p><img alt=\"Le passeport britannique portant le blason de la reine \u00c9lisabeth II, avec la couronne de St Edward.\" loading=\"lazy\" width=\"810\" height=\"594\" decoding=\"async\" data-nimg=\"1\" class=\"rounded-lg\" style=\"color:transparent\" src=\"https:\/\/www.europesays.com\/fr\/wp-content\/uploads\/2025\/10\/ec56ee61215b793f1cf9004104c2f183.jpeg\"\/><\/p>\n<p><strong>Le passeport britannique portant le blason de la reine \u00c9lisabeth II, avec la couronne de Saint-Edouard.<\/strong> \u00a9 Matt Cardy\/Getty Images<\/p>\n<p><img alt=\"Le blason de Charles III, ici brod\u00e9 sur un tissu fabriqu\u00e9 par le Royal College of Needlework 2023.\" loading=\"lazy\" width=\"810\" height=\"540\" decoding=\"async\" data-nimg=\"1\" class=\"rounded-lg\" style=\"color:transparent\" src=\"https:\/\/www.europesays.com\/fr\/wp-content\/uploads\/2025\/10\/483bf242409283437bb2fab8ae2f385e.jpeg\"\/><\/p>\n<p><strong>Le blason de Charles III, ici brod\u00e9 sur un tissu fabriqu\u00e9 par le Royal College of Needlework 2023.<\/strong> \u00a9 Kirsty O&rsquo;Connor\/PA Wire\/Abaca<\/p>\n<p class=\"mb-4 text-lg md:leading-8 break-words\">Le plus grand changement de cette nouvelle \u00e9dition ? Le blason dessin\u00e9 sur la couverture de l&rsquo;objet indispensable \u00e0 tout voyageur originaire du Royaume-Uni. <strong>La pi\u00e8ce ma\u00eetresse des armoiries d&rsquo;\u00c9lisabeth II et de Charles III, est la couronne qui se trouve en haut du design.<\/strong> Alors que l&#8217;embl\u00e8me de la d\u00e9funte reine faisait figurer en son centre, <a href=\"https:\/\/www.pointdevue.fr\/lifestyle\/joaillerie\/quelles-sont-les-deux-couronnes-que-ceindra-charles-iii-a-westminster\" rel=\"nofollow noopener\" target=\"_blank\" data-ylk=\"slk:la couronne de Saint-Edouard;elm:context_link;itc:0;sec:content-canvas\" class=\"link \">la couronne de Saint-Edouard<\/a> \u2013 celle-ci servant \u00e0 couronner tous les souverains, dont Charles III en mai 2023 \u2013 celui du roi met en lumi\u00e8re la couronne des Tudor, \u00e9galement connue sous le nom de \u00ab\u00a0couronne d&rsquo;Henri VIII\u00a0\u00bb.<\/p>\n<p><img alt=\"Henri VIII, couronne sur la t\u00eate, remet une charte \u00e0 Thomas Vicary, comm\u00e9morant l'union des guildes des barbiers et des chirurgiens., 1541 (huile sur panneau par Holbein the Younger, Hans (1497\/8-1543) .\" loading=\"lazy\" width=\"810\" height=\"472\" decoding=\"async\" data-nimg=\"1\" class=\"rounded-lg\" style=\"color:transparent\" src=\"https:\/\/www.europesays.com\/fr\/wp-content\/uploads\/2025\/10\/96cb45baf47c65e5bd1b248f7fc5e47d.jpeg\"\/><\/p>\n<p><strong>Henri VIII, couronne sur la t\u00eate, remet une charte \u00e0 Thomas Vicary, comm\u00e9morant l&rsquo;union des guildes des barbiers et des chirurgiens, 1541 (huile sur panneau par Holbein the Younger, Hans (1497\/8-1543).<\/strong> \u00a9 Worshipful Company of Barbers \/ \u00a9 Courtesy of the Worshipful Company of Barbers \/ Bridgeman Images<\/p>\n<p>Chacun sa couronne<\/p>\n<p class=\"mb-4 text-lg md:leading-8 break-words\">D\u00e9truit pendant la guerre civile de 1649, <strong>ce joyau fut fondu \u00e0 la Tour de Londres sur ordre d&rsquo;Oliver Cromwell<\/strong>, bourreau de Charles Ier. port\u00e9e par <a href=\"https:\/\/www.pointdevue.fr\/histoire\/histoire-du-monde\/henri-viii-linsatiable-roi-aux-six-epouses\" rel=\"nofollow noopener\" target=\"_blank\" data-ylk=\"slk:Henri VII et ses enfants;elm:context_link;itc:0;sec:content-canvas\" class=\"link \">Henri VII et ses enfants<\/a>, la couronne Tudor \u00e9tait orn\u00e9e de 344 pierres pr\u00e9cieuses et sertie de sculptures repr\u00e9sentant les saints royaux et une Vierge \u00e0 l&rsquo;enfant. \u00c9douard VII, George V et <a href=\"https:\/\/www.pointdevue.fr\/grand-angle\/biographies\/george-vi\" rel=\"nofollow noopener\" target=\"_blank\" data-ylk=\"slk:George VI;elm:context_link;itc:0;sec:content-canvas\" class=\"link \">George VI<\/a> avaient eux aussi choisi ce bijou dans leurs chiffres respectifs, tout comme Charles III aujourd&rsquo;hui. Sa m\u00e8re, tranchant avec ses anc\u00eatres, avait pr\u00e9f\u00e9r\u00e9 opter pour la couronne de Saint-Edouard, avec <strong>ses fameuses deux arches distinctives, son bandeau d&rsquo;hermine, son cadre en or massif et ses 444 pierres pr\u00e9cieuses et semi-pr\u00e9cieuses.<\/strong> Mis \u00e0 part la couronne, le reste de l&#8217;embl\u00e8me demeurera inchang\u00e9 sur les nouveaux passeports : la jarreti\u00e8re bleue et or, la devise latine \u00ab\u00a0Dieu et mon Droit\u00a0\u00bb, ainsi que le lion et la licorne.<\/p>\n<p><img alt=\"Couronne d'\u00c9tat d'Henry VIII recr\u00e9\u00e9e en 2012, en argent dor\u00e9 avec velours, perles et pierres gemmes.\" loading=\"lazy\" width=\"810\" height=\"540\" decoding=\"async\" data-nimg=\"1\" class=\"rounded-lg\" style=\"color:transparent\" src=\"https:\/\/www.europesays.com\/fr\/wp-content\/uploads\/2025\/10\/8463c7663dfc817e74babb70681cd5e6.jpeg\"\/><\/p>\n<p><strong>Couronne d&rsquo;\u00c9tat d&rsquo;Henry VIII recr\u00e9\u00e9e en 2012, en argent dor\u00e9 avec velours, perles et pierres gemmes.<\/strong> \u00a9 Historic Royal Palaces\/Robin Forster \/ Bridgeman Images<\/p>\n<p><img alt=\"Charles III, \u00e0 peine couronn\u00e9, porte la couronne de St Edward, le 6 mai 2023.\" loading=\"lazy\" width=\"810\" height=\"540\" decoding=\"async\" data-nimg=\"1\" class=\"rounded-lg\" style=\"color:transparent\" src=\"https:\/\/www.europesays.com\/fr\/wp-content\/uploads\/2025\/10\/49c2b275d6556616fd3869dfa142aff3.jpeg\"\/><\/p>\n<p><strong>Charles III, \u00e0 peine couronn\u00e9, porte la couronne de St Edward, le 6 mai 2023.<\/strong> \u00a9 Louis Wood\/The Sun\/News Licensing\/ABACAPRESS.COM<\/p>\n<p class=\"mb-4 text-lg md:leading-8 break-words\">Si les armoiries de Charles III n&rsquo;apparaissent que maintenant sur ces documents officiels, c&rsquo;est parce que le nouveau souverain voulait que <strong>leur introduction soit progressive afin de minimiser les co\u00fbts de production.<\/strong> La n\u00e9cessit\u00e9 de changer la technologie des passeports britanniques a \u00e9t\u00e9 l&rsquo;occasion pour Charles III d&rsquo;apposer <a href=\"https:\/\/www.pointdevue.fr\/royal\/royaume-uni\/charles-iii-impose-sa-marque\" rel=\"nofollow noopener\" target=\"_blank\" data-ylk=\"slk:son chiffre;elm:context_link;itc:0;sec:content-canvas\" class=\"link \">son chiffre<\/a> sur les futurs documents, sans frais suppl\u00e9mentaires. Les passeports orn\u00e9s du blason d&rsquo;Elisabeth II resteront, eux, en circulation, jusqu&rsquo;\u00e0 leur date de validit\u00e9 maximum, soit encore une ou deux dizaines d&rsquo;ann\u00e9es.<\/p>\n<p class=\"mb-4 text-lg md:leading-8 break-words\">Lire aussi &gt;&gt; <a href=\"https:\/\/www.pointdevue.fr\/royal\/royaume-uni\/un-blason-geant-de-charles-iii-installe-au-ritz-symbole-de-laffection-des-royaux-pour-cet-hotel-de-luxe\" rel=\"nofollow noopener\" target=\"_blank\" data-ylk=\"slk:Un blason g\u00e9ant de Charles III install\u00e9 au Ritz, symbole de l&#039;affection des royaux pour cet h\u00f4tel de luxe;elm:context_link;itc:0;sec:content-canvas\" class=\"link \">Un blason g\u00e9ant de Charles III install\u00e9 au Ritz, symbole de l&rsquo;affection des royaux pour cet h\u00f4tel de luxe<\/a><\/p>\n","protected":false},"excerpt":{"rendered":"Plus de deux ans apr\u00e8s le couronnement de Charles III, les Britanniques vont pouvoir voyager avec les armoiries&hellip;\n","protected":false},"author":2,"featured_media":461259,"comment_status":"","ping_status":"","sticky":false,"template":"","format":"standard","meta":{"footnotes":""},"categories":[1588],"tags":[11,581,58585,1777,674,58586,58587,12,473,1853,1851,1850,1852],"class_list":{"0":"post-461258","1":"post","2":"type-post","3":"status-publish","4":"format-standard","5":"has-post-thumbnail","7":"category-royaume-uni","8":"tag-actualites","9":"tag-charles-iii","10":"tag-couronne-de-saint-edouard","11":"tag-eu","12":"tag-europe","13":"tag-la-couronne","14":"tag-les-armoiries","15":"tag-news","16":"tag-royaume-uni","17":"tag-royaume-uni-de-grande-bretagne-et-dirlande-du-nord","18":"tag-uk","19":"tag-united-kingdom","20":"tag-united-kingdom-of-great-britain-and-northern-ireland"},"share_on_mastodon":{"url":"https:\/\/pubeurope.com\/@fr\/115370047527541547","error":""},"_links":{"self":[{"href":"https:\/\/www.europesays.com\/fr\/wp-json\/wp\/v2\/posts\/461258","targetHints":{"allow":["GET"]}}],"collection":[{"href":"https:\/\/www.europesays.com\/fr\/wp-json\/wp\/v2\/posts"}],"about":[{"href":"https:\/\/www.europesays.com\/fr\/wp-json\/wp\/v2\/types\/post"}],"author":[{"embeddable":true,"href":"https:\/\/www.europesays.com\/fr\/wp-json\/wp\/v2\/users\/2"}],"replies":[{"embeddable":true,"href":"https:\/\/www.europesays.com\/fr\/wp-json\/wp\/v2\/comments?post=461258"}],"version-history":[{"count":0,"href":"https:\/\/www.europesays.com\/fr\/wp-json\/wp\/v2\/posts\/461258\/revisions"}],"wp:featuredmedia":[{"embeddable":true,"href":"https:\/\/www.europesays.com\/fr\/wp-json\/wp\/v2\/media\/461259"}],"wp:attachment":[{"href":"https:\/\/www.europesays.com\/fr\/wp-json\/wp\/v2\/media?parent=461258"}],"wp:term":[{"taxonomy":"category","embeddable":true,"href":"https:\/\/www.europesays.com\/fr\/wp-json\/wp\/v2\/categories?post=461258"},{"taxonomy":"post_tag","embeddable":true,"href":"https:\/\/www.europesays.com\/fr\/wp-json\/wp\/v2\/tags?post=461258"}],"curies":[{"name":"wp","href":"https:\/\/api.w.org\/{rel}","templated":true}]}}