{"id":461275,"date":"2025-10-14T02:09:31","date_gmt":"2025-10-14T02:09:31","guid":{"rendered":"https:\/\/www.europesays.com\/fr\/461275\/"},"modified":"2025-10-14T02:09:31","modified_gmt":"2025-10-14T02:09:31","slug":"ce-quil-faut-retenir-des-finales-la-coupe-de-france","status":"publish","type":"post","link":"https:\/\/www.europesays.com\/fr\/461275\/","title":{"rendered":"Ce qu\u2019il faut retenir des finales la Coupe de France"},"content":{"rendered":"<p><strong>Les 25 et 26 avril, Bercy recevait comme chaque ann\u00e9e les finales de la Coupe de France, la grand-messe du basketball fran\u00e7ais, sous l\u2019\u00e9gide de la FFBB.<\/strong><\/p>\n<p>C\u2019est LE moment de rassemblement du basket dans l\u2019Hexagone. Avec l\u2019AccorArena de Bercy comme th\u00e9\u00e2tre, tout la balle orange fran\u00e7aise se retrouvent sous l\u2019\u00e9gide de la F\u00e9d\u00e9ration Fran\u00e7aise de Basketball. Les finales de la Coupe de France sont l\u2019occasion d\u2019\u00e9changes et remises de r\u00e9compenses, en parall\u00e8le de l\u2019enjeu sportif.<\/p>\n<p><strong>Paris et les Flammes Carolos sacr\u00e9s<\/strong><\/p>\n<p>Ce week-end fait la part belle au basket amateur, avec le Troph\u00e9e Coupe de France. Pour succ\u00e9der \u00e0 Foug\u00e8res chez les hommes, c\u2019est Beyssac Beaupuy Marmande qui s\u2019impose face \u00e0 Gravenchon. Chez les femmes,<strong><a href=\"https:\/\/www.sportmag.fr\/basket-lexploit-pour-rouen-bihorel-a-bercy\/\" target=\"_blank\" rel=\"noopener\"> Rouen-Bihorel signe l\u2019exploit<\/a><\/strong> face au Monaco Basket Association, promu en LF2 et ultra-dominateur dans sa poule de 3e division.<\/p>\n<p align=\"JUSTIFY\"><a href=\"https:\/\/www.sportmag.fr\/abonnement\/\" target=\"_blank\" rel=\"noopener\"><img loading=\"lazy\" decoding=\"async\" class=\"size-medium wp-image-158878 alignleft\" src=\"data:image\/svg+xml,%3Csvg%20xmlns=\" http:=\"\" data-lazy- data-lazy- alt=\"\" width=\"212\" height=\"300\" data-pin-no-hover=\"true\" data-lazy-src=\"https:\/\/www.europesays.com\/fr\/wp-content\/uploads\/2025\/04\/PUB-MAG-AVRIL--212x300.jpg\"\/><\/a><\/p>\n<p>Du c\u00f4t\u00e9 des U18, les cadettes de l\u2019ASVEL ont battu le Tango Bourges Basket. Leurs a\u00een\u00e9es ont aussi c\u00e9d\u00e9 en finale, vaincu par Charleville-M\u00e9zi\u00e8res. <strong><a href=\"https:\/\/www.sportmag.fr\/basket-les-flammes-carolos-embrasent-bercy\/\" target=\"_blank\" rel=\"noopener\">Les Flammes Carolos mettent ainsi fin \u00e0 leur mal\u00e9diction,<\/a> <\/strong>apr\u00e8s cinq \u00e9checs cons\u00e9cutifs en finale de la Coupe de France\u2026<\/p>\n<p>D\u00e9cid\u00e9ment, il ne faisait pas bon avoir deux \u00e9quipes en finale ce samedi\u2026 Comme leurs a\u00een\u00e9s, les jeunes p\u00e9pites du Mans repartent les mains vides. Chez les U18, <strong><a href=\"https:\/\/www.sportmag.fr\/basket-les-sharks-croquent-la-coupe-au-buzzer\/\" target=\"_blank\" rel=\"noopener\">les Sharks d\u2019Antibes ont croqu\u00e9 la victoire<\/a><\/strong> sur le fil au MSB. C\u00f4t\u00e9 pros, c\u2019est le Paris Basket qui s\u2019impose, <strong><a href=\"https:\/\/www.sportmag.fr\/basket-la-coupe-de-france-une-eclaircie-sur-paris\/\" target=\"_blank\" rel=\"noopener\">pour une \u00e9claircie en pleine s\u00e9rie tr\u00e8s difficile<\/a><\/strong> en Euroleague (2-0 pour le Fenerbah\u00e7e).<\/p>\n<p><strong>Des ic\u00f4nes r\u00e9compens\u00e9es<\/strong><\/p>\n<p>En marge de l\u2019\u00e9v\u00e9nement, la F\u00e9d\u00e9ration Fran\u00e7aise de BasketBall a rendu hommage \u00e0 trois c\u00e9l\u00e9brit\u00e9s du monde du basket. Sandrine Gruda, Ren\u00e9 Kirsch et Bruno Gasperin ont re\u00e7u des mains du Pr\u00e9sident de la FFBB Jean-Pierre Hunckler le Ballon de Cristal, distinction r\u00e9compensant leur investissement pour la balle orange. La premi\u00e8re est (entre autres) meilleure marqueuse de l\u2019Equipe de France, avec 2 878 points. Le second a pr\u00e9sid\u00e9 la Ligue Grand Est de basket-ball entre 2008 \u00e0 2024, et quitte ses fonctions f\u00e9d\u00e9rales et r\u00e9gionales. Enfin, le troisi\u00e8me est un arbitre historique, premier pr\u00e9sident du syndicat des arbitres de basket-ball<\/p>\n<p><strong>Les arbitres en valeur<\/strong><\/p>\n<p>En amont des finales s\u2019est \u00e9galement tenue le d\u00e9nouement de la Coupe de France des Arbitres. Les 1000 participants engag\u00e9s devaient r\u00e9pondre \u00e0 des questionnaires sur les r\u00e8gles du basket. Leurs bonnes r\u00e9ponses et leur vitesse d\u00e9terminaient leur classement \u00e0 l\u2019arriv\u00e9e. Finalement, la victoire de cette premi\u00e8re \u00e9dition de la Coupe de France des Arbitres revient \u00e0 Carlos Lemos (Stagiaire R\u00e9gion IDF 91).<\/p>\n","protected":false},"excerpt":{"rendered":"Les 25 et 26 avril, Bercy recevait comme chaque ann\u00e9e les finales de la Coupe de France, la&hellip;\n","protected":false},"author":2,"featured_media":461276,"comment_status":"","ping_status":"","sticky":false,"template":"","format":"standard","meta":{"footnotes":""},"categories":[1414],"tags":[1465,1464,1011,27,60],"class_list":{"0":"post-461275","1":"post","2":"type-post","3":"status-publish","4":"format-standard","5":"has-post-thumbnail","7":"category-basket","8":"tag-basket","9":"tag-basketball","10":"tag-fr","11":"tag-france","12":"tag-sports"},"share_on_mastodon":{"url":"https:\/\/pubeurope.com\/@fr\/115370089833013073","error":""},"_links":{"self":[{"href":"https:\/\/www.europesays.com\/fr\/wp-json\/wp\/v2\/posts\/461275","targetHints":{"allow":["GET"]}}],"collection":[{"href":"https:\/\/www.europesays.com\/fr\/wp-json\/wp\/v2\/posts"}],"about":[{"href":"https:\/\/www.europesays.com\/fr\/wp-json\/wp\/v2\/types\/post"}],"author":[{"embeddable":true,"href":"https:\/\/www.europesays.com\/fr\/wp-json\/wp\/v2\/users\/2"}],"replies":[{"embeddable":true,"href":"https:\/\/www.europesays.com\/fr\/wp-json\/wp\/v2\/comments?post=461275"}],"version-history":[{"count":0,"href":"https:\/\/www.europesays.com\/fr\/wp-json\/wp\/v2\/posts\/461275\/revisions"}],"wp:featuredmedia":[{"embeddable":true,"href":"https:\/\/www.europesays.com\/fr\/wp-json\/wp\/v2\/media\/461276"}],"wp:attachment":[{"href":"https:\/\/www.europesays.com\/fr\/wp-json\/wp\/v2\/media?parent=461275"}],"wp:term":[{"taxonomy":"category","embeddable":true,"href":"https:\/\/www.europesays.com\/fr\/wp-json\/wp\/v2\/categories?post=461275"},{"taxonomy":"post_tag","embeddable":true,"href":"https:\/\/www.europesays.com\/fr\/wp-json\/wp\/v2\/tags?post=461275"}],"curies":[{"name":"wp","href":"https:\/\/api.w.org\/{rel}","templated":true}]}}