{"id":461277,"date":"2025-10-14T02:10:14","date_gmt":"2025-10-14T02:10:14","guid":{"rendered":"https:\/\/www.europesays.com\/fr\/461277\/"},"modified":"2025-10-14T02:10:14","modified_gmt":"2025-10-14T02:10:14","slug":"motogp-theorie-du-complot-ducati-enfin-100-derriere-bagnaia-apres-la-perte-de-marquez","status":"publish","type":"post","link":"https:\/\/www.europesays.com\/fr\/461277\/","title":{"rendered":"MotoGP Th\u00e9orie du complot, Ducati (enfin) 100% derri\u00e8re Bagnaia, apr\u00e8s la perte de Marquez ?"},"content":{"rendered":"<p>C\u2019est triste \u00e0 dire mais la nouvelle blessure qui affectera Marc Marquez pendant au moins deux Grand-Prix, pourrait faire du bien \u00e0 Francesco Bagnaia, en MotoGP. Car, sans sa poule aux oeufs d\u2019or 2025, la firme italienne va devoir redoubler d\u2019effort pour permettre au transalpin de se battre \u00e0 l\u2019avant. Imaginez, deux Ducati hors des points en Australie et en Malaise, cela ferait d\u00e9sordre. Sachant que le rempla\u00e7ant du champion en titre ne sera probablement pas en mesure de marquer \u00e0 la r\u00e9guli\u00e8re\u2026<\/p>\n<p>MotoGP : Ducati traite-t-elle ses deux motos de la m\u00eame mani\u00e8re ?<\/p>\n<p>Alors, oui, cette-fois Ducati n\u2019aura d\u2019autre choix que de mettre 100% de son \u00e9nergie et de ses ressources pour aider Pecco. M\u00eame si la th\u00e9orie du complot ne peut jamais, par d\u00e9faut, \u00eatre d\u00e9fendue, il faut bien avouer que des choses \u00e9tranges ont eu lieu, cette saison. Cela commen\u00e7ait avait les propos de la compagne de Bagnaia, qui avait affirm\u00e9 que les deux pilotes n\u2019\u00e9taient pas trait\u00e9s de la m\u00eame mani\u00e8re, avant m\u00eame le d\u00e9but du championnat.<\/p>\n<p>Puis, Francesco a accumul\u00e9 des probl\u00e8mes m\u00e9caniques, \u00e0 plusieurs reprises, alors que son co\u00e9quipier en \u00e9tait, presque syst\u00e9matiquement, pr\u00e9serv\u00e9. D\u2019ailleurs, le retour en forme du champion du monde de MotoGP 2023 \u00e0 Motegi aurait pu tourner au fiasco, lequel ayant r\u00e9alis\u00e9 de nombreux tours avec une Ducati en fum\u00e9e. Sabotage ? On imagine quand m\u00eame mal Ducati trafiquer ses propres machines. D\u2019autant que l\u2019image, relay\u00e9e par les t\u00e9l\u00e9visions mondiales, n\u2019est pas bonne pour la r\u00e9putation et l\u2019image de marque de la firme de Bologne.<\/p>\n<p>Mais nous pourrions \u00e9ventuellement y voir, en tentant d\u2019expliquer la chose, un soin moins important apport\u00e9 \u00e0 la machine de Pecco, face \u00e0 celle de Marc. Difficile \u00e0 prouver malgr\u00e9 tout alors, restons prudent sur le sujet. Ce qui semble vrai et confirm\u00e9, cependant, c\u2019est ce choix d\u00e9lib\u00e9r\u00e9 de l\u2019Italien de revenir \u00e0 une version ant\u00e9rieure de certaines pi\u00e8ces. Une volont\u00e9 qui lui avait \u00e9t\u00e9 refus\u00e9e, jusqu\u2019au test de Misano. Pourtant, une fois la requ\u00eate accept\u00e9e, Francesco Bagnaia retrouvait de sa superbe, dominant le Grand-Prix du Japon.<\/p>\n<p>Alors, pourquoi ne pas avoir \u00e9cout\u00e9 Pecco et lui avoir interdit de disposer d\u2019une moto plus proche de son style, sachant pertinemment que la 2025 lui convenait nettement moins ? Et si c\u2019\u00e9tait Marc, qui avait \u00e9mis une telle demande, lui aurait-elle \u00e9t\u00e9 refus\u00e9e ? Nous avons du mal \u00e0 croire que oui, mais le doute est toujours permis. Quoiqu\u2019il en soit, de nombreuses questions sont sur la table et le simple fait que Davide Tardozzi soit \u00e0 ce point \u201cfan\u201d de Marc Marquez pourrait susciter des questions, de la part de certains, quant \u00e0 la parit\u00e9 entre ses deux pilotes. D\u2019autant que l\u2019int\u00e9ress\u00e9 s\u2019est souvent comport\u00e9 durement avec Pecco, comme certaines vid\u00e9os vol\u00e9es l\u2019avaient d\u00e9j\u00e0 r\u00e9v\u00e9l\u00e9.<\/p>\n<blockquote class=\"twitter-tweet\">\n<p dir=\"ltr\" lang=\"en\">We don\u2019t have to hide. At <a href=\"https:\/\/twitter.com\/hashtag\/IndonesianGP?src=hash&amp;ref_src=twsrc%5Etfw\" target=\"_blank\" rel=\"noopener nofollow\">#IndonesianGP<\/a> we have struggled a lot.. \ud83d\udcaa\u2764\ufe0f\ud83c\uddee\ud83c\udde9<\/p>\n<p>This time there were no parties, there were just infinite seconds of fear and concern.<\/p>\n<p>INSIDE <a href=\"https:\/\/twitter.com\/hashtag\/DucatiLenovoTeam?src=hash&amp;ref_src=twsrc%5Etfw\" target=\"_blank\" rel=\"noopener nofollow\">#DucatiLenovoTeam<\/a><br \/>\u27a1\ufe0fsoon online on the <a href=\"https:\/\/twitter.com\/DucatiMotor?ref_src=twsrc%5Etfw\" target=\"_blank\" rel=\"noopener nofollow\">@DucatiMotor<\/a> official YT account. <a href=\"https:\/\/twitter.com\/hashtag\/ForzaDucati?src=hash&amp;ref_src=twsrc%5Etfw\" target=\"_blank\" rel=\"noopener nofollow\">#ForzaDucati<\/a> <a href=\"https:\/\/t.co\/0SNaCaWIj0\" rel=\"nofollow\">pic.twitter.com\/0SNaCaWIj0<\/a><\/p>\n<p>\u2014 Ducati Corse (@ducaticorse) <a href=\"https:\/\/twitter.com\/ducaticorse\/status\/1975850223508627520?ref_src=twsrc%5Etfw\" target=\"_blank\" rel=\"noopener nofollow\">October 8, 2025<\/a><\/p>\n<\/blockquote>\n<p>Francesco Bagnaia plus poissard que d\u00e9savantag\u00e9 ?<\/p>\n<p>Mais, encore une fois, difficile d\u2019accuser qui que ce soit, sans preuve. Alors, accordons le b\u00e9n\u00e9fice du doute au Team Ducati (et \u00e0 ses dirigeants), qui a tout int\u00e9r\u00eat \u00e0 dominer le championnat du monde de MotoGP avec deux motos et non une. Si bien que nous pouvons aussi mettre en avant, en dernier ressort, la carte de la malchance, pour Bagnaia. Et \u00e9galement, le fait que ce dernier soit -et ce n\u2019est pas insultant- moins fort que son coll\u00e8gue. Marc Marquez \u00e9tant, sans aucun doute possible, le meilleur pilote de la cat\u00e9gorie reine et ce, depuis de nombreuses ann\u00e9es\u2026<\/p>\n<p>Voil\u00e0 pourquoi son indisponibilit\u00e9 fait toujours beaucoup de mal \u00e0 l\u2019\u00e9quipe qui en est victime. Sachant, pour \u00eatre r\u00e9aliste, que nous devons nous attendre \u00e0 ce que le pilote espagnol ne revienne plus cette saison. Autant dire que tout miser sur lui reste trop dangereux et que cet incident malheureux pourrait permettre \u00e0 Ducati de pousser plus fort, afin de disposer de deux pilotes capables de gagner, r\u00e9guli\u00e8rement. Alors, encore une fois, Francesco Bagnaia devra saisir cette opportunit\u00e9 pour retrouver de sa superbe et surtout, convaincre son employeur qu\u2019il reste un candidat s\u00e9rieux au sacre. A ce titre, il m\u00e9riterait d\u2019\u00eatre \u00e9cout\u00e9 et consid\u00e9r\u00e9 \u00e0 sa juste valeur.<\/p>\n<p>Sachant, pour finir, que Marc Marquez ne restera pas \u00e9ternellement en MotoGP. Si bien que trop miser sur lui, y compris en termes de d\u00e9veloppement, serait probablement une erreur. Ainsi, le retour \u00e0 une Ducati dans l\u2019esprit de celle de l\u2019an dernier serait b\u00e9n\u00e9fique, l\u2019an prochain, \u00e0 savoir, une machine \u201cpilotable\u201d par tout le monde, serait judicieux. Mais \u00e9videmment, les choses ne sont pas aussi simples\u2026<\/p>\n<p>Article publi\u00e9 le 11\/10\/2025 \u00e0 17h25<\/p>\n<p>                                                            <script async src=\"https:\/\/platform.twitter.com\/widgets.js\" charset=\"utf-8\"><\/script><\/p>\n","protected":false},"excerpt":{"rendered":"C\u2019est triste \u00e0 dire mais la nouvelle blessure qui affectera Marc Marquez pendant au moins deux Grand-Prix, pourrait&hellip;\n","protected":false},"author":2,"featured_media":461278,"comment_status":"","ping_status":"","sticky":false,"template":"","format":"standard","meta":{"footnotes":""},"categories":[1413],"tags":[4266,1011,27,18548,1457,1456,1458,60],"class_list":{"0":"post-461277","1":"post","2":"type-post","3":"status-publish","4":"format-standard","5":"has-post-thumbnail","7":"category-moto","8":"tag-ducati","9":"tag-fr","10":"tag-france","11":"tag-francesco-bagnaia","12":"tag-moto","13":"tag-motocycle","14":"tag-motogp","15":"tag-sports"},"share_on_mastodon":{"url":"https:\/\/pubeurope.com\/@fr\/115370093930658927","error":""},"_links":{"self":[{"href":"https:\/\/www.europesays.com\/fr\/wp-json\/wp\/v2\/posts\/461277","targetHints":{"allow":["GET"]}}],"collection":[{"href":"https:\/\/www.europesays.com\/fr\/wp-json\/wp\/v2\/posts"}],"about":[{"href":"https:\/\/www.europesays.com\/fr\/wp-json\/wp\/v2\/types\/post"}],"author":[{"embeddable":true,"href":"https:\/\/www.europesays.com\/fr\/wp-json\/wp\/v2\/users\/2"}],"replies":[{"embeddable":true,"href":"https:\/\/www.europesays.com\/fr\/wp-json\/wp\/v2\/comments?post=461277"}],"version-history":[{"count":0,"href":"https:\/\/www.europesays.com\/fr\/wp-json\/wp\/v2\/posts\/461277\/revisions"}],"wp:featuredmedia":[{"embeddable":true,"href":"https:\/\/www.europesays.com\/fr\/wp-json\/wp\/v2\/media\/461278"}],"wp:attachment":[{"href":"https:\/\/www.europesays.com\/fr\/wp-json\/wp\/v2\/media?parent=461277"}],"wp:term":[{"taxonomy":"category","embeddable":true,"href":"https:\/\/www.europesays.com\/fr\/wp-json\/wp\/v2\/categories?post=461277"},{"taxonomy":"post_tag","embeddable":true,"href":"https:\/\/www.europesays.com\/fr\/wp-json\/wp\/v2\/tags?post=461277"}],"curies":[{"name":"wp","href":"https:\/\/api.w.org\/{rel}","templated":true}]}}