{"id":461279,"date":"2025-10-14T02:11:18","date_gmt":"2025-10-14T02:11:18","guid":{"rendered":"https:\/\/www.europesays.com\/fr\/461279\/"},"modified":"2025-10-14T02:11:18","modified_gmt":"2025-10-14T02:11:18","slug":"jean-alesi-va-mettre-aux-encheres-sa-monoplace-ferrari-de-1992-estimee-entre-3-et-4-millions-deuros","status":"publish","type":"post","link":"https:\/\/www.europesays.com\/fr\/461279\/","title":{"rendered":"Jean Alesi va mettre aux ench\u00e8res sa monoplace Ferrari de\u00a01992, estim\u00e9e entre 3 et 4\u00a0millions d\u2019euros"},"content":{"rendered":"<p>Amoureux de la Scuderia et des folies \u00e9conomiques +++, cette information est pour vous. L\u2019ancien c\u00e9l\u00e8bre pilote fran\u00e7ais Jean Alesi s\u2019appr\u00eate \u00e0 mettre aux ench\u00e8res une de ses <a href=\"https:\/\/www.20minutes.fr\/sport\/f1\/\" class=\"c-link c-link--is-underlined\" target=\"_blank\" rel=\"noopener\">Formule 1<\/a> <a href=\"https:\/\/www.20minutes.fr\/sport\/ferrari\/\" class=\"c-link c-link--is-underlined\" target=\"_blank\" rel=\"noopener\">Ferrari<\/a> de\u00a01992, une pi\u00e8ce unique estim\u00e9e \u00e0 plusieurs millions d\u2019euros, comme l\u2019annonce ce lundi la maison Artcurial.<\/p>\n<p>La monoplace rouge, en parfait \u00e9tat de marche avec son moteur V12 de 750 chevaux, avait \u00e9t\u00e9 offerte \u00e0 l\u2019Avignonnais par la mythique \u00e9curie italienne, \u00e0 l\u2019issue de la saison\u00a01992 qu\u2019il avait conclue \u00e0 la 7e place d\u2019un Championnat du monde remport\u00e9 par le Britannique Nigel Mansell (Williams-Renault). Elle tr\u00f4nait depuis dans la salle de sport de la villa de l\u2019ancien pilote.<\/p>\n<p>Jean Alesi a disput\u00e9 184 Grands Prix<\/p>\n<p>\u00ab\u00a0Lors du dernier Grand Prix de Monza, j\u2019ai eu le bonheur de reprendre le volant de ma Formule 1 Ferrari de\u00a01995, aussi \u00e9quip\u00e9e d\u2019un V12 \u00e0 la musicalit\u00e9 si caract\u00e9ristique, explique Jean Alesi. En rentrant \u00e0 la maison, voir ma F92A de\u00a01992 pos\u00e9e dans ma salle de sport m\u2019a convaincu que sa place \u00e9tait sur un circuit. J\u2019ai donc d\u00e9cid\u00e9 de la mettre en vente pour qu\u2019un passionn\u00e9 lui redonne vie et fasse de nouveau rugir ce V12 de l\u00e9gende. Elle sera remplac\u00e9e chez moi par la premi\u00e8re Tyrrell Formule 1 de ma carri\u00e8re que j\u2019ai encore la chance de poss\u00e9der.\u00a0\u00bb<\/p>\n<\/p>\n<p>A 61 ans, Jean Alesi a disput\u00e9 184 Grands Prix, pour une victoire au Canada en\u00a01995 sous les couleurs de la Scuderia, qu\u2019il a port\u00e9es durant cinq saisons (de\u00a01991 \u00e0\u00a01995). L\u2019ancien pilote est aujourd\u2019hui pr\u00e9sident du Circuit Paul-Ricard.<\/p>\n<blockquote class=\"mx-m@xs mx-xxl@md color-ultramarine c-citation\">\n<p class=\"font-weight-regular@xs text-italic font-source-serif-pro text-l@xs c-citation__content\">\u00ab\u00a0La voiture est estim\u00e9e entre 3 et 4 millions d\u2019euros et le march\u00e9 d\u00e9cidera de son prix. Ce qui rend cette voiture vraiment unique, c\u2019est sa provenance : elle vient directement du pilote, certainement le plus populaire de sa g\u00e9n\u00e9ration, au coup de volant spectaculaire, \u00e0 qui la Scuderia l\u2019avait offerte \u00e0 la fin de la saison 1992. C\u2019est rarissime qu\u2019un pilote aussi embl\u00e9matique mette lui-m\u00eame en vente sa propre F1. En g\u00e9n\u00e9ral, ces voitures appartiennent encore aux \u00e9curies ou \u00e0 des collectionneurs priv\u00e9s.\u00a0\u00bb<\/p>\n<\/blockquote>\n<p>Bernie Ecclestone a r\u00e9cemment vendu 69 automobiles<\/p>\n<p>La vente aux ench\u00e8res, au cours de laquelle 65 voitures de prestige seront mises \u00e0 l\u2019encan, se d\u00e9roulera le 27\u00a0janvier 2026 \u00e0 l\u2019H\u00f4tel Peninsula, \u00e0 Paris. Les ventes de Formule 1 sur le march\u00e9 sont rares\u00a0: il s\u2019en vend en g\u00e9n\u00e9ral une \u00e0 deux par an, m\u00eame si cette ann\u00e9e fait exception.<\/p>\n<p><a href=\"https:\/\/www.20minutes.fr\/sport\/f1\/\" class=\"c-link c-btn c-btn--primary\" target=\"_blank\" rel=\"noopener\">Notre dossier sur la Formule 1<\/a><\/p>\n<p><a href=\"https:\/\/www.20minutes.fr\/dossier\/bernie_ecclestone\" class=\"c-link c-link--is-underlined\" target=\"_blank\" rel=\"noopener\">Bernie Ecclestone<\/a>, l\u2019ancien \u00ab\u00a0grand argentier de la F1\u00a0\u00bb, a ainsi vendu il y a quelques mois sa prestigieuse collection priv\u00e9e de 69 anciennes F1. Elles ont toutes \u00e9t\u00e9 rachet\u00e9es par le milliardaire autrichien Mark Mateschitz, h\u00e9ritier de la marque <a href=\"https:\/\/www.20minutes.fr\/dossier\/red_bull\" class=\"c-link c-link--is-underlined\" target=\"_blank\" rel=\"noopener\">Red Bull<\/a>. Puis plusieurs monoplaces seront \u00e9galement mises aux ench\u00e8res par Artcurial Motorcars en d\u00e9cembre. Avant cette journ\u00e9e de janvier qui s\u2019annonce si sp\u00e9ciale gr\u00e2ce \u00e0 Jean Alesi.<\/p>\n","protected":false},"excerpt":{"rendered":"Amoureux de la Scuderia et des folies \u00e9conomiques +++, cette information est pour vous. L\u2019ancien c\u00e9l\u00e8bre pilote fran\u00e7ais&hellip;\n","protected":false},"author":2,"featured_media":461280,"comment_status":"","ping_status":"","sticky":false,"template":"","format":"standard","meta":{"footnotes":""},"categories":[1412],"tags":[38197,13677,1451,2251,1452,1453,1454,7842,1455,1011,27,662,626,517,60,20898],"class_list":{"0":"post-461279","1":"post","2":"type-post","3":"status-publish","4":"format-standard","5":"has-post-thumbnail","7":"category-f1","8":"tag-bernie-ecclestone","9":"tag-encheres","10":"tag-f1","11":"tag-ferrari","12":"tag-formula-1","13":"tag-formula1","14":"tag-formule-1","15":"tag-formule-1-f1","16":"tag-formule1","17":"tag-fr","18":"tag-france","19":"tag-ile-de-france","20":"tag-paris","21":"tag-sport","22":"tag-sports","23":"tag-ventes-aux-encheres"},"share_on_mastodon":{"url":"https:\/\/pubeurope.com\/@fr\/115370097634549011","error":""},"_links":{"self":[{"href":"https:\/\/www.europesays.com\/fr\/wp-json\/wp\/v2\/posts\/461279","targetHints":{"allow":["GET"]}}],"collection":[{"href":"https:\/\/www.europesays.com\/fr\/wp-json\/wp\/v2\/posts"}],"about":[{"href":"https:\/\/www.europesays.com\/fr\/wp-json\/wp\/v2\/types\/post"}],"author":[{"embeddable":true,"href":"https:\/\/www.europesays.com\/fr\/wp-json\/wp\/v2\/users\/2"}],"replies":[{"embeddable":true,"href":"https:\/\/www.europesays.com\/fr\/wp-json\/wp\/v2\/comments?post=461279"}],"version-history":[{"count":0,"href":"https:\/\/www.europesays.com\/fr\/wp-json\/wp\/v2\/posts\/461279\/revisions"}],"wp:featuredmedia":[{"embeddable":true,"href":"https:\/\/www.europesays.com\/fr\/wp-json\/wp\/v2\/media\/461280"}],"wp:attachment":[{"href":"https:\/\/www.europesays.com\/fr\/wp-json\/wp\/v2\/media?parent=461279"}],"wp:term":[{"taxonomy":"category","embeddable":true,"href":"https:\/\/www.europesays.com\/fr\/wp-json\/wp\/v2\/categories?post=461279"},{"taxonomy":"post_tag","embeddable":true,"href":"https:\/\/www.europesays.com\/fr\/wp-json\/wp\/v2\/tags?post=461279"}],"curies":[{"name":"wp","href":"https:\/\/api.w.org\/{rel}","templated":true}]}}