{"id":461281,"date":"2025-10-14T02:12:26","date_gmt":"2025-10-14T02:12:26","guid":{"rendered":"https:\/\/www.europesays.com\/fr\/461281\/"},"modified":"2025-10-14T02:12:26","modified_gmt":"2025-10-14T02:12:26","slug":"cyclisme-transfert-le-fils-dalexandre-vinokourov-prolonge-son-contrat-avec-xds-astana","status":"publish","type":"post","link":"https:\/\/www.europesays.com\/fr\/461281\/","title":{"rendered":"Cyclisme. Transfert &#8211; Le fils d&rsquo;Alexandre Vinokourov prolonge son contrat avec XDS Astana"},"content":{"rendered":"<p>Destins crois\u00e9s pour les jumeaux de la famille <strong>Vinokourov<\/strong>. Alors qu&rsquo;<strong><a href=\"https:\/\/www.cyclismactu.net\/..\/news-route-l-un-des-vinokourov-met-un-terme-sa-carriere-seulement-23-ans-90490.html\" target=\"_blank\" rel=\"noopener\">Alexandre<\/a><\/strong> a pris la d\u00e9cision de stopper sa carri\u00e8re il y a une semaine de cela, traumatis\u00e9 apr\u00e8s une lourde chute en d\u00e9but d&rsquo;ann\u00e9e, <strong>Nicolas<\/strong> s&rsquo;est lui vu offrir une prolongation de contrat avec <strong>XDS Astana<\/strong>. Pass\u00e9 professionnel avec cette derni\u00e8re en 2024, le\u00a0Kazakh de 23 ans va donc pouvoir poursuivre sa progression jusque fin 2027 au sein de\u00a0l&rsquo;\u00e9quipe dirig\u00e9e par son p\u00e8re\u00a0<strong>Alexandre Vinokourov<\/strong>. Vainqueur d&rsquo;une \u00e9tape du <strong>Tour du Japon<\/strong> l&rsquo;an pass\u00e9 et 4e du <strong><a href=\"https:\/\/www.cyclismactu.net\/..\/news-tour-de-langkawi-route-nicolas-vinokourov-je-me-surprends-moi-meme-de-jour-en-jour-90435.html\" target=\"_blank\" rel=\"noopener\">PETRONAS Le Tour de Langkawi<\/a>\u00a0<\/strong>2025,\u00a0<strong><a href=\"https:\/\/xds-astana.com\/en\/news\/details\/?slug=nicolas-vinokurov-extends-contract-with-xds-astana-team-5139ba76\" target=\"_blank\" rel=\"noopener\">Nicolas Vinokourov<\/a><\/strong> compte bien continuer \u00e0 honorer ce maillot et lever les bras avec pour la premi\u00e8re fois le plus rapidement possible, lui qui compte d\u00e9j\u00e0 deux participations \u00e0 <strong>La Vuelta<\/strong> en carri\u00e8re.<\/p>\n<p>Vid\u00e9o &#8211; Nicolas Vinokourov, 4e du Tour de Langkawi 2025 Lire la suite de l&rsquo;article&#13;<\/p>\n<p>\u00a0<\/p>\n<p>&#13;<br \/>\n\u00ab\u00a0Pour les deux prochaines saisons, mon objectif principal est de gagner des courses\u00a0\u00bb&#13;<\/p>\n<p><strong>Nicolas Vinokourov<\/strong> :<\/p>\n<p>&#13;<\/p>\n<p>\u00ab\u00a0C&rsquo;est un honneur pour moi de continuer \u00e0 repr\u00e9senter les couleurs de l&rsquo;\u00e9quipe XDS Astana, et je suis tr\u00e8s reconnaissant de cette opportunit\u00e9 et de tout le soutien que je re\u00e7ois de l&rsquo;\u00e9quipe. J&rsquo;ai le sentiment d&rsquo;avoir fait un grand pas en avant cette ann\u00e9e, et les r\u00e9sultats me motivent \u00e0 continuer \u00e0 progresser et \u00e0 travailler plus dur. Ma victoire au classement du meilleur grimpeur au Tour d&rsquo;Autriche a \u00e9t\u00e9 une \u00e9tape importante, et la Vuelta a Espa\u00f1a m&rsquo;a donn\u00e9 un nouvel \u00e9lan qui m&rsquo;a permis de r\u00e9aliser une belle performance au Tour de Langkawi. Pour les deux prochaines saisons, mon objectif principal est de gagner des courses. Je crois en moi et en mes capacit\u00e9s, et je suis convaincu de pouvoir remporter des victoires au niveau professionnel. Je viens de terminer ma saison au Tour de Kyushu au Japon, mais j&rsquo;ai d\u00e9j\u00e0 h\u00e2te d&rsquo;affronter la prochaine\u00a0\u00bb.<\/p>\n<p>&#13;<\/p>\n<p>\u00a0<\/p>\n<p>&#13;<\/p>\n<p><strong>Alexandre Vinokourov, directeur g\u00e9n\u00e9ral de l&rsquo;\u00e9quipe XDS Astana<\/strong> :<\/p>\n<p>&#13;<\/p>\n<p>\u00ab\u00a0Nicolas a incontestablement fait d&rsquo;\u00e9normes progr\u00e8s cette saison. Il a gagn\u00e9 en confiance et en exp\u00e9rience, ce qui lui permet d\u00e9j\u00e0 d&rsquo;obtenir des r\u00e9sultats significatifs. Il reste encore beaucoup de travail pour devenir plus fort et gagner, mais Nicolas est actuellement l&rsquo;un des meilleurs coureurs kazakhs du peloton professionnel. Les deux prochaines saisons seront cruciales pour lui permettre de franchir une nouvelle \u00e9tape et de progresser encore\u00a0\u00bb.<\/p>\n","protected":false},"excerpt":{"rendered":"Destins crois\u00e9s pour les jumeaux de la famille Vinokourov. Alors qu&rsquo;Alexandre a pris la d\u00e9cision de stopper sa&hellip;\n","protected":false},"author":2,"featured_media":461282,"comment_status":"","ping_status":"","sticky":false,"template":"","format":"standard","meta":{"footnotes":""},"categories":[1411],"tags":[1154,207,211,1011,27,209,60,210,969,212,208,213],"class_list":{"0":"post-461281","1":"post","2":"type-post","3":"status-publish","4":"format-standard","5":"has-post-thumbnail","7":"category-cyclisme","8":"tag-cycling","9":"tag-cyclisme","10":"tag-ffc","11":"tag-fr","12":"tag-france","13":"tag-route","14":"tag-sports","15":"tag-tour-de-france","16":"tag-transfert","17":"tag-uci","18":"tag-velo","19":"tag-world-tour"},"share_on_mastodon":{"url":"https:\/\/pubeurope.com\/@fr\/115370101562703226","error":""},"_links":{"self":[{"href":"https:\/\/www.europesays.com\/fr\/wp-json\/wp\/v2\/posts\/461281","targetHints":{"allow":["GET"]}}],"collection":[{"href":"https:\/\/www.europesays.com\/fr\/wp-json\/wp\/v2\/posts"}],"about":[{"href":"https:\/\/www.europesays.com\/fr\/wp-json\/wp\/v2\/types\/post"}],"author":[{"embeddable":true,"href":"https:\/\/www.europesays.com\/fr\/wp-json\/wp\/v2\/users\/2"}],"replies":[{"embeddable":true,"href":"https:\/\/www.europesays.com\/fr\/wp-json\/wp\/v2\/comments?post=461281"}],"version-history":[{"count":0,"href":"https:\/\/www.europesays.com\/fr\/wp-json\/wp\/v2\/posts\/461281\/revisions"}],"wp:featuredmedia":[{"embeddable":true,"href":"https:\/\/www.europesays.com\/fr\/wp-json\/wp\/v2\/media\/461282"}],"wp:attachment":[{"href":"https:\/\/www.europesays.com\/fr\/wp-json\/wp\/v2\/media?parent=461281"}],"wp:term":[{"taxonomy":"category","embeddable":true,"href":"https:\/\/www.europesays.com\/fr\/wp-json\/wp\/v2\/categories?post=461281"},{"taxonomy":"post_tag","embeddable":true,"href":"https:\/\/www.europesays.com\/fr\/wp-json\/wp\/v2\/tags?post=461281"}],"curies":[{"name":"wp","href":"https:\/\/api.w.org\/{rel}","templated":true}]}}