{"id":461285,"date":"2025-10-14T02:14:13","date_gmt":"2025-10-14T02:14:13","guid":{"rendered":"https:\/\/www.europesays.com\/fr\/461285\/"},"modified":"2025-10-14T02:14:13","modified_gmt":"2025-10-14T02:14:13","slug":"beatrice-borromeo-a-accouche-le-prenom-de-sa-fille-rend-un-bel-hommage-a-2-femmes-cheres-a-son-coeur","status":"publish","type":"post","link":"https:\/\/www.europesays.com\/fr\/461285\/","title":{"rendered":"Beatrice Borromeo a accouch\u00e9 : le pr\u00e9nom de sa fille rend un bel hommage \u00e0 2 femmes ch\u00e8res \u00e0 son c\u0153ur"},"content":{"rendered":"<p class=\"p1\">Carnet rose pour la famille princi\u00e8re mon\u00e9gasque !<br \/>\nApr\u00e8s dix ans de mariage et deux enfants, <strong>Pierre Casiraghi<br \/>\net Beatrice Borromeo<\/strong> ont d\u00e9cid\u00e9 d\u2019agrandir leur famille.<br \/>\nLe 27 mai dernier, la journaliste avait ainsi d\u00e9clench\u00e9 des<br \/>\n<a href=\"https:\/\/www.closermag.fr\/people\/nouveau-bebe-dans-le-clan-casiraghi-beatrice-borromeo-enceinte-de-son-troisieme-enfant-son-baby-bump-devoile-3549564\" rel=\"nofollow noopener\" target=\"_blank\"><br \/>\nrumeurs de grossesse<\/a> lors de son apparition au d\u00e9fil\u00e9-croisi\u00e8re<br \/>\nDior \u00e0 Rome.<\/p>\n<p class=\"p1\">Si le Palais princier n\u2019avait fait <strong>aucune<br \/>\nannonce<\/strong>, la rumeur s&rsquo;\u00e9tait consolid\u00e9e dans les semaines<br \/>\nsuivantes. La m\u00e8re de Stefano et Francesco avait ainsi multipli\u00e9<br \/>\nles apparitions et a m\u00eame <a href=\"https:\/\/www.closermag.fr\/people\/beatrice-borromeo-enceinte-de-son-troisieme-enfant-maillot-leopard-yacht-de-luxe-des-photos-de-son-baby-bump-devoilees-3572435\" rel=\"nofollow noopener\" target=\"_blank\"><br \/>\nd\u00e9voil\u00e9 son baby bump<\/a> lors des vacances d\u2019\u00e9t\u00e9. Apr\u00e8s de longs<br \/>\nmois d\u2019attente, le couple a finalement eu la joie d\u2019accueillir<br \/>\n<strong>une petite fille<\/strong>.<\/p>\n<p><img loading=\"lazy\" decoding=\"async\" aria-describedby=\"caption-attachment-3586398\" itemprop=\"thumbnailUrl\" class=\"size-full wp-image-3586398 img-responsive\" src=\"https:\/\/www.europesays.com\/fr\/wp-content\/uploads\/2025\/10\/beatrice-borromeo.jpg\" alt=\"Beatrice Borromeo au d\u00e9fil\u00e9 DIOR de la mode homme Printemps\/\u00c9t\u00e9 2026 dans le cadre de la Fashion Week de Paris.\" width=\"1300\" height=\"1950\"\/> \u00a9 RINDOFF-BORDE \/ BESTIMAGE<\/p>\n<p id=\"caption-attachment-3586398\" class=\"wp-caption-text\">Beatrice<br \/>\nBorromeo au d\u00e9fil\u00e9 DIOR de la mode homme Printemps\/\u00c9t\u00e9 2026 dans le<br \/>\ncadre de la Fashion Week de Paris.<\/p>\n<p>Le pr\u00e9nom de la fille de Beatrice Borromeo est<br \/>\nsymbolique<\/p>\n<p class=\"p1\">Lundi 13 octobre, Paris Match a annonc\u00e9 la<br \/>\nnaissance du troisi\u00e8me enfant de <a href=\"https:\/\/www.closermag.fr\/royautes\/beatrice-borromeo-et-pierre-casiraghi-comment-le-couple-s-est-rencontre-1161270\" rel=\"nofollow noopener\" target=\"_blank\"><br \/>\nBeatrice Borromeo et Pierre Casiraghi<\/a>. Selon le magazine, leur<br \/>\nfille a \u00e9t\u00e9 pr\u00e9nomm\u00e9e <strong>Bianca Carolina Marta<\/strong>. Un<br \/>\nchoix tr\u00e8s symbolique puisqu\u2019il rend hommage \u00e0 deux femmes<br \/>\ninspirantes.<\/p>\n<p class=\"p1\">Le pr\u00e9nom Carolina est une r\u00e9f\u00e9rence \u00e0 la grand-m\u00e8re<br \/>\npaternelle de la petite fille, <strong>la princesse Caroline de<br \/>\nMonaco<\/strong>. De son c\u00f4t\u00e9, le pr\u00e9nom Marta est celui de la<br \/>\ngrand-m\u00e8re maternelle de la journaliste, <strong>Marta<br \/>\nMarzotto<\/strong>. Celle-ci \u00e9tait une v\u00e9ritable ic\u00f4ne de la mode en<br \/>\nItalie et \u00e9tait tr\u00e8s proche de sa petite-fille, qu\u2019elle avait<br \/>\niniti\u00e9e \u00e0 la haute soci\u00e9t\u00e9. <a href=\"https:\/\/www.closermag.fr\/royautes\/l-anniversaire-de-mariage-de-pierre-casiraghi-et-beatrice-endeuille-photos-648003\" rel=\"nofollow noopener\" target=\"_blank\"><br \/>\nMarta Marzotto<\/a> est morte le 29 juillet 2016 \u00e0 Milan, alors que<br \/>\nBeatrice Borromeo \u00e9tait enceinte de son premier enfant.<\/p>\n<p>Pierre Casiraghi est un papa<br \/>\ncombl\u00e9<\/p>\n<p class=\"p1\">Depuis son mariage avec Beatrice Borromeo en 2015,<br \/>\nPierre Casiraghi semble vivre le parfait amour. Le 28 f\u00e9vrier 2017,<br \/>\nle fr\u00e8re d\u2019Andrea et Charlotte a accueilli son premier enfant,<br \/>\n<strong>Stefano<\/strong>. Le petit gar\u00e7on a d\u2019ailleurs \u00e9t\u00e9 pr\u00e9nomm\u00e9<br \/>\nen <strong>hommage \u00e0 son grand-p\u00e8re<\/strong>, <a href=\"https:\/\/www.closermag.fr\/royautes\/charlotte-casiraghi-dans-quel-terrible-accident-est-mort-son-pere-stefano-a-30-ans-1201744\" rel=\"nofollow noopener\" target=\"_blank\"><br \/>\nStefano Casiraghi<\/a>, mort en 1990 lors d&rsquo;un accident d&rsquo;off-shore<br \/>\nau large de Monaco.<\/p>\n<p class=\"p1\">Le 21 mai 2018, Pierre Casiraghi est devenu papa pour<br \/>\nla deuxi\u00e8me fois avec <a href=\"https:\/\/www.closermag.fr\/royautes\/francesco-et-stefano-les-fils-de-pierre-casiraghi-et-beatrice-borromeo-ont-bien-1050845\" rel=\"nofollow noopener\" target=\"_blank\"><br \/>\nla naissance de Francesco<\/a>. L\u2019arriv\u00e9e de sa fille, Bianca<br \/>\nCarolina Marta, vient d\u00e9sormais apporter un nouveau souffle \u00e0 la<br \/>\nfamille princi\u00e8re. Le b\u00e9b\u00e9 est <strong>le huiti\u00e8me<br \/>\npetit-enfant<\/strong> de la princesse Caroline et sa deuxi\u00e8me<br \/>\npetite-fille.<\/p>\n","protected":false},"excerpt":{"rendered":"Carnet rose pour la famille princi\u00e8re mon\u00e9gasque ! Apr\u00e8s dix ans de mariage et deux enfants, Pierre Casiraghi&hellip;\n","protected":false},"author":2,"featured_media":461286,"comment_status":"","ping_status":"","sticky":false,"template":"","format":"standard","meta":{"footnotes":""},"categories":[1359],"tags":[58590,40242,58,59,1011,27,973,58591],"class_list":{"0":"post-461285","1":"post","2":"type-post","3":"status-publish","4":"format-standard","5":"has-post-thumbnail","7":"category-people","8":"tag-beatrice-borromeo","9":"tag-caroline-de-monaco","10":"tag-divertissement","11":"tag-entertainment","12":"tag-fr","13":"tag-france","14":"tag-people","15":"tag-pierre-casiraghi"},"share_on_mastodon":{"url":"https:\/\/pubeurope.com\/@fr\/115370109571191196","error":""},"_links":{"self":[{"href":"https:\/\/www.europesays.com\/fr\/wp-json\/wp\/v2\/posts\/461285","targetHints":{"allow":["GET"]}}],"collection":[{"href":"https:\/\/www.europesays.com\/fr\/wp-json\/wp\/v2\/posts"}],"about":[{"href":"https:\/\/www.europesays.com\/fr\/wp-json\/wp\/v2\/types\/post"}],"author":[{"embeddable":true,"href":"https:\/\/www.europesays.com\/fr\/wp-json\/wp\/v2\/users\/2"}],"replies":[{"embeddable":true,"href":"https:\/\/www.europesays.com\/fr\/wp-json\/wp\/v2\/comments?post=461285"}],"version-history":[{"count":0,"href":"https:\/\/www.europesays.com\/fr\/wp-json\/wp\/v2\/posts\/461285\/revisions"}],"wp:featuredmedia":[{"embeddable":true,"href":"https:\/\/www.europesays.com\/fr\/wp-json\/wp\/v2\/media\/461286"}],"wp:attachment":[{"href":"https:\/\/www.europesays.com\/fr\/wp-json\/wp\/v2\/media?parent=461285"}],"wp:term":[{"taxonomy":"category","embeddable":true,"href":"https:\/\/www.europesays.com\/fr\/wp-json\/wp\/v2\/categories?post=461285"},{"taxonomy":"post_tag","embeddable":true,"href":"https:\/\/www.europesays.com\/fr\/wp-json\/wp\/v2\/tags?post=461285"}],"curies":[{"name":"wp","href":"https:\/\/api.w.org\/{rel}","templated":true}]}}