{"id":461287,"date":"2025-10-14T02:15:18","date_gmt":"2025-10-14T02:15:18","guid":{"rendered":"https:\/\/www.europesays.com\/fr\/461287\/"},"modified":"2025-10-14T02:15:18","modified_gmt":"2025-10-14T02:15:18","slug":"a-chateauroux-le-rond-point-du-marechal-leclerc-a-retrouve-sa-tete","status":"publish","type":"post","link":"https:\/\/www.europesays.com\/fr\/461287\/","title":{"rendered":"\u00c0 Ch\u00e2teauroux, le rond-point du Mar\u00e9chal-Leclerc a retrouv\u00e9 sa t\u00eate"},"content":{"rendered":"<p>Dans la nuit du 4 au 5\u00a0septembre 2024, le buste en bronze du commandant de la 2e\u00a0division blind\u00e9e, figure majeure de la Lib\u00e9ration, <a target=\"_self\" href=\"https:\/\/www.lanouvellerepublique.fr\/chateauroux\/chateauroux-un-buste-en-bronze-vole-en-pleine-rue\" rel=\"noopener\">a disparu du rond-point<\/a> o\u00f9 il tr\u00f4nait, \u00e0 deux pas de la cit\u00e9 administrative de Ch\u00e2teauroux et sous le nez de l\u2019h\u00f4tel de police. \u00ab\u00a0La mairie a port\u00e9 plainte\u00a0\u00bb, rappelle Florence Petipez, adjointe au maire de Ch\u00e2teauroux d\u00e9l\u00e9gu\u00e9e aux affaires g\u00e9n\u00e9rales. L&#8230; <\/p>\n<p>    Cet article a \u00e9t\u00e9 tronqu\u00e9. Abonnez-vous pour lire l&rsquo;article complet sur notre site.<\/p>\n<p style=\"margin: 0 !important; padding: 0 !important; font-size: 12px !important;\">Cet article a \u00e9t\u00e9 tronqu\u00e9. Abonnez-vous pour lire l&rsquo;article complet.<\/p>\n<p>    <a href=\"https:\/\/www.lanouvellerepublique.fr\/abonnements\" style=\"display: inline-block; margin-top: 5px !important; padding: 6px 12px !important; background: #cb1c27; color: white; text-decoration: none; border-radius: 4px; font-size: 12px !important;\" target=\"_blank\" rel=\"noopener\"><br \/>\n      S&rsquo;abonner<br \/>\n    <\/a><\/p>\n","protected":false},"excerpt":{"rendered":"Dans la nuit du 4 au 5\u00a0septembre 2024, le buste en bronze du commandant de la 2e\u00a0division blind\u00e9e,&hellip;\n","protected":false},"author":2,"featured_media":461288,"comment_status":"","ping_status":"","sticky":false,"template":"","format":"standard","meta":{"footnotes":""},"categories":[1358],"tags":[1392,1348,1384,1385,4351,17337,1674,1386,58,59,1011,27,5052,2551],"class_list":{"0":"post-461287","1":"post","2":"type-post","3":"status-publish","4":"format-standard","5":"has-post-thumbnail","7":"category-arts-et-design","8":"tag-a-la-une-local","9":"tag-arts","10":"tag-arts-and-design","11":"tag-arts-et-design","12":"tag-chateauroux","13":"tag-commemoration","14":"tag-communes","15":"tag-design","16":"tag-divertissement","17":"tag-entertainment","18":"tag-fr","19":"tag-france","20":"tag-indre","21":"tag-patrimoine"},"share_on_mastodon":{"url":"https:\/\/pubeurope.com\/@fr\/115370113340047783","error":""},"_links":{"self":[{"href":"https:\/\/www.europesays.com\/fr\/wp-json\/wp\/v2\/posts\/461287","targetHints":{"allow":["GET"]}}],"collection":[{"href":"https:\/\/www.europesays.com\/fr\/wp-json\/wp\/v2\/posts"}],"about":[{"href":"https:\/\/www.europesays.com\/fr\/wp-json\/wp\/v2\/types\/post"}],"author":[{"embeddable":true,"href":"https:\/\/www.europesays.com\/fr\/wp-json\/wp\/v2\/users\/2"}],"replies":[{"embeddable":true,"href":"https:\/\/www.europesays.com\/fr\/wp-json\/wp\/v2\/comments?post=461287"}],"version-history":[{"count":0,"href":"https:\/\/www.europesays.com\/fr\/wp-json\/wp\/v2\/posts\/461287\/revisions"}],"wp:featuredmedia":[{"embeddable":true,"href":"https:\/\/www.europesays.com\/fr\/wp-json\/wp\/v2\/media\/461288"}],"wp:attachment":[{"href":"https:\/\/www.europesays.com\/fr\/wp-json\/wp\/v2\/media?parent=461287"}],"wp:term":[{"taxonomy":"category","embeddable":true,"href":"https:\/\/www.europesays.com\/fr\/wp-json\/wp\/v2\/categories?post=461287"},{"taxonomy":"post_tag","embeddable":true,"href":"https:\/\/www.europesays.com\/fr\/wp-json\/wp\/v2\/tags?post=461287"}],"curies":[{"name":"wp","href":"https:\/\/api.w.org\/{rel}","templated":true}]}}