{"id":461301,"date":"2025-10-14T02:22:13","date_gmt":"2025-10-14T02:22:13","guid":{"rendered":"https:\/\/www.europesays.com\/fr\/461301\/"},"modified":"2025-10-14T02:22:13","modified_gmt":"2025-10-14T02:22:13","slug":"cecilia-attias-recadre-sechement-nicolas-sarkozy-une-celebre-animatrice-balance","status":"publish","type":"post","link":"https:\/\/www.europesays.com\/fr\/461301\/","title":{"rendered":"C\u00e9cilia Attias recadre s\u00e8chement Nicolas Sarkozy, une c\u00e9l\u00e8bre animatrice balance"},"content":{"rendered":"<p>Le 25 septembre dernier, Nicolas Sarkozy a \u00e9t\u00e9 jug\u00e9 dans<br \/>\nl\u00a0\u00bbaffaire du financement libyen de sa campagne pr\u00e9sidentielle de<br \/>\n2007. <a href=\"https:\/\/www.melty.fr\/people\/nicolas-sarkozy-avec-un-codetenu-en-prison-une-surveillante-balance-sur-son-futur-quotidien-2265718.html\" target=\"_blank\" rel=\"noopener\"><br \/>\nIl a \u00e9t\u00e9 condamn\u00e9 \u00e0 cinq ans de prison ferme<\/a> avec mandat de<br \/>\nd\u00e9p\u00f4t apr\u00e8s avoir \u00e9t\u00e9 reconnu coupable d\u2019association de<br \/>\nmalfaiteurs. L&rsquo;ancien pr\u00e9sident de la R\u00e9publique a aussi \u00e9cop\u00e9<br \/>\nd\u2019une amende de 100 000 euros et d\u2019une privation de ses droits<br \/>\ncivils et civiques.<\/p>\n<p>\u00ab\u00a0Je ne cherche \u00e0 apitoyer personne\u00a0\u00bb<\/p>\n<p>\u00c0 la sortie de la salle d&rsquo;audience, Nicolas Sarkozy a clam\u00e9 son<br \/>\ninnocence aupr\u00e8s des journalistes pr\u00e9sents. \u00ab\u00a0<strong>Je suis<br \/>\ninnocent. Cette injustice est un scandale.<\/strong>\u00a0Je n&rsquo;ai<br \/>\naucun esprit de revanche et aucune haine, je me battrai jusqu&rsquo;\u00e0 mon<br \/>\ndernier souffle pour prouver ma compl\u00e8te<br \/>\ninnocente\u00a0(&#8230;)\u00a0Je d\u00e9f\u00e9rerai aux convocations de la<br \/>\njustice. S&rsquo;ils veulent absolument que je dorme en prison. Je<br \/>\ndormirai en prison. Mais la t\u00eate haute\u00a0\u00bb, a-t-il d\u00e9clar\u00e9.<\/p>\n<p>Quelques jours plus tard, l&rsquo;homme politique a accord\u00e9 une<br \/>\ninterview accord\u00e9e au JDD dans laquelle il a pr\u00e9ciser :<br \/>\n<strong>\u00ab\u00a0Je ne cherche \u00e0 apitoyer personne. Pas plus que je ne<br \/>\nvais modifier mon emploi du temps ou ma fa\u00e7on de<br \/>\nvivre.\u00a0\u00bb<\/strong> L&rsquo;homme politique a \u00e9t\u00e9 mis au courant de sa<br \/>\ndate de d\u00e9tention \u00e0 la prison de la Sant\u00e9 au moment de sa<br \/>\nconvocation ce lundi 13 octobre. L\u2019ex-pr\u00e9sident est arriv\u00e9 aux<br \/>\nalentours de 13 h 45 avant de repartir \u00e0 14 h 25. \u00c0 sa sortie du<br \/>\nParquet national financier (PNF), il n&rsquo;a pas souhait\u00e9 faire de<br \/>\nd\u00e9claration.<\/p>\n<p>C\u00e9cilia Attias r\u00e9agit \u00e0 la condamnation de Nicolas Sarkozy<\/p>\n<p>Dans cette \u00e9preuve, Nicolas Sarakozy peut compter sur ses<br \/>\nenfants, <a href=\"https:\/\/www.melty.fr\/people\/nicolas-sarkozy-brise-le-silence-sa-fille-giulia-nest-pas-allee-a-lecole-apres-le-verdict-2265715.html\" target=\"_blank\" rel=\"noopener\"><br \/>\nm\u00eame si Giulia a \u00e9t\u00e9 tr\u00e8s affect\u00e9e<\/a>, ainsi que Carla Bruni. Son<br \/>\nex-femme, C\u00e9cilia Attias, s&rsquo;est \u00e9galement exprim\u00e9e sur la d\u00e9cision<br \/>\nde la justice. C&rsquo;est du c\u00f4t\u00e9 de X, anciennement Twitter, qu&rsquo;elle a<br \/>\npris la parole pour apporter publiquement son soutien \u00e0 son<br \/>\nex-mari.<\/p>\n<p><strong>\u00ab\u00a0Je suis scandalis\u00e9e et surtout triste pour notre<br \/>\npays qui a perdu le sens de la justice.\u00a0Je suis de tout c\u0153ur<br \/>\naupr\u00e8s de Nicolas que je sais \u00eatre un honn\u00eate homme\u00a0\u00bb<\/strong>,<br \/>\na-t-elle \u00e9crit sur le r\u00e9seau social.<\/p>\n<p>\u00ab\u00a0Je me suis demand\u00e9 comment il<br \/>\nfaisait pour \u00eatre avec cette bonne femme\u00a0\u00bb<\/p>\n<p>Le 20 septembre dernier au micro de RTL, Christine Bravo a fait<br \/>\nquelques r\u00e9v\u00e9lations sur l&rsquo;ancien couple. L&rsquo;animatrice s&rsquo;est<br \/>\nsouvenue d&rsquo;une histoire datant de plusieurs ann\u00e9es o\u00f9 elle avait<br \/>\nre\u00e7u, \u00e0 la radio, Nicolas Sarkozy et l&rsquo;autrice Catherine Millet<br \/>\npour parler de son livre \u00ab\u00a0porno mais vraiment<br \/>\nporno\u00a0\u00bb.\u00a0 \u00ab\u00a0Je jette un \u0153il (au livre, NDLR) et je<br \/>\ntombe sur une phrase tellement d\u00e9gueulasse\u00a0\u00bb, a raconte<br \/>\nChristine Bravo avant d&rsquo;expliquer l&rsquo;avoir montr\u00e9 \u00e0 Nicolas Sarkozy<br \/>\nqui \u00ab\u00a0essaie de ne pas rire\u00a0\u00bb, en mettant sa main devant sa<br \/>\nbouche.\u00a0 \u00ab\u00a0Moi, je suis partie (en fou rire, NDLR) et lui<br \/>\nl\u00e0 il n\u2019y arrive plus. Il n\u2019arrive pas \u00e0 se remettre dans<br \/>\nl\u2019\u00e9mission.\u00a0\u00bb<\/p>\n<p>Christine Bravo s&rsquo;est alors souvenu de la r\u00e9action de C\u00e9cilia<br \/>\nAttias : <strong>\u00ab\u00a0Qu\u2019est-ce qu\u2019il s\u2019est fait engueuler quand on<br \/>\nest sorti de l\u2019\u00e9mission par sa bonne femme. Disons que c\u2019\u00e9tait une<br \/>\n\u2019m\u00e8re tape dur\u2019 la C\u00e9cilia.\u00a0\u00bb<\/strong> Une fois l&rsquo;\u00e9mission<br \/>\ntermin\u00e9e, elle a attendu son \u00e9poux dans sa loge pour lui dire :<br \/>\n<strong>\u00ab\u00a0T\u2019as \u00e9t\u00e9 minable. Tu t\u2019es ridiculis\u00e9.\u00a0\u00bb<\/strong><br \/>\nChristine Bravo a ensuite l\u00e2ch\u00e9 : <strong>\u00ab\u00a0Je me suis demand\u00e9<br \/>\ncomment il faisait pour \u00eatre avec cette bonne femme,\u00a0mais<br \/>\napr\u00e8s j\u2019ai compris qu\u2019il y avait d\u2019autres<br \/>\ndossiers.\u00a0\u00bb<\/strong><\/p>\n","protected":false},"excerpt":{"rendered":"Le 25 septembre dernier, Nicolas Sarkozy a \u00e9t\u00e9 jug\u00e9 dans l\u00a0\u00bbaffaire du financement libyen de sa campagne pr\u00e9sidentielle&hellip;\n","protected":false},"author":2,"featured_media":461302,"comment_status":"","ping_status":"","sticky":false,"template":"","format":"standard","meta":{"footnotes":""},"categories":[8],"tags":[58,59,1011,27,3091],"class_list":{"0":"post-461301","1":"post","2":"type-post","3":"status-publish","4":"format-standard","5":"has-post-thumbnail","7":"category-divertissement","8":"tag-divertissement","9":"tag-entertainment","10":"tag-fr","11":"tag-france","12":"tag-nicolas-sarkozy"},"share_on_mastodon":{"url":"https:\/\/pubeurope.com\/@fr\/115370141107030840","error":""},"_links":{"self":[{"href":"https:\/\/www.europesays.com\/fr\/wp-json\/wp\/v2\/posts\/461301","targetHints":{"allow":["GET"]}}],"collection":[{"href":"https:\/\/www.europesays.com\/fr\/wp-json\/wp\/v2\/posts"}],"about":[{"href":"https:\/\/www.europesays.com\/fr\/wp-json\/wp\/v2\/types\/post"}],"author":[{"embeddable":true,"href":"https:\/\/www.europesays.com\/fr\/wp-json\/wp\/v2\/users\/2"}],"replies":[{"embeddable":true,"href":"https:\/\/www.europesays.com\/fr\/wp-json\/wp\/v2\/comments?post=461301"}],"version-history":[{"count":0,"href":"https:\/\/www.europesays.com\/fr\/wp-json\/wp\/v2\/posts\/461301\/revisions"}],"wp:featuredmedia":[{"embeddable":true,"href":"https:\/\/www.europesays.com\/fr\/wp-json\/wp\/v2\/media\/461302"}],"wp:attachment":[{"href":"https:\/\/www.europesays.com\/fr\/wp-json\/wp\/v2\/media?parent=461301"}],"wp:term":[{"taxonomy":"category","embeddable":true,"href":"https:\/\/www.europesays.com\/fr\/wp-json\/wp\/v2\/categories?post=461301"},{"taxonomy":"post_tag","embeddable":true,"href":"https:\/\/www.europesays.com\/fr\/wp-json\/wp\/v2\/tags?post=461301"}],"curies":[{"name":"wp","href":"https:\/\/api.w.org\/{rel}","templated":true}]}}