{"id":461307,"date":"2025-10-14T02:25:13","date_gmt":"2025-10-14T02:25:13","guid":{"rendered":"https:\/\/www.europesays.com\/fr\/461307\/"},"modified":"2025-10-14T02:25:13","modified_gmt":"2025-10-14T02:25:13","slug":"cette-replique-du-venezuela-montre-que-maduro-na-pas-digere-le-prix-nobel-a-son-opposante","status":"publish","type":"post","link":"https:\/\/www.europesays.com\/fr\/461307\/","title":{"rendered":"Cette r\u00e9plique du Venezuela montre que Maduro n\u2019a pas dig\u00e9r\u00e9 le Prix Nobel \u00e0 son opposante"},"content":{"rendered":"<p>        <img decoding=\"async\" loading=\"lazy\" src=\"https:\/\/www.europesays.com\/fr\/wp-content\/uploads\/2025\/10\/d5d6cc3_upload-1-sj9uzjkzu0rx-afp-20251012-78jb8kg-v1-midres-venezuelapoliticsindigenousmarch.jpg\"  width=\"728\" height=\"410\" alt=\"Le Venezuela a ferm\u00e9 son ambassade \u00e0 Oslo sans explication, a annonc\u00e9 ce lundi 13\u00a0octobre le minist\u00e8re norv\u00e9gien des Affaires \u00e9trang\u00e8res.\"\/>  <\/p>\n<p>FEDERICO PARRA \/ AFP<\/p>\n<p>Le Venezuela a ferm\u00e9 son ambassade \u00e0 Oslo sans explication, a annonc\u00e9 ce lundi 13\u00a0octobre le minist\u00e8re norv\u00e9gien des Affaires \u00e9trang\u00e8res.<\/p>\n<p class=\"asset asset-text\">INTERNATIONAL &#8211; Une cons\u00e9cration aux cons\u00e9quences en cascade. Le<a href=\"https:\/\/www.huffingtonpost.fr\/international\/article\/trump-engage-des-actions-militaires-contre-le-venezuela-ce-que-l-on-sait_254351.html\" rel=\"nofollow noopener\" target=\"_blank\"> Venezuela<\/a> a ferm\u00e9 son ambassade \u00e0 Oslo sans explication, a annonc\u00e9 ce lundi 13\u00a0octobre le minist\u00e8re norv\u00e9gien des Affaires \u00e9trang\u00e8res, trois jours apr\u00e8s l\u2019attribution du <a href=\"https:\/\/www.huffingtonpost.fr\/international\/video\/le-comite-du-prix-nobel-de-la-paix-explique-pourquoi-donald-trump-n-a-pas-ete-recompense_255839.html\" rel=\"nofollow noopener\" target=\"_blank\">prix Nobel de la paix <\/a>\u00e0 la cheffe de l\u2019opposition v\u00e9n\u00e9zu\u00e9lienne, Mar\u00eda Corina Machado. \u00c0 la t\u00eate depuis 2013 du r\u00e9gime autoritaire v\u00e9n\u00e9zu\u00e9lien, Nicol\u00e1s Maduro avait auparavant insult\u00e9 celle qui avait \u00e9t\u00e9 son opposante \u00e0 la pr\u00e9sidentielle de 2024.<\/p>\n<p class=\"asset asset-text\">\u00ab\u00a0Nous avons \u00e9t\u00e9 inform\u00e9s par l\u2019ambassade du Venezuela qu\u2019elle fermait ses portes, sans en donner la raison\u00a0\u00bb, a indiqu\u00e9 une porte-parole du minist\u00e8re norv\u00e9gien, Cecilie Roang, dans un courriel \u00e0 l\u2019AFP. \u00ab\u00a0C\u2019est regrettable. Malgr\u00e9 nos divergences sur plusieurs questions, la Norv\u00e8ge souhaite maintenir le dialogue ouvert avec le Venezuela et continuera \u00e0 \u0153uvrer en ce sens\u00a0\u00bb, a-t-elle ajout\u00e9.<\/p>\n<p class=\"asset asset-text\">Selon le journal Verdens Gang, qui a r\u00e9v\u00e9l\u00e9 l\u2019information, les services de l\u2019ambassade ne r\u00e9pondaient plus au t\u00e9l\u00e9phone lundi apr\u00e8s-midi. Ses num\u00e9ros ont \u00e9t\u00e9 mis hors service, a constat\u00e9 l\u2019AFP dans la soir\u00e9e.<\/p>\n<p>    \u00ab\u00a0Sorci\u00e8re d\u00e9moniaque\u00a0\u00bb    <\/p>\n<p class=\"asset asset-text\">Cette annonce survient donc apr\u00e8s l\u2019attribution \u00e0 Oslo du prix Nobel de la paix \u00e0 Mar\u00eda Corina Machado qui a fait de la chute du pouvoir d\u2019Hugo Chavez (pr\u00e9d\u00e9cesseur du pr\u00e9sident Nicol\u00e1s Maduro) au Venezuela la cause de sa vie.<\/p>\n<p class=\"asset asset-text\">Mar\u00eda Corina Machado avait \u00e9t\u00e9 emp\u00each\u00e9e de se pr\u00e9senter \u00e0 la pr\u00e9sidentielle de 2024, o\u00f9 le sortant Nicol\u00e1s Maduro a \u00e9t\u00e9 d\u00e9clar\u00e9 vainqueur malgr\u00e9 les protestations de l\u2019opposition.<\/p>\n<p class=\"asset asset-text\">Dimanche, Nicol\u00e1s Maduro a, sans mentionner son Nobel, trait\u00e9 la laur\u00e9ate de 58\u00a0ans de \u00ab\u00a0sorci\u00e8re d\u00e9moniaque\u00a0\u00bb, un qualificatif souvent employ\u00e9 par le gouvernement.<\/p>\n<p class=\"asset asset-text\">\u00ab\u00a0Le prix Nobel est ind\u00e9pendant du gouvernement norv\u00e9gien et, s\u2019agissant de questions relatives \u00e0 ce prix, nous renvoyons au comit\u00e9 Nobel\u00a0\u00bb, a insist\u00e9 Cecilie Roang. Mar\u00eda Corina Machado a \u00e9t\u00e9 r\u00e9compens\u00e9e \u00ab\u00a0pour son travail inlassable en faveur des droits d\u00e9mocratiques du peuple v\u00e9n\u00e9zu\u00e9lien et pour sa lutte en faveur d\u2019une transition juste et pacifique de la dictature \u00e0 la d\u00e9mocratie\u00a0\u00bb, selon les attendus du comit\u00e9 Nobel.<\/p>\n","protected":false},"excerpt":{"rendered":"FEDERICO PARRA \/ AFP Le Venezuela a ferm\u00e9 son ambassade \u00e0 Oslo sans explication, a annonc\u00e9 ce lundi&hellip;\n","protected":false},"author":2,"featured_media":461308,"comment_status":"","ping_status":"","sticky":false,"template":"","format":"standard","meta":{"footnotes":""},"categories":[5],"tags":[11,1011,27,14,12,338,16909,41938,337,28],"class_list":{"0":"post-461307","1":"post","2":"type-post","3":"status-publish","4":"format-standard","5":"has-post-thumbnail","7":"category-international","8":"tag-actualites","9":"tag-fr","10":"tag-france","11":"tag-international","12":"tag-news","13":"tag-nicolas-maduro","14":"tag-oslo","15":"tag-prix-nobel-de-la-paix","16":"tag-venezuela","17":"tag-world"},"share_on_mastodon":{"url":"https:\/\/pubeurope.com\/@fr\/115370153210275405","error":""},"_links":{"self":[{"href":"https:\/\/www.europesays.com\/fr\/wp-json\/wp\/v2\/posts\/461307","targetHints":{"allow":["GET"]}}],"collection":[{"href":"https:\/\/www.europesays.com\/fr\/wp-json\/wp\/v2\/posts"}],"about":[{"href":"https:\/\/www.europesays.com\/fr\/wp-json\/wp\/v2\/types\/post"}],"author":[{"embeddable":true,"href":"https:\/\/www.europesays.com\/fr\/wp-json\/wp\/v2\/users\/2"}],"replies":[{"embeddable":true,"href":"https:\/\/www.europesays.com\/fr\/wp-json\/wp\/v2\/comments?post=461307"}],"version-history":[{"count":0,"href":"https:\/\/www.europesays.com\/fr\/wp-json\/wp\/v2\/posts\/461307\/revisions"}],"wp:featuredmedia":[{"embeddable":true,"href":"https:\/\/www.europesays.com\/fr\/wp-json\/wp\/v2\/media\/461308"}],"wp:attachment":[{"href":"https:\/\/www.europesays.com\/fr\/wp-json\/wp\/v2\/media?parent=461307"}],"wp:term":[{"taxonomy":"category","embeddable":true,"href":"https:\/\/www.europesays.com\/fr\/wp-json\/wp\/v2\/categories?post=461307"},{"taxonomy":"post_tag","embeddable":true,"href":"https:\/\/www.europesays.com\/fr\/wp-json\/wp\/v2\/tags?post=461307"}],"curies":[{"name":"wp","href":"https:\/\/api.w.org\/{rel}","templated":true}]}}