{"id":461309,"date":"2025-10-14T02:26:12","date_gmt":"2025-10-14T02:26:12","guid":{"rendered":"https:\/\/www.europesays.com\/fr\/461309\/"},"modified":"2025-10-14T02:26:12","modified_gmt":"2025-10-14T02:26:12","slug":"au-sommet-pour-la-paix-a-gaza-la-poignee-de-main-musclee-entre-donald-trump-et-emmanuel-macron","status":"publish","type":"post","link":"https:\/\/www.europesays.com\/fr\/461309\/","title":{"rendered":"Au \u00ab\u00a0Sommet pour la Paix\u00a0\u00bb \u00e0 Gaza, la poign\u00e9e de main muscl\u00e9e entre Donald Trump et Emmanuel Macron"},"content":{"rendered":"<p class=\"article-p mdl\">C&rsquo;est une poign\u00e9e de main qui en dit long. Pendant plus de 30 secondes, ce lundi 13 octobre, les pr\u00e9sidents Emmanuel Macron et Donald Trump se sont serr\u00e9 la main,\u00a0\u00e9changeant sourires forc\u00e9s et regards appuy\u00e9s, chacun semblant vouloir prendre l&rsquo;ascendant.\u00a0<\/p>\n<p class=\"article-p mdl\">Une passe d&rsquo;armes qui s&rsquo;est poursuivi plus tard, lors du discours de Donald Trump, quand ce dernier a remerci\u00e9 l&rsquo;ensemble des pays ayant particip\u00e9 \u00e0 la signature de l&rsquo;accord de paix entre Isra\u00ebl et le Hamas,\u00a0\u00e0 Charm el-Cheikh en \u00c9gypte.<\/p>\n<p class=\"article-p mdl\">\u00ab\u00a0Merci beaucoup Emmanuel.\u00a0J\u2019imaginais qu\u2019Emmanuel Macron \u00e9tait quelque part derri\u00e8re moi\u00a0\u00bb, a d\u00e9clar\u00e9 le pr\u00e9sident am\u00e9ricain, en se retournant, tentant de trouver celui qui l&rsquo;appelle son \u00ab\u00a0ami\u00a0\u00bb. \u00ab\u00a0Ou est-il ?\u00a0\u00bb, se demande alors Donald Trump. \u00ab\u00a0Je n\u2019arrive pas \u00e0 croire que tu te fais discret aujourd\u2019hui\u00a0\u00bb, lui a-t-il alors lanc\u00e9.<\/p>\n<blockquote class=\"twitter-tweet\">\n<p lang=\"fr\" dir=\"ltr\">\u00ab\u00a0J&rsquo;ai du mal \u00e0 croire que tu fais profil bas aujourd&rsquo;hui\u00a0\u00bb<\/p>\n<p>Donald Trump tacle Emmanuel Macron au moment de remercier les pays qui ont eu un r\u00f4le dans l&rsquo;accord de paix \u00e0 Gaza <a href=\"https:\/\/twitter.com\/hashtag\/BFM2?src=hash&amp;ref_src=twsrc%5Etfw\" target=\"_blank\" rel=\"noopener\">#BFM2<\/a> <a href=\"https:\/\/t.co\/rfIToP196Z\">pic.twitter.com\/rfIToP196Z<\/a><\/p>\n<p>\u2014 BFMTV (@BFMTV) <a href=\"https:\/\/twitter.com\/BFMTV\/status\/1977791428018233346?ref_src=twsrc%5Etfw\" target=\"_blank\" rel=\"noopener\">October 13, 2025<\/a><\/p><\/blockquote>\n<p class=\"article-p mdl\">Pour le chef de l&rsquo;\u00c9tat, il \u00e9tait incontournable de se rendre \u00e0 Charm el-Cheikh, malgr\u00e9 la situation politique en France. Il\u00a0a insist\u00e9 sur le \u00ab\u00a0r\u00f4le\u00a0\u00bb que Paris peut jouer dans la mise en \u0153uvre du plan Trump entre Isra\u00ebl et le mouvement islamiste palestinien Hamas pour mettre fin \u00e0 la guerre \u00e0 Gaza.\u00a0\u00ab\u00a0Au c\u00f4t\u00e9 de l&rsquo;Autorit\u00e9 palestinienne\u00a0\u00bb, pour \u00ab\u00a0veiller \u00e0 ce qu&rsquo;elle ait sa part\u00a0\u00bb dans la gouvernance du territoire, encore incertaine, a-t-il expliqu\u00e9.<\/p>\n<p class=\"article-p mdl\">Il a d&rsquo;ailleurs eu un entretien sur place avec le pr\u00e9sident palestinien Mahmoud Abbas, invit\u00e9 \u00e0 la derni\u00e8re minute, \u00ab\u00a0un tr\u00e8s bon signal\u00a0\u00bb, selon lui, de la \u00ab\u00a0reconnaissance du r\u00f4le de l&rsquo;Autorit\u00e9 palestinienne comme instance l\u00e9gitime\u00a0\u00bb.<\/p>\n<p class=\"article-p mdl\">Un peu plus tard, il a \u0153uvr\u00e9, d&rsquo;apr\u00e8s son entourage, \u00e0 la poign\u00e9e de main entre Mahmoud Abbas et Donald Trump, accompagnant lui-m\u00eame le dirigeant palestinien jusqu&rsquo;au pr\u00e9sident am\u00e9ricain.<\/p>\n<p>            Paris affirme avoir \u00ab\u00a0ouvert la voie\u00a0\u00bb<\/p>\n<p class=\"article-p mdl\">La France ne fait pas partie des m\u00e9diateurs du cessez-le-feu (\u00c9gypte, Qatar, Turquie, \u00c9tats-Unis), et n&rsquo;est pas sous les projecteurs du sommet de lundi. En revanche,\u00a0Paris revendique d&rsquo;avoir \u00ab\u00a0ouvert la voie\u00a0\u00bb \u00e0 cette r\u00e9solution avec le plan de paix franco-saoudien \u00e0 l&rsquo;ONU. Et avec la\u00a0<a class=\"link\" href=\"https:\/\/www.rtl.fr\/actu\/international\/en-direct-reconnaissance-de-la-palestine-suivez-le-discours-d-emmanuel-macron-a-l-onu-7900544186\" target=\"_blank\" rel=\"noopener\">reconnaissance historique d&rsquo;un \u00c9tat de Palestine le 22 septembre<\/a>\u00a0par le pr\u00e9sident Emmanuel\u00a0Macron.\u00a0<\/p>\n<p class=\"article-p mdl\">Ce dernier veut donc avancer ses pions.\u00a0Sur la mise en place d&rsquo;une \u00ab\u00a0force de stabilisation internationale\u00a0\u00bb, pr\u00e9vue par son initiative et reprise dans le plan Trump mais dont les contours restent \u00e0 d\u00e9finir. Et surtout sur la n\u00e9cessit\u00e9 de pr\u00e9server \u00ab\u00a0un chemin pour permettre justement les deux \u00c9tats\u00a0\u00bb, palestinien et isra\u00e9lien, \u00ab\u00a0la seule perspective politique\u00a0\u00bb en vue d&rsquo;une \u00ab\u00a0paix durable\u00a0\u00bb, a plaid\u00e9 le chef de l&rsquo;\u00c9tat.<\/p>\n<p class=\"article-p mdl\">Le plan am\u00e9ricain ne ferme plus la porte \u00e0 un \u00c9tat palestinien, mais le Premier ministre isra\u00e9lien ne veut toujours pas en entendre parler, et d\u00e9nonce r\u00e9guli\u00e8rement la position fran\u00e7aise.\u00a0D\u00e9sign\u00e9 persona non grata en Isra\u00ebl jusqu&rsquo;\u00e0 nouvel ordre, Emmanuel\u00a0Macron\u00a0n&rsquo;aura pas l&rsquo;occasion de d\u00e9fendre sa cause aupr\u00e8s de Benjamin Netanyahu en \u00c9gypte : sa venue, annonc\u00e9e in extremis, a \u00e9t\u00e9 aussit\u00f4t annul\u00e9e, officiellement en raison d&rsquo;une f\u00eate juive.<\/p>\n<p>    La r\u00e9daction vous recommande<\/p>\n<p class=\"s-newsletter__title\">\n                L\u2019actualit\u00e9 par la r\u00e9daction de RTL dans votre bo\u00eete mail.\n            <\/p>\n<p class=\"s-newsletter__subtitle\">\n                Gr\u00e2ce \u00e0 votre compte RTL abonnez-vous \u00e0 la newsletter RTL info pour suivre toute l&rsquo;actualit\u00e9 au quotidien\n            <\/p>\n<p>\n                                    Lire la suite\n                                <\/p>\n<p>                            <script async src=\"https:\/\/platform.twitter.com\/widgets.js\" charset=\"utf-8\"><\/script><\/p>\n","protected":false},"excerpt":{"rendered":"C&rsquo;est une poign\u00e9e de main qui en dit long. Pendant plus de 30 secondes, ce lundi 13 octobre,&hellip;\n","protected":false},"author":2,"featured_media":461310,"comment_status":"","ping_status":"","sticky":false,"template":"","format":"standard","meta":{"footnotes":""},"categories":[4],"tags":[11,3259,75,4303,1073,73,107,1011,27,665,9267,14,664,12,2403,3518,25],"class_list":{"0":"post-461309","1":"post","2":"type-post","3":"status-publish","4":"format-standard","5":"has-post-thumbnail","7":"category-france","8":"tag-actualites","9":"tag-conflit-israelo-palestinien","10":"tag-donald-trump","11":"tag-egypte","12":"tag-emmanuel-macron","13":"tag-etats-unis","14":"tag-fil-info","15":"tag-fr","16":"tag-france","17":"tag-gaza","18":"tag-genocide","19":"tag-international","20":"tag-israel","21":"tag-news","22":"tag-paix","23":"tag-palestine","24":"tag-republique-francaise"},"share_on_mastodon":{"url":"https:\/\/pubeurope.com\/@fr\/115370156674771193","error":""},"_links":{"self":[{"href":"https:\/\/www.europesays.com\/fr\/wp-json\/wp\/v2\/posts\/461309","targetHints":{"allow":["GET"]}}],"collection":[{"href":"https:\/\/www.europesays.com\/fr\/wp-json\/wp\/v2\/posts"}],"about":[{"href":"https:\/\/www.europesays.com\/fr\/wp-json\/wp\/v2\/types\/post"}],"author":[{"embeddable":true,"href":"https:\/\/www.europesays.com\/fr\/wp-json\/wp\/v2\/users\/2"}],"replies":[{"embeddable":true,"href":"https:\/\/www.europesays.com\/fr\/wp-json\/wp\/v2\/comments?post=461309"}],"version-history":[{"count":0,"href":"https:\/\/www.europesays.com\/fr\/wp-json\/wp\/v2\/posts\/461309\/revisions"}],"wp:featuredmedia":[{"embeddable":true,"href":"https:\/\/www.europesays.com\/fr\/wp-json\/wp\/v2\/media\/461310"}],"wp:attachment":[{"href":"https:\/\/www.europesays.com\/fr\/wp-json\/wp\/v2\/media?parent=461309"}],"wp:term":[{"taxonomy":"category","embeddable":true,"href":"https:\/\/www.europesays.com\/fr\/wp-json\/wp\/v2\/categories?post=461309"},{"taxonomy":"post_tag","embeddable":true,"href":"https:\/\/www.europesays.com\/fr\/wp-json\/wp\/v2\/tags?post=461309"}],"curies":[{"name":"wp","href":"https:\/\/api.w.org\/{rel}","templated":true}]}}