{"id":461317,"date":"2025-10-14T02:31:22","date_gmt":"2025-10-14T02:31:22","guid":{"rendered":"https:\/\/www.europesays.com\/fr\/461317\/"},"modified":"2025-10-14T02:31:22","modified_gmt":"2025-10-14T02:31:22","slug":"cci-formation-inaugure-son-nouveau-campus-de-4-000-metres-carres","status":"publish","type":"post","link":"https:\/\/www.europesays.com\/fr\/461317\/","title":{"rendered":"CCI Formation inaugure son nouveau campus de 4 000 m\u00e8tres carr\u00e9s,&#8230;"},"content":{"rendered":"<p>Le nouveau campus de Nancy de CCI Formation (filiale de CCI Grand Nancy M\u00e9tropole Meurthe-et-Moselle) a \u00e9t\u00e9 inaugur\u00e9 le 8\u00a0octobre\u00a02025 \u00e0 Laxou. \u00ab\u00a0Nous avons eu l\u2019opportunit\u00e9 de devenir propri\u00e9taires de cet ancien site industriel disposant d\u2019une surface de 4\u00a0200 m\u00e8tres carr\u00e9s\u00a0\u00bb, souligne le pr\u00e9sident de la CCI Fran\u00e7ois P\u00e9lissier, satisfait de ce regroupement des forces sur la m\u00e9tropole. Le b\u00e2timent r\u00e9nov\u00e9 \u2013 pour 6\u00a0M\u20ac &#8211; comprend \u00ab\u00a035 salles de formation, \u00e9quip\u00e9es de nouvelles technologies\u00a0\u00bb (telles que la \u00ab\u00a0Jobibox\u00a0\u00bb pour la cr\u00e9ation de CV vid\u00e9os gr\u00e2ce \u00e0 l\u2019IA), des salles de coworking, un restaurant, un \u00e9tage pour la FC,\u00a0etc. L\u2019OF consulaire va reconstruire d\u2019ici deux ans un b\u00e2timent \u00e0 proximit\u00e9, les deux op\u00e9rations permettant d\u2019atteindre \u00ab\u00a09\u00a0500 m\u00e8tres carr\u00e9s pour un total de 16\u00a0M\u20ac\u00a0\u00bb (40\u00a0% de fonds propres, 40\u00a0% de pr\u00eats bancaires et les apports de partenaires, dont 2\u00a0M\u20ac de la r\u00e9gion Grand Est).\t\t\t\t\t<\/p>\n<p><b>Cette d\u00e9p\u00eache est r\u00e9serv\u00e9e aux abonn\u00e9s<\/b><\/p>\n<p>Il vous reste 45 % de cette d\u00e9p\u00eache \u00e0 d\u00e9couvrir.<\/p>\n<p><\/p>\n<ul>\n<li>Retrouver l\u2019int\u00e9gralit\u00e9 de cette d\u00e9p\u00eache et tous les contenus de la m\u00eame th\u00e9matique<\/li>\n<li>Toute l\u2019actualit\u00e9 strat\u00e9gique d\u00e9crypt\u00e9e par nos journalistes experts<\/li>\n<li>Information fiable, neutre et r\u00e9active<\/li>\n<li>R\u00e9ception par email personnalisable<\/li>\n<\/ul>\n<p>\n\t\t\t\t\t\t\t\t\tTESTER GRATUITEMENT PENDANT 1 MOIS\n\t\t\t\t\t\t\t\t<\/p>\n<p>\t\t\t\t\t\t\t\tTest gratuit et sans engagement<\/p>\n<p>\n\t\t\t\t\t\t\t\t\tD\u00e9j\u00e0 abonn\u00e9(e) ? Je me connecte\n\t\t\t\t\t\t\t\t<\/p>\n","protected":false},"excerpt":{"rendered":"Le nouveau campus de Nancy de CCI Formation (filiale de CCI Grand Nancy M\u00e9tropole Meurthe-et-Moselle) a \u00e9t\u00e9 inaugur\u00e9&hellip;\n","protected":false},"author":2,"featured_media":461318,"comment_status":"","ping_status":"","sticky":false,"template":"","format":"standard","meta":{"footnotes":""},"categories":[9635],"tags":[1111,11,1777,674,1011,27,775,1702,12,25],"class_list":{"0":"post-461317","1":"post","2":"type-post","3":"status-publish","4":"format-standard","5":"has-post-thumbnail","7":"category-nancy","8":"tag-actu","9":"tag-actualites","10":"tag-eu","11":"tag-europe","12":"tag-fr","13":"tag-france","14":"tag-grand-est","15":"tag-nancy","16":"tag-news","17":"tag-republique-francaise"},"share_on_mastodon":{"url":"https:\/\/pubeurope.com\/@fr\/115370176292679760","error":""},"_links":{"self":[{"href":"https:\/\/www.europesays.com\/fr\/wp-json\/wp\/v2\/posts\/461317","targetHints":{"allow":["GET"]}}],"collection":[{"href":"https:\/\/www.europesays.com\/fr\/wp-json\/wp\/v2\/posts"}],"about":[{"href":"https:\/\/www.europesays.com\/fr\/wp-json\/wp\/v2\/types\/post"}],"author":[{"embeddable":true,"href":"https:\/\/www.europesays.com\/fr\/wp-json\/wp\/v2\/users\/2"}],"replies":[{"embeddable":true,"href":"https:\/\/www.europesays.com\/fr\/wp-json\/wp\/v2\/comments?post=461317"}],"version-history":[{"count":0,"href":"https:\/\/www.europesays.com\/fr\/wp-json\/wp\/v2\/posts\/461317\/revisions"}],"wp:featuredmedia":[{"embeddable":true,"href":"https:\/\/www.europesays.com\/fr\/wp-json\/wp\/v2\/media\/461318"}],"wp:attachment":[{"href":"https:\/\/www.europesays.com\/fr\/wp-json\/wp\/v2\/media?parent=461317"}],"wp:term":[{"taxonomy":"category","embeddable":true,"href":"https:\/\/www.europesays.com\/fr\/wp-json\/wp\/v2\/categories?post=461317"},{"taxonomy":"post_tag","embeddable":true,"href":"https:\/\/www.europesays.com\/fr\/wp-json\/wp\/v2\/tags?post=461317"}],"curies":[{"name":"wp","href":"https:\/\/api.w.org\/{rel}","templated":true}]}}