{"id":461329,"date":"2025-10-14T02:41:34","date_gmt":"2025-10-14T02:41:34","guid":{"rendered":"https:\/\/www.europesays.com\/fr\/461329\/"},"modified":"2025-10-14T02:41:34","modified_gmt":"2025-10-14T02:41:34","slug":"melesse-ou-seront-enterrees-les-nouvelles-poubelles-2","status":"publish","type":"post","link":"https:\/\/www.europesays.com\/fr\/461329\/","title":{"rendered":"Melesse. O\u00f9 seront enterr\u00e9es les nouvelles poubelles ?"},"content":{"rendered":"<p>La ville pr\u00e9voit trois\u00a0nouveaux emplacements pour accueillir de nouvelles grandes poubelles enterr\u00e9es. Ces derni\u00e8res sont nomm\u00e9es \u00a0points d\u2019apport volontaire\u00a0 (PAV) et sont g\u00e9r\u00e9es par le Smictom Valcobreizh.<\/p>\n<p>\u00a0Un PAV comprend deux colonnes enterr\u00e9es\u00a0: une pour les ordures m\u00e9nag\u00e8res et une pour le tri s\u00e9lectif\u00a0, indique une d\u00e9lib\u00e9ration du dernier conseil municipal. Ces nouvelles structures vont regrouper de mani\u00e8re permanente les d\u00e9chets de vingt-cinq \u00e0 trente\u00a0foyers vivants dans le centre bourg.<\/p>\n<p>\u00a0Il se substitue aux bacs individuels dans ces zones\u00a0, indique Marie-Edith Mac\u00e9, adjointe en charge des \u00e9quipements publics. \u00a0Son but est aussi de permettre aux usagers non-professionnels de l\u2019ensemble de la commune de d\u00e9poser leurs sacs en cas d\u2019oubli de pr\u00e9sentation de bac ou de surplus li\u00e9 \u00e0 un gros \u00e9v\u00e9nement.\u00a0<\/p>\n<p>Arr\u00eat minute<\/p>\n<p>\u00a0Au sein de la collectivit\u00e9, trois\u00a0emplacements ont \u00e9t\u00e9 d\u00e9finis\u00a0, indique l\u2019\u00e9lue. Deux PAV seront install\u00e9s place Saint-Germain, un autre rue de la M\u00e9zi\u00e8re, o\u00f9 stationnent souvent de nombreux conteneurs le long de la rue et un dernier place de l\u2019\u00e9glise c\u00f4t\u00e9 sud. \u00a0Ils seront pr\u00e8s des PAV d\u00e9j\u00e0 existants place de l\u2019\u00e9glise.\u00a0 R\u00e9guli\u00e8rement des d\u00e9chets sont d\u00e9pos\u00e9s en ext\u00e9rieur \u00e0 cet endroit.<\/p>\n<p>\u00a0Ceux de rue de La M\u00e9zi\u00e8re, seront situ\u00e9s en face de la poissonnerie et place Saint-Germain, les PAV seront en lieu et place des bacs a\u00e9riens\u00a0, ajoute l\u2019adjointe. La convention de partenariat sign\u00e9e par la ville indique qu\u2019une concertation pr\u00e9alable doit \u00eatre faite avec les utilisateurs et les riverains des PAV.<\/p>\n<p>Le co\u00fbt des conteneurs \u00e0 installer monte \u00e0 53\u00a0400\u00a0\u20ac. Le Smictom Valcobreizh prend en charge le financement \u00e0 100\u00a0% pour la fourniture des colonnes, mais les travaux de terrassement, de remblais et de finition sont assur\u00e9s par la commune avec une participation financi\u00e8re du Smictom \u00e0 hauteur de 4\u00a0000\u00a0\u20ac par PAV. Ce m\u00eame Smictom pr\u00e9conise la mise en \u0153uvre d\u2019un stationnement de type arr\u00eat minute, \u00e0 3\u00a0m\u00e8tres des nouvelles installations.<\/p>\n<p>\u00a0<\/p>\n","protected":false},"excerpt":{"rendered":"La ville pr\u00e9voit trois\u00a0nouveaux emplacements pour accueillir de nouvelles grandes poubelles enterr\u00e9es. Ces derni\u00e8res sont nomm\u00e9es \u00a0points d\u2019apport&hellip;\n","protected":false},"author":2,"featured_media":461095,"comment_status":"","ping_status":"","sticky":false,"template":"","format":"standard","meta":{"footnotes":""},"categories":[2821],"tags":[1111,11,829,42202,1777,674,1011,27,9113,12,1113,10959,584,25],"class_list":{"0":"post-461329","1":"post","2":"type-post","3":"status-publish","4":"format-standard","5":"has-post-thumbnail","7":"category-rennes","8":"tag-actu","9":"tag-actualites","10":"tag-bretagne","11":"tag-enterrees","12":"tag-eu","13":"tag-europe","14":"tag-fr","15":"tag-france","16":"tag-melesse","17":"tag-news","18":"tag-nouvelles","19":"tag-poubelles","20":"tag-rennes","21":"tag-republique-francaise"},"share_on_mastodon":{"url":"https:\/\/pubeurope.com\/@fr\/115370215589020554","error":""},"_links":{"self":[{"href":"https:\/\/www.europesays.com\/fr\/wp-json\/wp\/v2\/posts\/461329","targetHints":{"allow":["GET"]}}],"collection":[{"href":"https:\/\/www.europesays.com\/fr\/wp-json\/wp\/v2\/posts"}],"about":[{"href":"https:\/\/www.europesays.com\/fr\/wp-json\/wp\/v2\/types\/post"}],"author":[{"embeddable":true,"href":"https:\/\/www.europesays.com\/fr\/wp-json\/wp\/v2\/users\/2"}],"replies":[{"embeddable":true,"href":"https:\/\/www.europesays.com\/fr\/wp-json\/wp\/v2\/comments?post=461329"}],"version-history":[{"count":0,"href":"https:\/\/www.europesays.com\/fr\/wp-json\/wp\/v2\/posts\/461329\/revisions"}],"wp:featuredmedia":[{"embeddable":true,"href":"https:\/\/www.europesays.com\/fr\/wp-json\/wp\/v2\/media\/461095"}],"wp:attachment":[{"href":"https:\/\/www.europesays.com\/fr\/wp-json\/wp\/v2\/media?parent=461329"}],"wp:term":[{"taxonomy":"category","embeddable":true,"href":"https:\/\/www.europesays.com\/fr\/wp-json\/wp\/v2\/categories?post=461329"},{"taxonomy":"post_tag","embeddable":true,"href":"https:\/\/www.europesays.com\/fr\/wp-json\/wp\/v2\/tags?post=461329"}],"curies":[{"name":"wp","href":"https:\/\/api.w.org\/{rel}","templated":true}]}}