{"id":461330,"date":"2025-10-14T02:42:16","date_gmt":"2025-10-14T02:42:16","guid":{"rendered":"https:\/\/www.europesays.com\/fr\/461330\/"},"modified":"2025-10-14T02:42:16","modified_gmt":"2025-10-14T02:42:16","slug":"la-galerie-jonathan-roze-a-ouvert-place-du-parlement-a-rennes","status":"publish","type":"post","link":"https:\/\/www.europesays.com\/fr\/461330\/","title":{"rendered":"La galerie Jonathan Roze a ouvert place du Parlement \u00e0 Rennes"},"content":{"rendered":"<p>Apr\u00e8s avoir \u00e9t\u00e9 pendant quelques mois rue Leperdit, \u00e0 Rennes (<a href=\"https:\/\/www.ouest-france.fr\/bretagne\/ille-et-vilaine\/\" target=\"_blank\" rel=\"noopener\">Ille-et-Vilaine<\/a>), la galerie Jonathan Roze a pris, d\u00e9finitivement, ses quartiers place du Parlement.<\/p>\n<p>Un nouvel emplacement attendu par le responsable Jonathan Roze\u00a0:\u00a0Je souhaitais un espace plus central et plus vaste pour pouvoir organiser des expositions collectives et individuelles d\u2019ampleur.\u00a0<\/p>\n<p><a href=\"https:\/\/www.ouest-france.fr\/economie\/commerce\/rennes\/\" target=\"_blank\" rel=\"noopener\">Retrouvez l\u2019actualit\u00e9 des commerces \u00e0 Rennes<\/a><\/p>\n<p>Plusieurs \u0153uvres \u00e0 d\u00e9couvrir<\/p>\n<p>Avec son parquet d\u2019\u00e9poque, ses poutres et sa fa\u00e7ade typique, elle a les atouts pour s\u2019inscrire dans le paysage contemporain breton.<\/p>\n<p>\u00c0 l\u2019occasion de cette installation, le public pourra d\u00e9couvrir des \u0153uvres d\u2019Adrian Falkner, artiste Suisse\u00a0; les gouaches sur papier et huiles sur toile de Matthieu Pommier. Mais aussi les c\u00e9ramiques de Pia Chevalier, les huiles sur bois de Karolina Orzelek, artiste d\u2019origine polonaise et les derni\u00e8res peintures sur papier et la sculpture in\u00e9dite, en m\u00e9tal peint et \u00e9maill\u00e9, du Barcelonais Sixe Paredes.<\/p>\n<p><strong>Galerie Jonathan Roze<\/strong>\u00a0: 4, place du Parlement de Bretagne. Ouvert du mardi au samedi, de 10\u00a0h\u00a030 \u00e0 13\u00a0h et de 14\u00a0h \u00e0 18\u00a0h\u00a030. www.jonathanroze.com<\/p>\n<p>\u00a0<\/p>\n","protected":false},"excerpt":{"rendered":"Apr\u00e8s avoir \u00e9t\u00e9 pendant quelques mois rue Leperdit, \u00e0 Rennes (Ille-et-Vilaine), la galerie Jonathan Roze a pris, d\u00e9finitivement,&hellip;\n","protected":false},"author":2,"featured_media":461331,"comment_status":"","ping_status":"","sticky":false,"template":"","format":"standard","meta":{"footnotes":""},"categories":[2821],"tags":[1111,11,829,1777,674,1011,27,10486,14171,12,15316,1050,5536,584,25,58595],"class_list":{"0":"post-461330","1":"post","2":"type-post","3":"status-publish","4":"format-standard","5":"has-post-thumbnail","7":"category-rennes","8":"tag-actu","9":"tag-actualites","10":"tag-bretagne","11":"tag-eu","12":"tag-europe","13":"tag-fr","14":"tag-france","15":"tag-galerie","16":"tag-jonathan","17":"tag-news","18":"tag-ouvert","19":"tag-parlement","20":"tag-place","21":"tag-rennes","22":"tag-republique-francaise","23":"tag-roze"},"share_on_mastodon":{"url":"https:\/\/pubeurope.com\/@fr\/115370219483775357","error":""},"_links":{"self":[{"href":"https:\/\/www.europesays.com\/fr\/wp-json\/wp\/v2\/posts\/461330","targetHints":{"allow":["GET"]}}],"collection":[{"href":"https:\/\/www.europesays.com\/fr\/wp-json\/wp\/v2\/posts"}],"about":[{"href":"https:\/\/www.europesays.com\/fr\/wp-json\/wp\/v2\/types\/post"}],"author":[{"embeddable":true,"href":"https:\/\/www.europesays.com\/fr\/wp-json\/wp\/v2\/users\/2"}],"replies":[{"embeddable":true,"href":"https:\/\/www.europesays.com\/fr\/wp-json\/wp\/v2\/comments?post=461330"}],"version-history":[{"count":0,"href":"https:\/\/www.europesays.com\/fr\/wp-json\/wp\/v2\/posts\/461330\/revisions"}],"wp:featuredmedia":[{"embeddable":true,"href":"https:\/\/www.europesays.com\/fr\/wp-json\/wp\/v2\/media\/461331"}],"wp:attachment":[{"href":"https:\/\/www.europesays.com\/fr\/wp-json\/wp\/v2\/media?parent=461330"}],"wp:term":[{"taxonomy":"category","embeddable":true,"href":"https:\/\/www.europesays.com\/fr\/wp-json\/wp\/v2\/categories?post=461330"},{"taxonomy":"post_tag","embeddable":true,"href":"https:\/\/www.europesays.com\/fr\/wp-json\/wp\/v2\/tags?post=461330"}],"curies":[{"name":"wp","href":"https:\/\/api.w.org\/{rel}","templated":true}]}}